{"id":68129,"date":"2024-10-05T14:00:32","date_gmt":"2024-10-05T14:00:32","guid":{"rendered":"https:\/\/soccer.aidatasports.com\/es\/uncategorized\/racing-ferrol-vs-elche-oct-05-2024-1200-utc\/"},"modified":"2024-10-05T14:00:32","modified_gmt":"2024-10-05T14:00:32","slug":"racing-ferrol-vs-elche-oct-05-2024-1200-utc","status":"publish","type":"post","link":"https:\/\/soccer.aidatasports.com\/es\/uncategorized\/racing-ferrol-vs-elche-oct-05-2024-1200-utc\/","title":{"rendered":"Racing Ferrol vs Elche Oct 05 2024 12:00 UTC"},"content":{"rendered":"<h1>Racing Ferrol logra una victoria ag\u00f3nica ante Elche en un partido tenso<\/h1>\n<p>El Racing Ferrol se impuso al Elche por 1-0 en un partido emocionante que se defini\u00f3 en los primeros minutos. El \u00fanico gol del encuentro lleg\u00f3 en el minuto 28, obra de Eneko Jauregi, quien aprovech\u00f3 un pase preciso para batir al portero rival.<\/p>\n<p>El encuentro estuvo marcado por la intensidad y la lucha en el centro del campo, con ambos equipos buscando el dominio del juego. El Elche, con mayor posesi\u00f3n de bal\u00f3n (72% frente al 28% del Racing Ferrol), intent\u00f3 generar peligro con su juego combinativo, pero se encontr\u00f3 con una defensa f\u00e9rrea del equipo gallego.<\/p>\n<p>El Racing Ferrol, por su parte, se mostr\u00f3 efectivo en ataque, aprovechando las pocas oportunidades que tuvo para generar peligro. La presi\u00f3n alta y la contundencia en defensa fueron claves para la victoria del equipo local.<\/p>\n<p>El partido estuvo marcado por las tarjetas amarillas. El Racing Ferrol recibi\u00f3 tres amonestaciones, mientras que el Elche recibi\u00f3 cuatro.<\/p>\n<p>El resultado deja al Racing Ferrol en la parte alta de la tabla, mientras que el Elche se mantiene en la zona media.<\/p>\n<p>Sustituciones en el equipo de racing ferrol: en el minuto 39 ingres\u00f3 F. Manzanara y sali\u00f3 L. Perea, en el minuto 58 ingres\u00f3 A. Gelardo y sali\u00f3 Bebe, en el minuto 58 ingres\u00f3 A. Sanz y sali\u00f3 A. Lopez, en el minuto 69 ingres\u00f3 J. Delmas y sali\u00f3 Moi, en el minuto 69 ingres\u00f3 A. Gimenez y sali\u00f3 E. Jauregi <\/p>\n<p>Sustituciones en el equipo de elche: en el minuto 66 ingres\u00f3 N. Castro y sali\u00f3 G. Hernandez, en el minuto 66 ingres\u00f3 Josan y sali\u00f3 M. Barzic, en el minuto 77 ingres\u00f3 O. Plano y sali\u00f3 A. Nunez, en el minuto 77 ingres\u00f3 S. Kaba y sali\u00f3 M. El Ghezouani, en el minuto 86 ingres\u00f3 C. Salvador y sali\u00f3 B. Diaby <\/p>\n<p>Los equipos alinearon de la siguiente manera:<\/p>\n<div class=\"lineups-container\">\n<style>\n                .lineups-container {\n                    display: flex;\n                    justify-content: space-around;\n                    flex-wrap: wrap;\n                }\n                .team-lineup {\n                    width: 49%;\n                    margin-bottom: 20px;\n                    border: 1px solid #ccc;\n                    padding: 5px;\n                }\n                .team-lineup h3 {\n                    text-align: center;\n                    margin-bottom: 10px;\n                }\n                .players-container {\n                    display: flex;\n                    justify-content: space-between;\n                }\n                .players-container div {\n                    width: 100%;\n                }\n                .player {\n                    display: flex;\n                    align-items: center;\n                    margin-bottom: 5px;\n                }\n                .player img {\n                    width: 30px;\n                    height: 30px;\n                    border-radius: 50%;\n                    margin-right: 10px;\n                }\n                    @media (max-width: 600px) {\n                    .team-lineup {\n                        width: 100%;\n                    }\n                }\n                <\/style>\n<div class=\"team-lineup\">\n<h3>Racing Ferrol<\/h3>\n<p><img decoding=\"async\" src=\"https:\/\/media.api-sports.io\/football\/teams\/9409.png\" alt=\"Racing Ferrol\" style=\"width: 50px; height: 50px;\"><\/p>\n<div class=\"players-container\">\n<div>\n<h4>Titulares:<\/h4>\n<div class=\"player\"><a href=\"https:\/\/soccer.aidatasports.com\/es\/players\/Jes\u00fas-Ruiz-Su\u00e1rez-135152\"><img decoding=\"async\" src=\"https:\/\/soccer.aidatasports.com\/images\/players\/135152.png\" alt=\"Jes\u00fas Ruiz Su\u00e1rez\" onerror=\"this.onerror=null;this.src='https:\/\/soccer.aidatasports.com\/images\/players\/default-player.png';\"><span>Jes\u00fas Ruiz Su\u00e1rez<\/span><\/a><\/div>\n<div class=\"player\"><a href=\"https:\/\/soccer.aidatasports.com\/es\/players\/R\u00f3ber-46757\"><img decoding=\"async\" src=\"https:\/\/soccer.aidatasports.com\/images\/players\/46757.png\" alt=\"R\u00f3ber\" onerror=\"this.onerror=null;this.src='https:\/\/soccer.aidatasports.com\/images\/players\/default-player.png';\"><span>R\u00f3ber<\/span><\/a><\/div>\n<div class=\"player\"><a href=\"https:\/\/soccer.aidatasports.com\/es\/players\/Aleksa-Puric-428799\"><img decoding=\"async\" src=\"https:\/\/soccer.aidatasports.com\/images\/players\/428799.png\" alt=\"Aleksa Puric\" onerror=\"this.onerror=null;this.src='https:\/\/soccer.aidatasports.com\/images\/players\/default-player.png';\"><span>Aleksa Puric<\/span><\/a><\/div>\n<div class=\"player\"><a href=\"https:\/\/soccer.aidatasports.com\/es\/players\/Naldo-47330\"><img decoding=\"async\" src=\"https:\/\/soccer.aidatasports.com\/images\/players\/47330.png\" alt=\"Naldo\" onerror=\"this.onerror=null;this.src='https:\/\/soccer.aidatasports.com\/images\/players\/default-player.png';\"><span>Naldo<\/span><\/a><\/div>\n<div class=\"player\"><a href=\"https:\/\/soccer.aidatasports.com\/es\/players\/Moises-Delgado-47479\"><img decoding=\"async\" src=\"https:\/\/soccer.aidatasports.com\/images\/players\/47479.png\" alt=\"Moises Delgado\" onerror=\"this.onerror=null;this.src='https:\/\/soccer.aidatasports.com\/images\/players\/default-player.png';\"><span>Moises Delgado<\/span><\/a><\/div>\n<div class=\"player\"><a href=\"https:\/\/soccer.aidatasports.com\/es\/players\/Luis-Perea-46664\"><img decoding=\"async\" src=\"https:\/\/soccer.aidatasports.com\/images\/players\/46664.png\" alt=\"Luis Perea\" onerror=\"this.onerror=null;this.src='https:\/\/soccer.aidatasports.com\/images\/players\/default-player.png';\"><span>Luis Perea<\/span><\/a><\/div>\n<div class=\"player\"><a href=\"https:\/\/soccer.aidatasports.com\/es\/players\/Josu\u00e9-Dorrio-104850\"><img decoding=\"async\" src=\"https:\/\/soccer.aidatasports.com\/images\/players\/104850.png\" alt=\"Josu\u00e9 Dorrio\" onerror=\"this.onerror=null;this.src='https:\/\/soccer.aidatasports.com\/images\/players\/default-player.png';\"><span>Josu\u00e9 Dorrio<\/span><\/a><\/div>\n<div class=\"player\"><a href=\"https:\/\/soccer.aidatasports.com\/es\/players\/Josep-Se\u00f1\u00e9-104841\"><img decoding=\"async\" src=\"https:\/\/soccer.aidatasports.com\/images\/players\/104841.png\" alt=\"Josep Se\u00f1\u00e9\" onerror=\"this.onerror=null;this.src='https:\/\/soccer.aidatasports.com\/images\/players\/default-player.png';\"><span>Josep Se\u00f1\u00e9<\/span><\/a><\/div>\n<div class=\"player\"><a href=\"https:\/\/soccer.aidatasports.com\/es\/players\/Alex-L\u00f3pez-7015\"><img decoding=\"async\" src=\"https:\/\/soccer.aidatasports.com\/images\/players\/7015.png\" alt=\"Alex L\u00f3pez\" onerror=\"this.onerror=null;this.src='https:\/\/soccer.aidatasports.com\/images\/players\/default-player.png';\"><span>Alex L\u00f3pez<\/span><\/a><\/div>\n<div class=\"player\"><a href=\"https:\/\/soccer.aidatasports.com\/es\/players\/Beb\u00e9-47553\"><img decoding=\"async\" src=\"https:\/\/soccer.aidatasports.com\/images\/players\/47553.png\" alt=\"Beb\u00e9\" onerror=\"this.onerror=null;this.src='https:\/\/soccer.aidatasports.com\/images\/players\/default-player.png';\"><span>Beb\u00e9<\/span><\/a><\/div>\n<div class=\"player\"><a href=\"https:\/\/soccer.aidatasports.com\/es\/players\/Eneko-Jauregi-104903\"><img decoding=\"async\" src=\"https:\/\/soccer.aidatasports.com\/images\/players\/104903.png\" alt=\"Eneko Jauregi\" onerror=\"this.onerror=null;this.src='https:\/\/soccer.aidatasports.com\/images\/players\/default-player.png';\"><span>Eneko Jauregi<\/span><\/a><\/div>\n<\/div>\n<div>\n<h4>Suplentes:<\/h4>\n<div class=\"player\"><a href=\"https:\/\/soccer.aidatasports.com\/es\/players\/Francisco-De-La-Manzanara-47465\"><img decoding=\"async\" src=\"https:\/\/soccer.aidatasports.com\/images\/players\/47465.png\" alt=\"Francisco De La Manzanara\" onerror=\"this.onerror=null;this.src='https:\/\/soccer.aidatasports.com\/images\/players\/default-player.png';\"><span>Francisco De La Manzanara<\/span><\/a><\/div>\n<div class=\"player\"><a href=\"https:\/\/soccer.aidatasports.com\/es\/players\/Aitor-Gelardo-Vegara-237099\"><img decoding=\"async\" src=\"https:\/\/soccer.aidatasports.com\/images\/players\/237099.png\" alt=\"Aitor Gelardo Vegara\" onerror=\"this.onerror=null;this.src='https:\/\/soccer.aidatasports.com\/images\/players\/default-player.png';\"><span>Aitor Gelardo Vegara<\/span><\/a><\/div>\n<div class=\"player\"><a href=\"https:\/\/soccer.aidatasports.com\/es\/players\/\u00c1lvaro-Sanz-Catal\u00e1n-162167\"><img decoding=\"async\" src=\"https:\/\/soccer.aidatasports.com\/images\/players\/162167.png\" alt=\"\u00c1lvaro Sanz Catal\u00e1n\" onerror=\"this.onerror=null;this.src='https:\/\/soccer.aidatasports.com\/images\/players\/default-player.png';\"><span>\u00c1lvaro Sanz Catal\u00e1n<\/span><\/a><\/div>\n<div class=\"player\"><a href=\"https:\/\/soccer.aidatasports.com\/es\/players\/Juli\u00e1n-Delm\u00e1s-47048\"><img decoding=\"async\" src=\"https:\/\/soccer.aidatasports.com\/images\/players\/47048.png\" alt=\"Juli\u00e1n Delm\u00e1s\" onerror=\"this.onerror=null;this.src='https:\/\/soccer.aidatasports.com\/images\/players\/default-player.png';\"><span>Juli\u00e1n Delm\u00e1s<\/span><\/a><\/div>\n<div class=\"player\"><a href=\"https:\/\/soccer.aidatasports.com\/es\/players\/\u00c1lvaro-Gim\u00e9nez-46931\"><img decoding=\"async\" src=\"https:\/\/soccer.aidatasports.com\/images\/players\/46931.png\" alt=\"\u00c1lvaro Gim\u00e9nez\" onerror=\"this.onerror=null;this.src='https:\/\/soccer.aidatasports.com\/images\/players\/default-player.png';\"><span>\u00c1lvaro Gim\u00e9nez<\/span><\/a><\/div>\n<div class=\"player\"><a href=\"https:\/\/soccer.aidatasports.com\/es\/players\/Emilio-Bernad-163198\"><img decoding=\"async\" src=\"https:\/\/soccer.aidatasports.com\/images\/players\/163198.png\" alt=\"Emilio Bernad\" onerror=\"this.onerror=null;this.src='https:\/\/soccer.aidatasports.com\/images\/players\/default-player.png';\"><span>Emilio Bernad<\/span><\/a><\/div>\n<div class=\"player\"><a href=\"https:\/\/soccer.aidatasports.com\/es\/players\/Yoel-Rodr\u00edguez-47476\"><img decoding=\"async\" src=\"https:\/\/soccer.aidatasports.com\/images\/players\/47476.png\" alt=\"Yoel Rodr\u00edguez\" onerror=\"this.onerror=null;this.src='https:\/\/soccer.aidatasports.com\/images\/players\/default-player.png';\"><span>Yoel Rodr\u00edguez<\/span><\/a><\/div>\n<div class=\"player\"><a href=\"https:\/\/soccer.aidatasports.com\/es\/players\/David-Castro-135385\"><img decoding=\"async\" src=\"https:\/\/soccer.aidatasports.com\/images\/players\/135385.png\" alt=\"David Castro\" onerror=\"this.onerror=null;this.src='https:\/\/soccer.aidatasports.com\/images\/players\/default-player.png';\"><span>David Castro<\/span><\/a><\/div>\n<div class=\"player\"><a href=\"https:\/\/soccer.aidatasports.com\/es\/players\/Christian-Borrego-182472\"><img decoding=\"async\" src=\"https:\/\/soccer.aidatasports.com\/images\/players\/182472.png\" alt=\"Christian Borrego\" onerror=\"this.onerror=null;this.src='https:\/\/soccer.aidatasports.com\/images\/players\/default-player.png';\"><span>Christian Borrego<\/span><\/a><\/div>\n<div class=\"player\"><a href=\"https:\/\/soccer.aidatasports.com\/es\/players\/Manu-Vallejo-46782\"><img decoding=\"async\" src=\"https:\/\/soccer.aidatasports.com\/images\/players\/46782.png\" alt=\"Manu Vallejo\" onerror=\"this.onerror=null;this.src='https:\/\/soccer.aidatasports.com\/images\/players\/default-player.png';\"><span>Manu Vallejo<\/span><\/a><\/div>\n<\/div>\n<\/div>\n<\/div>\n<div class=\"team-lineup\">\n<h3>Elche<\/h3>\n<p><img decoding=\"async\" src=\"https:\/\/media.api-sports.io\/football\/teams\/797.png\" alt=\"Elche\" style=\"width: 50px; height: 50px;\"><\/p>\n<div class=\"players-container\">\n<div>\n<h4>Titulares:<\/h4>\n<div class=\"player\"><a href=\"https:\/\/soccer.aidatasports.com\/es\/players\/Mat\u00edas-Dituro-11346\"><img decoding=\"async\" src=\"https:\/\/soccer.aidatasports.com\/images\/players\/11346.png\" alt=\"Mat\u00edas Dituro\" onerror=\"this.onerror=null;this.src='https:\/\/soccer.aidatasports.com\/images\/players\/default-player.png';\"><span>Mat\u00edas Dituro<\/span><\/a><\/div>\n<div class=\"player\"><a href=\"https:\/\/soccer.aidatasports.com\/es\/players\/Bambo-Diaby-8746\"><img decoding=\"async\" src=\"https:\/\/soccer.aidatasports.com\/images\/players\/8746.png\" alt=\"Bambo Diaby\" onerror=\"this.onerror=null;this.src='https:\/\/soccer.aidatasports.com\/images\/players\/default-player.png';\"><span>Bambo Diaby<\/span><\/a><\/div>\n<div class=\"player\"><a href=\"https:\/\/soccer.aidatasports.com\/es\/players\/David-Affengruber-126640\"><img decoding=\"async\" src=\"https:\/\/soccer.aidatasports.com\/images\/players\/126640.png\" alt=\"David Affengruber\" onerror=\"this.onerror=null;this.src='https:\/\/soccer.aidatasports.com\/images\/players\/default-player.png';\"><span>David Affengruber<\/span><\/a><\/div>\n<div class=\"player\"><a href=\"https:\/\/soccer.aidatasports.com\/es\/players\/Matia-Barzi\u0107-436785\"><img decoding=\"async\" src=\"https:\/\/soccer.aidatasports.com\/images\/players\/436785.png\" alt=\"Matia Barzi\u0107\" onerror=\"this.onerror=null;this.src='https:\/\/soccer.aidatasports.com\/images\/players\/default-player.png';\"><span>Matia Barzi\u0107<\/span><\/a><\/div>\n<div class=\"player\"><a href=\"https:\/\/soccer.aidatasports.com\/es\/players\/Alvaro-Nunez-182661\"><img decoding=\"async\" src=\"https:\/\/soccer.aidatasports.com\/images\/players\/182661.png\" alt=\"Alvaro Nunez\" onerror=\"this.onerror=null;this.src='https:\/\/soccer.aidatasports.com\/images\/players\/default-player.png';\"><span>Alvaro Nunez<\/span><\/a><\/div>\n<div class=\"player\"><a href=\"https:\/\/soccer.aidatasports.com\/es\/players\/Nicol\u00e1s-Fern\u00e1ndez-75414\"><img decoding=\"async\" src=\"https:\/\/soccer.aidatasports.com\/images\/players\/75414.png\" alt=\"Nicol\u00e1s Fern\u00e1ndez\" onerror=\"this.onerror=null;this.src='https:\/\/soccer.aidatasports.com\/images\/players\/default-player.png';\"><span>Nicol\u00e1s Fern\u00e1ndez<\/span><\/a><\/div>\n<div class=\"player\"><a href=\"https:\/\/soccer.aidatasports.com\/es\/players\/Gerard-Hern\u00e1ndez-361347\"><img decoding=\"async\" src=\"https:\/\/soccer.aidatasports.com\/images\/players\/361347.png\" alt=\"Gerard Hern\u00e1ndez\" onerror=\"this.onerror=null;this.src='https:\/\/soccer.aidatasports.com\/images\/players\/default-player.png';\"><span>Gerard Hern\u00e1ndez<\/span><\/a><\/div>\n<div class=\"player\"><a href=\"https:\/\/soccer.aidatasports.com\/es\/players\/Aleix-Febas-46711\"><img decoding=\"async\" src=\"https:\/\/soccer.aidatasports.com\/images\/players\/46711.png\" alt=\"Aleix Febas\" onerror=\"this.onerror=null;this.src='https:\/\/soccer.aidatasports.com\/images\/players\/default-player.png';\"><span>Aleix Febas<\/span><\/a><\/div>\n<div class=\"player\"><a href=\"https:\/\/soccer.aidatasports.com\/es\/players\/Jose-Salinas-184407\"><img decoding=\"async\" src=\"https:\/\/soccer.aidatasports.com\/images\/players\/184407.png\" alt=\"Jose Salinas\" onerror=\"this.onerror=null;this.src='https:\/\/soccer.aidatasports.com\/images\/players\/default-player.png';\"><span>Jose Salinas<\/span><\/a><\/div>\n<div class=\"player\"><a href=\"https:\/\/soccer.aidatasports.com\/es\/players\/Mourad-El-Ghezouani-119223\"><img decoding=\"async\" src=\"https:\/\/soccer.aidatasports.com\/images\/players\/119223.png\" alt=\"Mourad El Ghezouani\" onerror=\"this.onerror=null;this.src='https:\/\/soccer.aidatasports.com\/images\/players\/default-player.png';\"><span>Mourad El Ghezouani<\/span><\/a><\/div>\n<div class=\"player\"><a href=\"https:\/\/soccer.aidatasports.com\/es\/players\/Agust\u00edn-\u00c1lvarez-278190\"><img decoding=\"async\" src=\"https:\/\/soccer.aidatasports.com\/images\/players\/278190.png\" alt=\"Agust\u00edn \u00c1lvarez\" onerror=\"this.onerror=null;this.src='https:\/\/soccer.aidatasports.com\/images\/players\/default-player.png';\"><span>Agust\u00edn \u00c1lvarez<\/span><\/a><\/div>\n<\/div>\n<div>\n<h4>Suplentes:<\/h4>\n<div class=\"player\"><a href=\"https:\/\/soccer.aidatasports.com\/es\/players\/Josan-46973\"><img decoding=\"async\" src=\"https:\/\/soccer.aidatasports.com\/images\/players\/46973.png\" alt=\"Josan\" onerror=\"this.onerror=null;this.src='https:\/\/soccer.aidatasports.com\/images\/players\/default-player.png';\"><span>Josan<\/span><\/a><\/div>\n<div class=\"player\"><a href=\"https:\/\/soccer.aidatasports.com\/es\/players\/Nicol\u00e1s-Castro-153372\"><img decoding=\"async\" src=\"https:\/\/soccer.aidatasports.com\/images\/players\/153372.png\" alt=\"Nicol\u00e1s Castro\" onerror=\"this.onerror=null;this.src='https:\/\/soccer.aidatasports.com\/images\/players\/default-player.png';\"><span>Nicol\u00e1s Castro<\/span><\/a><\/div>\n<div class=\"player\"><a href=\"https:\/\/soccer.aidatasports.com\/es\/players\/Owen-Bosch-486863\"><img decoding=\"async\" src=\"https:\/\/soccer.aidatasports.com\/images\/players\/486863.png\" alt=\"Owen Bosch\" onerror=\"this.onerror=null;this.src='https:\/\/soccer.aidatasports.com\/images\/players\/default-player.png';\"><span>Owen Bosch<\/span><\/a><\/div>\n<div class=\"player\"><a href=\"https:\/\/soccer.aidatasports.com\/es\/players\/Miguel-San-Rom\u00e1n-131551\"><img decoding=\"async\" src=\"https:\/\/soccer.aidatasports.com\/images\/players\/131551.png\" alt=\"Miguel San Rom\u00e1n\" onerror=\"this.onerror=null;this.src='https:\/\/soccer.aidatasports.com\/images\/players\/default-player.png';\"><span>Miguel San Rom\u00e1n<\/span><\/a><\/div>\n<div class=\"player\"><a href=\"https:\/\/soccer.aidatasports.com\/es\/players\/\u00c1lex-Mart\u00edn-119220\"><img decoding=\"async\" src=\"https:\/\/soccer.aidatasports.com\/images\/players\/119220.png\" alt=\"\u00c1lex Mart\u00edn\" onerror=\"this.onerror=null;this.src='https:\/\/soccer.aidatasports.com\/images\/players\/default-player.png';\"><span>\u00c1lex Mart\u00edn<\/span><\/a><\/div>\n<div class=\"player\"><a href=\"https:\/\/soccer.aidatasports.com\/es\/players\/Mario-Gaspar-1691\"><img decoding=\"async\" src=\"https:\/\/soccer.aidatasports.com\/images\/players\/1691.png\" alt=\"Mario Gaspar\" onerror=\"this.onerror=null;this.src='https:\/\/soccer.aidatasports.com\/images\/players\/default-player.png';\"><span>Mario Gaspar<\/span><\/a><\/div>\n<div class=\"player\"><a href=\"https:\/\/soccer.aidatasports.com\/es\/players\/Cristian-Salvador-46896\"><img decoding=\"async\" src=\"https:\/\/soccer.aidatasports.com\/images\/players\/46896.png\" alt=\"Cristian Salvador\" onerror=\"this.onerror=null;this.src='https:\/\/soccer.aidatasports.com\/images\/players\/default-player.png';\"><span>Cristian Salvador<\/span><\/a><\/div>\n<div class=\"player\"><a href=\"https:\/\/soccer.aidatasports.com\/es\/players\/Rodrigo-Mendoza-341371\"><img decoding=\"async\" src=\"https:\/\/soccer.aidatasports.com\/images\/players\/341371.png\" alt=\"Rodrigo Mendoza\" onerror=\"this.onerror=null;this.src='https:\/\/soccer.aidatasports.com\/images\/players\/default-player.png';\"><span>Rodrigo Mendoza<\/span><\/a><\/div>\n<div class=\"player\"><a href=\"https:\/\/soccer.aidatasports.com\/es\/players\/Yago-Santiago-284415\"><img decoding=\"async\" src=\"https:\/\/soccer.aidatasports.com\/images\/players\/284415.png\" alt=\"Yago Santiago\" onerror=\"this.onerror=null;this.src='https:\/\/soccer.aidatasports.com\/images\/players\/default-player.png';\"><span>Yago Santiago<\/span><\/a><\/div>\n<div class=\"player\"><a href=\"https:\/\/soccer.aidatasports.com\/es\/players\/\u00d3scar-Plano-47496\"><img decoding=\"async\" src=\"https:\/\/soccer.aidatasports.com\/images\/players\/47496.png\" alt=\"\u00d3scar Plano\" onerror=\"this.onerror=null;this.src='https:\/\/soccer.aidatasports.com\/images\/players\/default-player.png';\"><span>\u00d3scar Plano<\/span><\/a><\/div>\n<div class=\"player\"><a href=\"https:\/\/soccer.aidatasports.com\/es\/players\/Sory-Kaba-21714\"><img decoding=\"async\" src=\"https:\/\/soccer.aidatasports.com\/images\/players\/21714.png\" alt=\"Sory Kaba\" onerror=\"this.onerror=null;this.src='https:\/\/soccer.aidatasports.com\/images\/players\/default-player.png';\"><span>Sory Kaba<\/span><\/a><\/div>\n<\/div>\n<\/div>\n<\/div>\n<\/div>\n<div id=\"wg-api-football-game\"\n                    data-host=\"xxxxx\"\n                    data-key=\"xxxx\"\n                    data-id=\"1217584\"\n                    data-theme=\"\"\n                    data-refresh=\"15\"\n                    data-show-errors=\"false\"\n                    data-show-logos=\"true\"><br \/>\n                    class=\u00bbwg_loader\u00bb>\n                <\/div>\n<div id=\"wg-api-football-standings\"\n                    data-host=\"xxxx\"\n                    data-key=\"ddddd\"\n                    data-league=\"141\"\n                    data-team=\"\"\n                    data-season=\"2024\"\n                    data-theme=\"\"\n                    data-show-errors=\"false\"\n                    data-show-logos=\"true\"\n                    class=\"wg_loader\">\n                <\/div>\n<p>                <script\n                    type=\"module\"\n                    src=\"https:\/\/soccer.aidatasports.com\/wp-content\/customjs\/widgetslocal.js\">\n                <\/script><\/p>\n","protected":false},"excerpt":{"rendered":"<p>Racing Ferrol logra una victoria ag\u00f3nica ante Elche en un partido tenso El Racing Ferrol&hellip;<\/p>\n","protected":false},"author":1,"featured_media":68125,"comment_status":"open","ping_status":"open","sticky":false,"template":"","format":"standard","meta":{"content-type":"","_lmt_disableupdate":"","_lmt_disable":"","_league":1,"_fixture":1217584,"penci_pfeatured_image_ratio":"","penci_single_style":"","footnotes":""},"categories":[1],"tags":[873,6638],"class_list":["post-68129","post","type-post","status-publish","format-standard","has-post-thumbnail","hentry","category-uncategorized","tag-elche-spain-797","tag-racing-ferrol-spain-9409"],"_links":{"self":[{"href":"https:\/\/soccer.aidatasports.com\/es\/wp-json\/wp\/v2\/posts\/68129"}],"collection":[{"href":"https:\/\/soccer.aidatasports.com\/es\/wp-json\/wp\/v2\/posts"}],"about":[{"href":"https:\/\/soccer.aidatasports.com\/es\/wp-json\/wp\/v2\/types\/post"}],"author":[{"embeddable":true,"href":"https:\/\/soccer.aidatasports.com\/es\/wp-json\/wp\/v2\/users\/1"}],"replies":[{"embeddable":true,"href":"https:\/\/soccer.aidatasports.com\/es\/wp-json\/wp\/v2\/comments?post=68129"}],"version-history":[{"count":0,"href":"https:\/\/soccer.aidatasports.com\/es\/wp-json\/wp\/v2\/posts\/68129\/revisions"}],"wp:featuredmedia":[{"embeddable":true,"href":"https:\/\/soccer.aidatasports.com\/es\/wp-json\/wp\/v2\/media\/68125"}],"wp:attachment":[{"href":"https:\/\/soccer.aidatasports.com\/es\/wp-json\/wp\/v2\/media?parent=68129"}],"wp:term":[{"taxonomy":"category","embeddable":true,"href":"https:\/\/soccer.aidatasports.com\/es\/wp-json\/wp\/v2\/categories?post=68129"},{"taxonomy":"post_tag","embeddable":true,"href":"https:\/\/soccer.aidatasports.com\/es\/wp-json\/wp\/v2\/tags?post=68129"}],"curies":[{"name":"wp","href":"https:\/\/api.w.org\/{rel}","templated":true}]}}