{"id":62390,"date":"2024-09-27T21:01:24","date_gmt":"2024-09-27T21:01:24","guid":{"rendered":"https:\/\/soccer.aidatasports.com\/es\/uncategorized\/valladolid-vs-mallorca-sep-27-2024-1900-utc\/"},"modified":"2024-09-27T21:01:24","modified_gmt":"2024-09-27T21:01:24","slug":"valladolid-vs-mallorca-sep-27-2024-1900-utc","status":"publish","type":"post","link":"https:\/\/soccer.aidatasports.com\/es\/uncategorized\/valladolid-vs-mallorca-sep-27-2024-1900-utc\/","title":{"rendered":"Valladolid vs Mallorca Sep 27 2024 19:00 UTC"},"content":{"rendered":"<h1>Valladolid vs Mallorca: Un partido re\u00f1ido con victoria para el Mallorca<\/h1>\n<p>El Real Valladolid y el Real Mallorca protagonizaron un emocionante encuentro en la jornada 8 de La Liga, que finalmente se decant\u00f3 del lado del equipo balear con un marcador de 1-2.<\/p>\n<p>El partido comenz\u00f3 con ritmo y ambos equipos buscaron la porter\u00eda rival. Sin embargo, las ocasiones de gol escasearon en los primeros minutos. La primera tarjeta amarilla del partido lleg\u00f3 en el minuto 21 para el Valladolid, tras una falta de K. Perez. Unos minutos despu\u00e9s, en el 26&#8242;, M. Morlanes del Mallorca tambi\u00e9n vio la tarjeta amarilla.<\/p>\n<p>El primer gol del partido lleg\u00f3 en el minuto 59, obra de C. Larin, quien aprovech\u00f3 un buen pase de D. Rodr\u00edguez para batir al portero rival. El Mallorca se puso por delante en el marcador y control\u00f3 la posesi\u00f3n durante la segunda parte.<\/p>\n<p>En el minuto 83, Valery anot\u00f3 el segundo gol para el Mallorca, ampliando la ventaja de su equipo. El Valladolid intent\u00f3 reaccionar, pero se top\u00f3 con un Mallorca bien posicionado y que defend\u00eda con solidez.<\/p>\n<p>En el minuto 90, I. S\u00e1nchez anot\u00f3 un gol de consolaci\u00f3n para el Valladolid, pero el Mallorca se llev\u00f3 los tres puntos a casa.<\/p>\n<p><strong>Estad\u00edsticas:<\/strong><\/p>\n<p>Valladolid: 50% posesi\u00f3n, 13 tiros (1 a puerta, 8 fuera), 6 corners, 16 faltas, 3 amarillas, ninguna roja.<\/p>\n<p>Mallorca: 50% posesi\u00f3n, 17 tiros (6 a puerta, 8 fuera), 4 corners, 10 faltas, 2 amarillas, ninguna roja.<\/p>\n<p><strong>Resumen:<\/strong><\/p>\n<p>El Mallorca se impuso al Valladolid en un partido re\u00f1ido y con alternativas para ambos equipos. El conjunto balear fue m\u00e1s efectivo en ataque y supo defender su ventaja para llevarse la victoria.<\/p>\n<p>Sustituciones en el equipo de valladolid: en el minuto 51 ingres\u00f3 I. Sanchez y sali\u00f3 D. Machis, en el minuto 51 ingres\u00f3 R. C. Ruiz y sali\u00f3 L. Perez, en el minuto 65 ingres\u00f3 S. Juric y sali\u00f3 K. Perez, en el minuto 65 ingres\u00f3 M. Sylla y sali\u00f3 M. Martin, en el minuto 72 ingres\u00f3 M. Maroto y sali\u00f3 D. Torres <\/p>\n<p>Sustituciones en el equipo de mallorca: en el minuto 65 ingres\u00f3 O. Mascarell y sali\u00f3 M. Morlanes, en el minuto 75 ingres\u00f3 A. Prats y sali\u00f3 C. Larin, en el minuto 76 ingres\u00f3 Chiquinho y sali\u00f3 D. Rodriguez, en el minuto 76 ingres\u00f3 Valery y sali\u00f3 S. Darder, en el minuto 86 ingres\u00f3 A. Sanchez y sali\u00f3 R. Navarro <\/p>\n<p>Los equipos alinearon de la siguiente manera:<\/p>\n<div class=\"lineups-container\">\n<style>\n                .lineups-container {\n                    display: flex;\n                    justify-content: space-around;\n                    flex-wrap: wrap;\n                }\n                .team-lineup {\n                    width: 49%;\n                    margin-bottom: 20px;\n                    border: 1px solid #ccc;\n                    padding: 5px;\n                }\n                .team-lineup h3 {\n                    text-align: center;\n                    margin-bottom: 10px;\n                }\n                .players-container {\n                    display: flex;\n                    justify-content: space-between;\n                }\n                .players-container div {\n                    width: 100%;\n                }\n                .player {\n                    display: flex;\n                    align-items: center;\n                    margin-bottom: 5px;\n                }\n                .player img {\n                    width: 30px;\n                    height: 30px;\n                    border-radius: 50%;\n                    margin-right: 10px;\n                }\n                    @media (max-width: 600px) {\n                    .team-lineup {\n                        width: 100%;\n                    }\n                }\n                <\/style>\n<div class=\"team-lineup\">\n<h3>Valladolid<\/h3>\n<p><img decoding=\"async\" src=\"https:\/\/media.api-sports.io\/football\/teams\/720.png\" alt=\"Valladolid\" style=\"width: 50px; height: 50px;\"><\/p>\n<div class=\"players-container\">\n<div>\n<h4>Titulares:<\/h4>\n<div class=\"player\"><a href=\"https:\/\/soccer.aidatasports.com\/es\/players\/Karl-Hein-169295\"><img decoding=\"async\" src=\"https:\/\/soccer.aidatasports.com\/images\/players\/169295.png\" alt=\"Karl Hein\" onerror=\"this.onerror=null;this.src='https:\/\/soccer.aidatasports.com\/images\/players\/default-player.png';\"><span>Karl Hein<\/span><\/a><\/div>\n<div class=\"player\"><a href=\"https:\/\/soccer.aidatasports.com\/es\/players\/Luis-P\u00e9rez-47078\"><img decoding=\"async\" src=\"https:\/\/soccer.aidatasports.com\/images\/players\/47078.png\" alt=\"Luis P\u00e9rez\" onerror=\"this.onerror=null;this.src='https:\/\/soccer.aidatasports.com\/images\/players\/default-player.png';\"><span>Luis P\u00e9rez<\/span><\/a><\/div>\n<div class=\"player\"><a href=\"https:\/\/soccer.aidatasports.com\/es\/players\/Abdulay-Juma-Bah-449509\"><img decoding=\"async\" src=\"https:\/\/soccer.aidatasports.com\/images\/players\/449509.png\" alt=\"Abdulay Juma Bah\" onerror=\"this.onerror=null;this.src='https:\/\/soccer.aidatasports.com\/images\/players\/default-player.png';\"><span>Abdulay Juma Bah<\/span><\/a><\/div>\n<div class=\"player\"><a href=\"https:\/\/soccer.aidatasports.com\/es\/players\/David-Torres-298064\"><img decoding=\"async\" src=\"https:\/\/soccer.aidatasports.com\/images\/players\/298064.png\" alt=\"David Torres\" onerror=\"this.onerror=null;this.src='https:\/\/soccer.aidatasports.com\/images\/players\/default-player.png';\"><span>David Torres<\/span><\/a><\/div>\n<div class=\"player\"><a href=\"https:\/\/soccer.aidatasports.com\/es\/players\/Lucas-Rosa-56283\"><img decoding=\"async\" src=\"https:\/\/soccer.aidatasports.com\/images\/players\/56283.png\" alt=\"Lucas Rosa\" onerror=\"this.onerror=null;this.src='https:\/\/soccer.aidatasports.com\/images\/players\/default-player.png';\"><span>Lucas Rosa<\/span><\/a><\/div>\n<div class=\"player\"><a href=\"https:\/\/soccer.aidatasports.com\/es\/players\/Mario-Martin-343205\"><img decoding=\"async\" src=\"https:\/\/soccer.aidatasports.com\/images\/players\/343205.png\" alt=\"Mario Martin\" onerror=\"this.onerror=null;this.src='https:\/\/soccer.aidatasports.com\/images\/players\/default-player.png';\"><span>Mario Martin<\/span><\/a><\/div>\n<div class=\"player\"><a href=\"https:\/\/soccer.aidatasports.com\/es\/players\/Eray-C\u00f6mert-48372\"><img decoding=\"async\" src=\"https:\/\/soccer.aidatasports.com\/images\/players\/48372.png\" alt=\"Eray C\u00f6mert\" onerror=\"this.onerror=null;this.src='https:\/\/soccer.aidatasports.com\/images\/players\/default-player.png';\"><span>Eray C\u00f6mert<\/span><\/a><\/div>\n<div class=\"player\"><a href=\"https:\/\/soccer.aidatasports.com\/es\/players\/Kike-P\u00e9rez-107153\"><img decoding=\"async\" src=\"https:\/\/soccer.aidatasports.com\/images\/players\/107153.png\" alt=\"Kike P\u00e9rez\" onerror=\"this.onerror=null;this.src='https:\/\/soccer.aidatasports.com\/images\/players\/default-player.png';\"><span>Kike P\u00e9rez<\/span><\/a><\/div>\n<div class=\"player\"><a href=\"https:\/\/soccer.aidatasports.com\/es\/players\/Ra\u00fal-Moro-264470\"><img decoding=\"async\" src=\"https:\/\/soccer.aidatasports.com\/images\/players\/264470.png\" alt=\"Ra\u00fal Moro\" onerror=\"this.onerror=null;this.src='https:\/\/soccer.aidatasports.com\/images\/players\/default-player.png';\"><span>Ra\u00fal Moro<\/span><\/a><\/div>\n<div class=\"player\"><a href=\"https:\/\/soccer.aidatasports.com\/es\/players\/Juanmi-Latasa-162028\"><img decoding=\"async\" src=\"https:\/\/soccer.aidatasports.com\/images\/players\/162028.png\" alt=\"Juanmi Latasa\" onerror=\"this.onerror=null;this.src='https:\/\/soccer.aidatasports.com\/images\/players\/default-player.png';\"><span>Juanmi Latasa<\/span><\/a><\/div>\n<div class=\"player\"><a href=\"https:\/\/soccer.aidatasports.com\/es\/players\/Darwin-Mach\u00eds-2459\"><img decoding=\"async\" src=\"https:\/\/soccer.aidatasports.com\/images\/players\/2459.png\" alt=\"Darwin Mach\u00eds\" onerror=\"this.onerror=null;this.src='https:\/\/soccer.aidatasports.com\/images\/players\/default-player.png';\"><span>Darwin Mach\u00eds<\/span><\/a><\/div>\n<\/div>\n<div>\n<h4>Suplentes:<\/h4>\n<div class=\"player\"><a href=\"https:\/\/soccer.aidatasports.com\/es\/players\/Ra\u00fal-Chasco-332304\"><img decoding=\"async\" src=\"https:\/\/soccer.aidatasports.com\/images\/players\/332304.png\" alt=\"Ra\u00fal Chasco\" onerror=\"this.onerror=null;this.src='https:\/\/soccer.aidatasports.com\/images\/players\/default-player.png';\"><span>Ra\u00fal Chasco<\/span><\/a><\/div>\n<div class=\"player\"><a href=\"https:\/\/soccer.aidatasports.com\/es\/players\/Iv\u00e1n-S\u00e1nchez-46979\"><img decoding=\"async\" src=\"https:\/\/soccer.aidatasports.com\/images\/players\/46979.png\" alt=\"Iv\u00e1n S\u00e1nchez\" onerror=\"this.onerror=null;this.src='https:\/\/soccer.aidatasports.com\/images\/players\/default-player.png';\"><span>Iv\u00e1n S\u00e1nchez<\/span><\/a><\/div>\n<div class=\"player\"><a href=\"https:\/\/soccer.aidatasports.com\/es\/players\/Stanko-Juri\u0107-14341\"><img decoding=\"async\" src=\"https:\/\/soccer.aidatasports.com\/images\/players\/14341.png\" alt=\"Stanko Juri\u0107\" onerror=\"this.onerror=null;this.src='https:\/\/soccer.aidatasports.com\/images\/players\/default-player.png';\"><span>Stanko Juri\u0107<\/span><\/a><\/div>\n<div class=\"player\"><a href=\"https:\/\/soccer.aidatasports.com\/es\/players\/Mamadou-Sylla-8518\"><img decoding=\"async\" src=\"https:\/\/soccer.aidatasports.com\/images\/players\/8518.png\" alt=\"Mamadou Sylla\" onerror=\"this.onerror=null;this.src='https:\/\/soccer.aidatasports.com\/images\/players\/default-player.png';\"><span>Mamadou Sylla<\/span><\/a><\/div>\n<div class=\"player\"><a href=\"https:\/\/soccer.aidatasports.com\/es\/players\/Mario-Maroto-199042\"><img decoding=\"async\" src=\"https:\/\/soccer.aidatasports.com\/images\/players\/199042.png\" alt=\"Mario Maroto\" onerror=\"this.onerror=null;this.src='https:\/\/soccer.aidatasports.com\/images\/players\/default-player.png';\"><span>Mario Maroto<\/span><\/a><\/div>\n<div class=\"player\"><a href=\"https:\/\/soccer.aidatasports.com\/es\/players\/Andr\u00e9-Ferreira-41320\"><img decoding=\"async\" src=\"https:\/\/soccer.aidatasports.com\/images\/players\/41320.png\" alt=\"Andr\u00e9 Ferreira\" onerror=\"this.onerror=null;this.src='https:\/\/soccer.aidatasports.com\/images\/players\/default-player.png';\"><span>Andr\u00e9 Ferreira<\/span><\/a><\/div>\n<div class=\"player\"><a href=\"https:\/\/soccer.aidatasports.com\/es\/players\/Ivan-Cantalejo-331004\"><img decoding=\"async\" src=\"https:\/\/soccer.aidatasports.com\/images\/players\/331004.png\" alt=\"Ivan Cantalejo\" onerror=\"this.onerror=null;this.src='https:\/\/soccer.aidatasports.com\/images\/players\/default-player.png';\"><span>Ivan Cantalejo<\/span><\/a><\/div>\n<div class=\"player\"><a href=\"https:\/\/soccer.aidatasports.com\/es\/players\/V\u00edctor-Meseguer-181463\"><img decoding=\"async\" src=\"https:\/\/soccer.aidatasports.com\/images\/players\/181463.png\" alt=\"V\u00edctor Meseguer\" onerror=\"this.onerror=null;this.src='https:\/\/soccer.aidatasports.com\/images\/players\/default-player.png';\"><span>V\u00edctor Meseguer<\/span><\/a><\/div>\n<div class=\"player\"><a href=\"https:\/\/soccer.aidatasports.com\/es\/players\/Kenedy-18902\"><img decoding=\"async\" src=\"https:\/\/soccer.aidatasports.com\/images\/players\/18902.png\" alt=\"Kenedy\" onerror=\"this.onerror=null;this.src='https:\/\/soccer.aidatasports.com\/images\/players\/default-player.png';\"><span>Kenedy<\/span><\/a><\/div>\n<div class=\"player\"><a href=\"https:\/\/soccer.aidatasports.com\/es\/players\/Marcos-Andr\u00e9-122233\"><img decoding=\"async\" src=\"https:\/\/soccer.aidatasports.com\/images\/players\/122233.png\" alt=\"Marcos Andr\u00e9\" onerror=\"this.onerror=null;this.src='https:\/\/soccer.aidatasports.com\/images\/players\/default-player.png';\"><span>Marcos Andr\u00e9<\/span><\/a><\/div>\n<div class=\"player\"><a href=\"https:\/\/soccer.aidatasports.com\/es\/players\/Amath-Ndiaye-104793\"><img decoding=\"async\" src=\"https:\/\/soccer.aidatasports.com\/images\/players\/104793.png\" alt=\"Amath Ndiaye\" onerror=\"this.onerror=null;this.src='https:\/\/soccer.aidatasports.com\/images\/players\/default-player.png';\"><span>Amath Ndiaye<\/span><\/a><\/div>\n<\/div>\n<\/div>\n<\/div>\n<div class=\"team-lineup\">\n<h3>Mallorca<\/h3>\n<p><img decoding=\"async\" src=\"https:\/\/media.api-sports.io\/football\/teams\/798.png\" alt=\"Mallorca\" style=\"width: 50px; height: 50px;\"><\/p>\n<div class=\"players-container\">\n<div>\n<h4>Titulares:<\/h4>\n<div class=\"player\"><a href=\"https:\/\/soccer.aidatasports.com\/es\/players\/Leo-Rom\u00e1n-179139\"><img decoding=\"async\" src=\"https:\/\/soccer.aidatasports.com\/images\/players\/179139.png\" alt=\"Leo Rom\u00e1n\" onerror=\"this.onerror=null;this.src='https:\/\/soccer.aidatasports.com\/images\/players\/default-player.png';\"><span>Leo Rom\u00e1n<\/span><\/a><\/div>\n<div class=\"player\"><a href=\"https:\/\/soccer.aidatasports.com\/es\/players\/Pablo-Maffeo-26302\"><img decoding=\"async\" src=\"https:\/\/soccer.aidatasports.com\/images\/players\/26302.png\" alt=\"Pablo Maffeo\" onerror=\"this.onerror=null;this.src='https:\/\/soccer.aidatasports.com\/images\/players\/default-player.png';\"><span>Pablo Maffeo<\/span><\/a><\/div>\n<div class=\"player\"><a href=\"https:\/\/soccer.aidatasports.com\/es\/players\/Antonio-Ra\u00edllo-46733\"><img decoding=\"async\" src=\"https:\/\/soccer.aidatasports.com\/images\/players\/46733.png\" alt=\"Antonio Ra\u00edllo\" onerror=\"this.onerror=null;this.src='https:\/\/soccer.aidatasports.com\/images\/players\/default-player.png';\"><span>Antonio Ra\u00edllo<\/span><\/a><\/div>\n<div class=\"player\"><a href=\"https:\/\/soccer.aidatasports.com\/es\/players\/Jos\u00e9-Copete-181582\"><img decoding=\"async\" src=\"https:\/\/soccer.aidatasports.com\/images\/players\/181582.png\" alt=\"Jos\u00e9 Copete\" onerror=\"this.onerror=null;this.src='https:\/\/soccer.aidatasports.com\/images\/players\/default-player.png';\"><span>Jos\u00e9 Copete<\/span><\/a><\/div>\n<div class=\"player\"><a href=\"https:\/\/soccer.aidatasports.com\/es\/players\/Johan-Mojica-64268\"><img decoding=\"async\" src=\"https:\/\/soccer.aidatasports.com\/images\/players\/64268.png\" alt=\"Johan Mojica\" onerror=\"this.onerror=null;this.src='https:\/\/soccer.aidatasports.com\/images\/players\/default-player.png';\"><span>Johan Mojica<\/span><\/a><\/div>\n<div class=\"player\"><a href=\"https:\/\/soccer.aidatasports.com\/es\/players\/Robert-Navarro-84086\"><img decoding=\"async\" src=\"https:\/\/soccer.aidatasports.com\/images\/players\/84086.png\" alt=\"Robert Navarro\" onerror=\"this.onerror=null;this.src='https:\/\/soccer.aidatasports.com\/images\/players\/default-player.png';\"><span>Robert Navarro<\/span><\/a><\/div>\n<div class=\"player\"><a href=\"https:\/\/soccer.aidatasports.com\/es\/players\/Manu-Morlanes-1701\"><img decoding=\"async\" src=\"https:\/\/soccer.aidatasports.com\/images\/players\/1701.png\" alt=\"Manu Morlanes\" onerror=\"this.onerror=null;this.src='https:\/\/soccer.aidatasports.com\/images\/players\/default-player.png';\"><span>Manu Morlanes<\/span><\/a><\/div>\n<div class=\"player\"><a href=\"https:\/\/soccer.aidatasports.com\/es\/players\/Samuel-Costa-190485\"><img decoding=\"async\" src=\"https:\/\/soccer.aidatasports.com\/images\/players\/190485.png\" alt=\"Samuel Costa\" onerror=\"this.onerror=null;this.src='https:\/\/soccer.aidatasports.com\/images\/players\/default-player.png';\"><span>Samuel Costa<\/span><\/a><\/div>\n<div class=\"player\"><a href=\"https:\/\/soccer.aidatasports.com\/es\/players\/Sergi-Darder-47336\"><img decoding=\"async\" src=\"https:\/\/soccer.aidatasports.com\/images\/players\/47336.png\" alt=\"Sergi Darder\" onerror=\"this.onerror=null;this.src='https:\/\/soccer.aidatasports.com\/images\/players\/default-player.png';\"><span>Sergi Darder<\/span><\/a><\/div>\n<div class=\"player\"><a href=\"https:\/\/soccer.aidatasports.com\/es\/players\/Dani-Rodr\u00edguez-46742\"><img decoding=\"async\" src=\"https:\/\/soccer.aidatasports.com\/images\/players\/46742.png\" alt=\"Dani Rodr\u00edguez\" onerror=\"this.onerror=null;this.src='https:\/\/soccer.aidatasports.com\/images\/players\/default-player.png';\"><span>Dani Rodr\u00edguez<\/span><\/a><\/div>\n<div class=\"player\"><a href=\"https:\/\/soccer.aidatasports.com\/es\/players\/Cyle-Larin-2001\"><img decoding=\"async\" src=\"https:\/\/soccer.aidatasports.com\/images\/players\/2001.png\" alt=\"Cyle Larin\" onerror=\"this.onerror=null;this.src='https:\/\/soccer.aidatasports.com\/images\/players\/default-player.png';\"><span>Cyle Larin<\/span><\/a><\/div>\n<\/div>\n<div>\n<h4>Suplentes:<\/h4>\n<div class=\"player\"><a href=\"https:\/\/soccer.aidatasports.com\/es\/players\/Omar-Mascarell-414\"><img decoding=\"async\" src=\"https:\/\/soccer.aidatasports.com\/images\/players\/414.png\" alt=\"Omar Mascarell\" onerror=\"this.onerror=null;this.src='https:\/\/soccer.aidatasports.com\/images\/players\/default-player.png';\"><span>Omar Mascarell<\/span><\/a><\/div>\n<div class=\"player\"><a href=\"https:\/\/soccer.aidatasports.com\/es\/players\/Abd\u00f3n-Prats-46751\"><img decoding=\"async\" src=\"https:\/\/soccer.aidatasports.com\/images\/players\/46751.png\" alt=\"Abd\u00f3n Prats\" onerror=\"this.onerror=null;this.src='https:\/\/soccer.aidatasports.com\/images\/players\/default-player.png';\"><span>Abd\u00f3n Prats<\/span><\/a><\/div>\n<div class=\"player\"><a href=\"https:\/\/soccer.aidatasports.com\/es\/players\/Valery-Fern\u00e1ndez-47514\"><img decoding=\"async\" src=\"https:\/\/soccer.aidatasports.com\/images\/players\/47514.png\" alt=\"Valery Fern\u00e1ndez\" onerror=\"this.onerror=null;this.src='https:\/\/soccer.aidatasports.com\/images\/players\/default-player.png';\"><span>Valery Fern\u00e1ndez<\/span><\/a><\/div>\n<div class=\"player\"><a href=\"https:\/\/soccer.aidatasports.com\/es\/players\/Chiquinho-195962\"><img decoding=\"async\" src=\"https:\/\/soccer.aidatasports.com\/images\/players\/195962.png\" alt=\"Chiquinho\" onerror=\"this.onerror=null;this.src='https:\/\/soccer.aidatasports.com\/images\/players\/default-player.png';\"><span>Chiquinho<\/span><\/a><\/div>\n<div class=\"player\"><a href=\"https:\/\/soccer.aidatasports.com\/es\/players\/Dominik-Greif-61142\"><img decoding=\"async\" src=\"https:\/\/soccer.aidatasports.com\/images\/players\/61142.png\" alt=\"Dominik Greif\" onerror=\"this.onerror=null;this.src='https:\/\/soccer.aidatasports.com\/images\/players\/default-player.png';\"><span>Dominik Greif<\/span><\/a><\/div>\n<div class=\"player\"><a href=\"https:\/\/soccer.aidatasports.com\/es\/players\/Iv\u00e1n-Cu\u00e9llar-47399\"><img decoding=\"async\" src=\"https:\/\/soccer.aidatasports.com\/images\/players\/47399.png\" alt=\"Iv\u00e1n Cu\u00e9llar\" onerror=\"this.onerror=null;this.src='https:\/\/soccer.aidatasports.com\/images\/players\/default-player.png';\"><span>Iv\u00e1n Cu\u00e9llar<\/span><\/a><\/div>\n<div class=\"player\"><a href=\"https:\/\/soccer.aidatasports.com\/es\/players\/Mateu-Morey-108519\"><img decoding=\"async\" src=\"https:\/\/soccer.aidatasports.com\/images\/players\/108519.png\" alt=\"Mateu Morey\" onerror=\"this.onerror=null;this.src='https:\/\/soccer.aidatasports.com\/images\/players\/default-player.png';\"><span>Mateu Morey<\/span><\/a><\/div>\n<div class=\"player\"><a href=\"https:\/\/soccer.aidatasports.com\/es\/players\/Sebas-Wade-343001\"><img decoding=\"async\" src=\"https:\/\/soccer.aidatasports.com\/images\/players\/343001.png\" alt=\"Sebas Wade\" onerror=\"this.onerror=null;this.src='https:\/\/soccer.aidatasports.com\/images\/players\/default-player.png';\"><span>Sebas Wade<\/span><\/a><\/div>\n<div class=\"player\"><a href=\"https:\/\/soccer.aidatasports.com\/es\/players\/Toni-Lato-920\"><img decoding=\"async\" src=\"https:\/\/soccer.aidatasports.com\/images\/players\/920.png\" alt=\"Toni Lato\" onerror=\"this.onerror=null;this.src='https:\/\/soccer.aidatasports.com\/images\/players\/default-player.png';\"><span>Toni Lato<\/span><\/a><\/div>\n<div class=\"player\"><a href=\"https:\/\/soccer.aidatasports.com\/es\/players\/Antonio-S\u00e1nchez-107194\"><img decoding=\"async\" src=\"https:\/\/soccer.aidatasports.com\/images\/players\/107194.png\" alt=\"Antonio S\u00e1nchez\" onerror=\"this.onerror=null;this.src='https:\/\/soccer.aidatasports.com\/images\/players\/default-player.png';\"><span>Antonio S\u00e1nchez<\/span><\/a><\/div>\n<div class=\"player\"><a href=\"https:\/\/soccer.aidatasports.com\/es\/players\/Daniel-Luna-297646\"><img decoding=\"async\" src=\"https:\/\/soccer.aidatasports.com\/images\/players\/297646.png\" alt=\"Daniel Luna\" onerror=\"this.onerror=null;this.src='https:\/\/soccer.aidatasports.com\/images\/players\/default-player.png';\"><span>Daniel Luna<\/span><\/a><\/div>\n<div class=\"player\"><a href=\"https:\/\/soccer.aidatasports.com\/es\/players\/Marc-Domenech-482473\"><img decoding=\"async\" src=\"https:\/\/soccer.aidatasports.com\/images\/players\/482473.png\" alt=\"Marc Domenech\" onerror=\"this.onerror=null;this.src='https:\/\/soccer.aidatasports.com\/images\/players\/default-player.png';\"><span>Marc Domenech<\/span><\/a><\/div>\n<\/div>\n<\/div>\n<\/div>\n<\/div>\n<div id=\"wg-api-football-game\"\n                    data-host=\"xxxxx\"\n                    data-key=\"xxxx\"\n                    data-id=\"1208562\"\n                    data-theme=\"\"\n                    data-refresh=\"15\"\n                    data-show-errors=\"false\"\n                    data-show-logos=\"true\"><br \/>\n                    class=\u00bbwg_loader\u00bb>\n                <\/div>\n<div id=\"wg-api-football-standings\"\n                    data-host=\"xxxx\"\n                    data-key=\"ddddd\"\n                    data-league=\"140\"\n                    data-team=\"\"\n                    data-season=\"2024\"\n                    data-theme=\"\"\n                    data-show-errors=\"false\"\n                    data-show-logos=\"true\"\n                    class=\"wg_loader\">\n                <\/div>\n<p>                <script\n                    type=\"module\"\n                    src=\"https:\/\/soccer.aidatasports.com\/wp-content\/customjs\/widgetslocal.js\">\n                <\/script><\/p>\n","protected":false},"excerpt":{"rendered":"<p>Valladolid vs Mallorca: Un partido re\u00f1ido con victoria para el Mallorca El Real Valladolid y&hellip;<\/p>\n","protected":false},"author":1,"featured_media":62389,"comment_status":"open","ping_status":"open","sticky":false,"template":"","format":"standard","meta":{"content-type":"","_lmt_disableupdate":"","_lmt_disable":"","_league":1,"_fixture":1208562,"penci_pfeatured_image_ratio":"","penci_single_style":"","footnotes":""},"categories":[1],"tags":[874,806],"class_list":["post-62390","post","type-post","status-publish","format-standard","has-post-thumbnail","hentry","category-uncategorized","tag-mallorca-spain-798","tag-valladolid-spain-720"],"_links":{"self":[{"href":"https:\/\/soccer.aidatasports.com\/es\/wp-json\/wp\/v2\/posts\/62390"}],"collection":[{"href":"https:\/\/soccer.aidatasports.com\/es\/wp-json\/wp\/v2\/posts"}],"about":[{"href":"https:\/\/soccer.aidatasports.com\/es\/wp-json\/wp\/v2\/types\/post"}],"author":[{"embeddable":true,"href":"https:\/\/soccer.aidatasports.com\/es\/wp-json\/wp\/v2\/users\/1"}],"replies":[{"embeddable":true,"href":"https:\/\/soccer.aidatasports.com\/es\/wp-json\/wp\/v2\/comments?post=62390"}],"version-history":[{"count":0,"href":"https:\/\/soccer.aidatasports.com\/es\/wp-json\/wp\/v2\/posts\/62390\/revisions"}],"wp:featuredmedia":[{"embeddable":true,"href":"https:\/\/soccer.aidatasports.com\/es\/wp-json\/wp\/v2\/media\/62389"}],"wp:attachment":[{"href":"https:\/\/soccer.aidatasports.com\/es\/wp-json\/wp\/v2\/media?parent=62390"}],"wp:term":[{"taxonomy":"category","embeddable":true,"href":"https:\/\/soccer.aidatasports.com\/es\/wp-json\/wp\/v2\/categories?post=62390"},{"taxonomy":"post_tag","embeddable":true,"href":"https:\/\/soccer.aidatasports.com\/es\/wp-json\/wp\/v2\/tags?post=62390"}],"curies":[{"name":"wp","href":"https:\/\/api.w.org\/{rel}","templated":true}]}}