{"id":58959,"date":"2024-09-21T20:50:33","date_gmt":"2024-09-21T20:50:33","guid":{"rendered":"https:\/\/soccer.aidatasports.com\/es\/uncategorized\/lecce-vs-parma-sep-21-2024-1845-utc\/"},"modified":"2024-09-21T20:50:33","modified_gmt":"2024-09-21T20:50:33","slug":"lecce-vs-parma-sep-21-2024-1845-utc","status":"publish","type":"post","link":"https:\/\/soccer.aidatasports.com\/es\/uncategorized\/lecce-vs-parma-sep-21-2024-1845-utc\/","title":{"rendered":"Lecce vs Parma Sep 21 2024 18:45 UTC"},"content":{"rendered":"<h1>Lecce vs Parma: Un partido emocionante con dos goles en los minutos finales<\/h1>\n<p><strong>Lecce<\/strong> y <strong>Parma<\/strong> se enfrentaron en un partido emocionante en el que el <strong>Lecce<\/strong> domin\u00f3 la primera parte, pero <strong>Parma<\/strong> logr\u00f3 empatar en los \u00faltimos minutos con dos goles. <\/p>\n<p><strong>El Lecce<\/strong> comenz\u00f3 el partido con m\u00e1s intensidad y se puso en ventaja gracias a un gol de <strong>P. Dorgu<\/strong> al minuto 32&#8242;.  El <strong>Parma<\/strong> se vio obligado a reaccionar y tuvo algunas oportunidades, pero no logr\u00f3 concretarlas.  <\/p>\n<p>En el segundo tiempo, el <strong>Lecce<\/strong> se qued\u00f3 con un hombre menos al minuto 47&#8242; cuando <strong>F. Guilbert<\/strong> recibi\u00f3 una tarjeta roja.  El <strong>Parma<\/strong> aprovech\u00f3 la superioridad num\u00e9rica, pero tambi\u00e9n perdi\u00f3 un jugador por expulsi\u00f3n al minuto 57&#8242; cuando <strong>M. Cancellieri<\/strong> tambi\u00e9n vio la roja. <\/p>\n<p>Con un hombre menos por bando, el <strong>Parma<\/strong> domin\u00f3 la posesi\u00f3n del bal\u00f3n, pero el <strong>Lecce<\/strong> segu\u00eda buscando el segundo gol.  Sin embargo, en los minutos finales, el <strong>Parma<\/strong> encontr\u00f3 la forma de empatar el partido con dos goles.  Primero, <strong>P. Almqvist<\/strong> marc\u00f3 al minuto 90&#8242;, y luego <strong>A. Hainaut<\/strong> anot\u00f3 el gol de la victoria en el \u00faltimo minuto del partido.<\/p>\n<p><strong>Estad\u00edsticas:<\/strong><\/p>\n<p><strong>Lecce:<\/strong> 38% posesi\u00f3n, 14 tiros (3 a puerta, 6 fuera), 2 corners, 12 faltas, 4 amarillas, 1 roja<br \/>\n<strong>Parma:<\/strong> 62% posesi\u00f3n, 24 tiros (10 a puerta, 3 fuera), 12 corners, 11 faltas, 0 amarillas, 1 roja<\/p>\n<p><strong>Datos del partido:<\/strong><\/p>\n<p>Fecha: 21 de septiembre de 2024<br \/>\nCiudad: Lecce<br \/>\nEstadio: Via del Mare<br \/>\n\u00c1rbitro: Marco Guida (Italia)<br \/>\nLiga: Serie A<br \/>\nTemporada: 2024<br \/>\nRonda: Temporada Regular &#8211; 5<br \/>\nPa\u00eds: Italia<\/p>\n<p>**<\/p>\n<p>Sustituciones en el equipo de parma: en el minuto 37 ingres\u00f3 M. Cancellieri y sali\u00f3 S. Sohm, en el minuto 66 ingres\u00f3 A. Haj Mohamed y sali\u00f3 Hernani, en el minuto 67 ingres\u00f3 P. Almqvist y sali\u00f3 V. Mihaila, en el minuto 67 ingres\u00f3 A. Hainaut y sali\u00f3 Y. Osorio <\/p>\n<p>Sustituciones en el equipo de lecce: en el minuto 65 ingres\u00f3 L. Banda y sali\u00f3 A. Rebic, en el minuto 65 ingres\u00f3 B. Pierret y sali\u00f3 L. Coulibaly, en el minuto 74 ingres\u00f3 F. Marchwinski y sali\u00f3 Tete Morente, en el minuto 75 ingres\u00f3 H. Rafia y sali\u00f3 Y. Ramadani <\/p>\n<p>Los equipos alinearon de la siguiente manera:<\/p>\n<div class=\"lineups-container\">\n<style>\n                .lineups-container {\n                    display: flex;\n                    justify-content: space-around;\n                    flex-wrap: wrap;\n                }\n                .team-lineup {\n                    width: 49%;\n                    margin-bottom: 20px;\n                    border: 1px solid #ccc;\n                    padding: 5px;\n                }\n                .team-lineup h3 {\n                    text-align: center;\n                    margin-bottom: 10px;\n                }\n                .players-container {\n                    display: flex;\n                    justify-content: space-between;\n                }\n                .players-container div {\n                    width: 100%;\n                }\n                .player {\n                    display: flex;\n                    align-items: center;\n                    margin-bottom: 5px;\n                }\n                .player img {\n                    width: 30px;\n                    height: 30px;\n                    border-radius: 50%;\n                    margin-right: 10px;\n                }\n                    @media (max-width: 600px) {\n                    .team-lineup {\n                        width: 100%;\n                    }\n                }\n                <\/style>\n<div class=\"team-lineup\">\n<h3>Lecce<\/h3>\n<p><img decoding=\"async\" src=\"https:\/\/media.api-sports.io\/football\/teams\/867.png\" alt=\"Lecce\" style=\"width: 50px; height: 50px;\"><\/p>\n<div class=\"players-container\">\n<div>\n<h4>Titulares:<\/h4>\n<div class=\"player\"><a href=\"https:\/\/soccer.aidatasports.com\/es\/players\/Wladimiro-Falcone-56459\"><img decoding=\"async\" src=\"https:\/\/soccer.aidatasports.com\/images\/players\/56459.png\" alt=\"Wladimiro Falcone\" onerror=\"this.onerror=null;this.src='https:\/\/soccer.aidatasports.com\/images\/players\/default-player.png';\"><span>Wladimiro Falcone<\/span><\/a><\/div>\n<div class=\"player\"><a href=\"https:\/\/soccer.aidatasports.com\/es\/players\/Fr\u00e9d\u00e9ric-Guilbert-21636\"><img decoding=\"async\" src=\"https:\/\/soccer.aidatasports.com\/images\/players\/21636.png\" alt=\"Fr\u00e9d\u00e9ric Guilbert\" onerror=\"this.onerror=null;this.src='https:\/\/soccer.aidatasports.com\/images\/players\/default-player.png';\"><span>Fr\u00e9d\u00e9ric Guilbert<\/span><\/a><\/div>\n<div class=\"player\"><a href=\"https:\/\/soccer.aidatasports.com\/es\/players\/Kialonda-Gaspar-291589\"><img decoding=\"async\" src=\"https:\/\/soccer.aidatasports.com\/images\/players\/291589.png\" alt=\"Kialonda Gaspar\" onerror=\"this.onerror=null;this.src='https:\/\/soccer.aidatasports.com\/images\/players\/default-player.png';\"><span>Kialonda Gaspar<\/span><\/a><\/div>\n<div class=\"player\"><a href=\"https:\/\/soccer.aidatasports.com\/es\/players\/Federico-Baschirotto-127035\"><img decoding=\"async\" src=\"https:\/\/soccer.aidatasports.com\/images\/players\/127035.png\" alt=\"Federico Baschirotto\" onerror=\"this.onerror=null;this.src='https:\/\/soccer.aidatasports.com\/images\/players\/default-player.png';\"><span>Federico Baschirotto<\/span><\/a><\/div>\n<div class=\"player\"><a href=\"https:\/\/soccer.aidatasports.com\/es\/players\/Antonino-Gallo-31543\"><img decoding=\"async\" src=\"https:\/\/soccer.aidatasports.com\/images\/players\/31543.png\" alt=\"Antonino Gallo\" onerror=\"this.onerror=null;this.src='https:\/\/soccer.aidatasports.com\/images\/players\/default-player.png';\"><span>Antonino Gallo<\/span><\/a><\/div>\n<div class=\"player\"><a href=\"https:\/\/soccer.aidatasports.com\/es\/players\/Ylber-Ramadani-15673\"><img decoding=\"async\" src=\"https:\/\/soccer.aidatasports.com\/images\/players\/15673.png\" alt=\"Ylber Ramadani\" onerror=\"this.onerror=null;this.src='https:\/\/soccer.aidatasports.com\/images\/players\/default-player.png';\"><span>Ylber Ramadani<\/span><\/a><\/div>\n<div class=\"player\"><a href=\"https:\/\/soccer.aidatasports.com\/es\/players\/Lassana-Coulibaly-1748\"><img decoding=\"async\" src=\"https:\/\/soccer.aidatasports.com\/images\/players\/1748.png\" alt=\"Lassana Coulibaly\" onerror=\"this.onerror=null;this.src='https:\/\/soccer.aidatasports.com\/images\/players\/default-player.png';\"><span>Lassana Coulibaly<\/span><\/a><\/div>\n<div class=\"player\"><a href=\"https:\/\/soccer.aidatasports.com\/es\/players\/Patrick-Dorgu-382452\"><img decoding=\"async\" src=\"https:\/\/soccer.aidatasports.com\/images\/players\/382452.png\" alt=\"Patrick Dorgu\" onerror=\"this.onerror=null;this.src='https:\/\/soccer.aidatasports.com\/images\/players\/default-player.png';\"><span>Patrick Dorgu<\/span><\/a><\/div>\n<div class=\"player\"><a href=\"https:\/\/soccer.aidatasports.com\/es\/players\/Ante-Rebi\u0107-1831\"><img decoding=\"async\" src=\"https:\/\/soccer.aidatasports.com\/images\/players\/1831.png\" alt=\"Ante Rebi\u0107\" onerror=\"this.onerror=null;this.src='https:\/\/soccer.aidatasports.com\/images\/players\/default-player.png';\"><span>Ante Rebi\u0107<\/span><\/a><\/div>\n<div class=\"player\"><a href=\"https:\/\/soccer.aidatasports.com\/es\/players\/Tete-Morente-47182\"><img decoding=\"async\" src=\"https:\/\/soccer.aidatasports.com\/images\/players\/47182.png\" alt=\"Tete Morente\" onerror=\"this.onerror=null;this.src='https:\/\/soccer.aidatasports.com\/images\/players\/default-player.png';\"><span>Tete Morente<\/span><\/a><\/div>\n<div class=\"player\"><a href=\"https:\/\/soccer.aidatasports.com\/es\/players\/Nikola-Krstovi\u0107-66817\"><img decoding=\"async\" src=\"https:\/\/soccer.aidatasports.com\/images\/players\/66817.png\" alt=\"Nikola Krstovi\u0107\" onerror=\"this.onerror=null;this.src='https:\/\/soccer.aidatasports.com\/images\/players\/default-player.png';\"><span>Nikola Krstovi\u0107<\/span><\/a><\/div>\n<\/div>\n<div>\n<h4>Suplentes:<\/h4>\n<div class=\"player\"><a href=\"https:\/\/soccer.aidatasports.com\/es\/players\/Balthazar-Pierret-190958\"><img decoding=\"async\" src=\"https:\/\/soccer.aidatasports.com\/images\/players\/190958.png\" alt=\"Balthazar Pierret\" onerror=\"this.onerror=null;this.src='https:\/\/soccer.aidatasports.com\/images\/players\/default-player.png';\"><span>Balthazar Pierret<\/span><\/a><\/div>\n<div class=\"player\"><a href=\"https:\/\/soccer.aidatasports.com\/es\/players\/Lameck-Banda-118956\"><img decoding=\"async\" src=\"https:\/\/soccer.aidatasports.com\/images\/players\/118956.png\" alt=\"Lameck Banda\" onerror=\"this.onerror=null;this.src='https:\/\/soccer.aidatasports.com\/images\/players\/default-player.png';\"><span>Lameck Banda<\/span><\/a><\/div>\n<div class=\"player\"><a href=\"https:\/\/soccer.aidatasports.com\/es\/players\/Hamza-Rafia-136016\"><img decoding=\"async\" src=\"https:\/\/soccer.aidatasports.com\/images\/players\/136016.png\" alt=\"Hamza Rafia\" onerror=\"this.onerror=null;this.src='https:\/\/soccer.aidatasports.com\/images\/players\/default-player.png';\"><span>Hamza Rafia<\/span><\/a><\/div>\n<div class=\"player\"><a href=\"https:\/\/soccer.aidatasports.com\/es\/players\/Santiago-Pierotti-6662\"><img decoding=\"async\" src=\"https:\/\/soccer.aidatasports.com\/images\/players\/6662.png\" alt=\"Santiago Pierotti\" onerror=\"this.onerror=null;this.src='https:\/\/soccer.aidatasports.com\/images\/players\/default-player.png';\"><span>Santiago Pierotti<\/span><\/a><\/div>\n<div class=\"player\"><a href=\"https:\/\/soccer.aidatasports.com\/es\/players\/Jasper-Samooja-156619\"><img decoding=\"async\" src=\"https:\/\/soccer.aidatasports.com\/images\/players\/156619.png\" alt=\"Jasper Samooja\" onerror=\"this.onerror=null;this.src='https:\/\/soccer.aidatasports.com\/images\/players\/default-player.png';\"><span>Jasper Samooja<\/span><\/a><\/div>\n<div class=\"player\"><a href=\"https:\/\/soccer.aidatasports.com\/es\/players\/Alexandru-Borbei-42712\"><img decoding=\"async\" src=\"https:\/\/soccer.aidatasports.com\/images\/players\/42712.png\" alt=\"Alexandru Borbei\" onerror=\"this.onerror=null;this.src='https:\/\/soccer.aidatasports.com\/images\/players\/default-player.png';\"><span>Alexandru Borbei<\/span><\/a><\/div>\n<div class=\"player\"><a href=\"https:\/\/soccer.aidatasports.com\/es\/players\/Christian-Fr\u00fcchtl-495\"><img decoding=\"async\" src=\"https:\/\/soccer.aidatasports.com\/images\/players\/495.png\" alt=\"Christian Fr\u00fcchtl\" onerror=\"this.onerror=null;this.src='https:\/\/soccer.aidatasports.com\/images\/players\/default-player.png';\"><span>Christian Fr\u00fcchtl<\/span><\/a><\/div>\n<div class=\"player\"><a href=\"https:\/\/soccer.aidatasports.com\/es\/players\/Andy-Pelmard-64256\"><img decoding=\"async\" src=\"https:\/\/soccer.aidatasports.com\/images\/players\/64256.png\" alt=\"Andy Pelmard\" onerror=\"this.onerror=null;this.src='https:\/\/soccer.aidatasports.com\/images\/players\/default-player.png';\"><span>Andy Pelmard<\/span><\/a><\/div>\n<div class=\"player\"><a href=\"https:\/\/soccer.aidatasports.com\/es\/players\/Kevin-Bonifazi-30853\"><img decoding=\"async\" src=\"https:\/\/soccer.aidatasports.com\/images\/players\/30853.png\" alt=\"Kevin Bonifazi\" onerror=\"this.onerror=null;this.src='https:\/\/soccer.aidatasports.com\/images\/players\/default-player.png';\"><span>Kevin Bonifazi<\/span><\/a><\/div>\n<div class=\"player\"><a href=\"https:\/\/soccer.aidatasports.com\/es\/players\/Gaby-Jean-23253\"><img decoding=\"async\" src=\"https:\/\/soccer.aidatasports.com\/images\/players\/23253.png\" alt=\"Gaby Jean\" onerror=\"this.onerror=null;this.src='https:\/\/soccer.aidatasports.com\/images\/players\/default-player.png';\"><span>Gaby Jean<\/span><\/a><\/div>\n<div class=\"player\"><a href=\"https:\/\/soccer.aidatasports.com\/es\/players\/Ed-McJannet-326773\"><img decoding=\"async\" src=\"https:\/\/soccer.aidatasports.com\/images\/players\/326773.png\" alt=\"Ed McJannet\" onerror=\"this.onerror=null;this.src='https:\/\/soccer.aidatasports.com\/images\/players\/default-player.png';\"><span>Ed McJannet<\/span><\/a><\/div>\n<div class=\"player\"><a href=\"https:\/\/soccer.aidatasports.com\/es\/players\/Luis-Hasa-335102\"><img decoding=\"async\" src=\"https:\/\/soccer.aidatasports.com\/images\/players\/335102.png\" alt=\"Luis Hasa\" onerror=\"this.onerror=null;this.src='https:\/\/soccer.aidatasports.com\/images\/players\/default-player.png';\"><span>Luis Hasa<\/span><\/a><\/div>\n<div class=\"player\"><a href=\"https:\/\/soccer.aidatasports.com\/es\/players\/Filip-Marchwi\u0144ski-40563\"><img decoding=\"async\" src=\"https:\/\/soccer.aidatasports.com\/images\/players\/40563.png\" alt=\"Filip Marchwi\u0144ski\" onerror=\"this.onerror=null;this.src='https:\/\/soccer.aidatasports.com\/images\/players\/default-player.png';\"><span>Filip Marchwi\u0144ski<\/span><\/a><\/div>\n<div class=\"player\"><a href=\"https:\/\/soccer.aidatasports.com\/es\/players\/R\u00e9mi-Oudin-22016\"><img decoding=\"async\" src=\"https:\/\/soccer.aidatasports.com\/images\/players\/22016.png\" alt=\"R\u00e9mi Oudin\" onerror=\"this.onerror=null;this.src='https:\/\/soccer.aidatasports.com\/images\/players\/default-player.png';\"><span>R\u00e9mi Oudin<\/span><\/a><\/div>\n<div class=\"player\"><a href=\"https:\/\/soccer.aidatasports.com\/es\/players\/Rare\u0219-C\u0103t\u0103lin-Burnete-327763\"><img decoding=\"async\" src=\"https:\/\/soccer.aidatasports.com\/images\/players\/327763.png\" alt=\"Rare\u0219 C\u0103t\u0103lin Burnete\" onerror=\"this.onerror=null;this.src='https:\/\/soccer.aidatasports.com\/images\/players\/default-player.png';\"><span>Rare\u0219 C\u0103t\u0103lin Burnete<\/span><\/a><\/div>\n<\/div>\n<\/div>\n<\/div>\n<div class=\"team-lineup\">\n<h3>Parma<\/h3>\n<p><img decoding=\"async\" src=\"https:\/\/media.api-sports.io\/football\/teams\/523.png\" alt=\"Parma\" style=\"width: 50px; height: 50px;\"><\/p>\n<div class=\"players-container\">\n<div>\n<h4>Titulares:<\/h4>\n<div class=\"player\"><a href=\"https:\/\/soccer.aidatasports.com\/es\/players\/Zion-Suzuki-199578\"><img decoding=\"async\" src=\"https:\/\/soccer.aidatasports.com\/images\/players\/199578.png\" alt=\"Zion Suzuki\" onerror=\"this.onerror=null;this.src='https:\/\/soccer.aidatasports.com\/images\/players\/default-player.png';\"><span>Zion Suzuki<\/span><\/a><\/div>\n<div class=\"player\"><a href=\"https:\/\/soccer.aidatasports.com\/es\/players\/Enrico-Del-Prato-30420\"><img decoding=\"async\" src=\"https:\/\/soccer.aidatasports.com\/images\/players\/30420.png\" alt=\"Enrico Del Prato\" onerror=\"this.onerror=null;this.src='https:\/\/soccer.aidatasports.com\/images\/players\/default-player.png';\"><span>Enrico Del Prato<\/span><\/a><\/div>\n<div class=\"player\"><a href=\"https:\/\/soccer.aidatasports.com\/es\/players\/Yordan-Osorio-2443\"><img decoding=\"async\" src=\"https:\/\/soccer.aidatasports.com\/images\/players\/2443.png\" alt=\"Yordan Osorio\" onerror=\"this.onerror=null;this.src='https:\/\/soccer.aidatasports.com\/images\/players\/default-player.png';\"><span>Yordan Osorio<\/span><\/a><\/div>\n<div class=\"player\"><a href=\"https:\/\/soccer.aidatasports.com\/es\/players\/Botond-Balogh-180763\"><img decoding=\"async\" src=\"https:\/\/soccer.aidatasports.com\/images\/players\/180763.png\" alt=\"Botond Balogh\" onerror=\"this.onerror=null;this.src='https:\/\/soccer.aidatasports.com\/images\/players\/default-player.png';\"><span>Botond Balogh<\/span><\/a><\/div>\n<div class=\"player\"><a href=\"https:\/\/soccer.aidatasports.com\/es\/players\/Woyo-Coulibaly-128338\"><img decoding=\"async\" src=\"https:\/\/soccer.aidatasports.com\/images\/players\/128338.png\" alt=\"Woyo Coulibaly\" onerror=\"this.onerror=null;this.src='https:\/\/soccer.aidatasports.com\/images\/players\/default-player.png';\"><span>Woyo Coulibaly<\/span><\/a><\/div>\n<div class=\"player\"><a href=\"https:\/\/soccer.aidatasports.com\/es\/players\/Simon-Sohm-1014\"><img decoding=\"async\" src=\"https:\/\/soccer.aidatasports.com\/images\/players\/1014.png\" alt=\"Simon Sohm\" onerror=\"this.onerror=null;this.src='https:\/\/soccer.aidatasports.com\/images\/players\/default-player.png';\"><span>Simon Sohm<\/span><\/a><\/div>\n<div class=\"player\"><a href=\"https:\/\/soccer.aidatasports.com\/es\/players\/Adri\u00e1n-Bernab\u00e9-628\"><img decoding=\"async\" src=\"https:\/\/soccer.aidatasports.com\/images\/players\/628.png\" alt=\"Adri\u00e1n Bernab\u00e9\" onerror=\"this.onerror=null;this.src='https:\/\/soccer.aidatasports.com\/images\/players\/default-player.png';\"><span>Adri\u00e1n Bernab\u00e9<\/span><\/a><\/div>\n<div class=\"player\"><a href=\"https:\/\/soccer.aidatasports.com\/es\/players\/Dennis-Man-43036\"><img decoding=\"async\" src=\"https:\/\/soccer.aidatasports.com\/images\/players\/43036.png\" alt=\"Dennis Man\" onerror=\"this.onerror=null;this.src='https:\/\/soccer.aidatasports.com\/images\/players\/default-player.png';\"><span>Dennis Man<\/span><\/a><\/div>\n<div class=\"player\"><a href=\"https:\/\/soccer.aidatasports.com\/es\/players\/Hernani-1208\"><img decoding=\"async\" src=\"https:\/\/soccer.aidatasports.com\/images\/players\/1208.png\" alt=\"Hernani\" onerror=\"this.onerror=null;this.src='https:\/\/soccer.aidatasports.com\/images\/players\/default-player.png';\"><span>Hernani<\/span><\/a><\/div>\n<div class=\"player\"><a href=\"https:\/\/soccer.aidatasports.com\/es\/players\/Valentin-Mih\u0103il\u0103-43056\"><img decoding=\"async\" src=\"https:\/\/soccer.aidatasports.com\/images\/players\/43056.png\" alt=\"Valentin Mih\u0103il\u0103\" onerror=\"this.onerror=null;this.src='https:\/\/soccer.aidatasports.com\/images\/players\/default-player.png';\"><span>Valentin Mih\u0103il\u0103<\/span><\/a><\/div>\n<div class=\"player\"><a href=\"https:\/\/soccer.aidatasports.com\/es\/players\/Ange-Yoan-Bonny-275651\"><img decoding=\"async\" src=\"https:\/\/soccer.aidatasports.com\/images\/players\/275651.png\" alt=\"Ange-Yoan Bonny\" onerror=\"this.onerror=null;this.src='https:\/\/soccer.aidatasports.com\/images\/players\/default-player.png';\"><span>Ange-Yoan Bonny<\/span><\/a><\/div>\n<\/div>\n<div>\n<h4>Suplentes:<\/h4>\n<div class=\"player\"><a href=\"https:\/\/soccer.aidatasports.com\/es\/players\/Matteo-Cancellieri-286474\"><img decoding=\"async\" src=\"https:\/\/soccer.aidatasports.com\/images\/players\/286474.png\" alt=\"Matteo Cancellieri\" onerror=\"this.onerror=null;this.src='https:\/\/soccer.aidatasports.com\/images\/players\/default-player.png';\"><span>Matteo Cancellieri<\/span><\/a><\/div>\n<div class=\"player\"><a href=\"https:\/\/soccer.aidatasports.com\/es\/players\/Antoine-Hainaut-275394\"><img decoding=\"async\" src=\"https:\/\/soccer.aidatasports.com\/images\/players\/275394.png\" alt=\"Antoine Hainaut\" onerror=\"this.onerror=null;this.src='https:\/\/soccer.aidatasports.com\/images\/players\/default-player.png';\"><span>Antoine Hainaut<\/span><\/a><\/div>\n<div class=\"player\"><a href=\"https:\/\/soccer.aidatasports.com\/es\/players\/Pontus-Almqvist-48193\"><img decoding=\"async\" src=\"https:\/\/soccer.aidatasports.com\/images\/players\/48193.png\" alt=\"Pontus Almqvist\" onerror=\"this.onerror=null;this.src='https:\/\/soccer.aidatasports.com\/images\/players\/default-player.png';\"><span>Pontus Almqvist<\/span><\/a><\/div>\n<div class=\"player\"><a href=\"https:\/\/soccer.aidatasports.com\/es\/players\/Anas-Haj-Mohamed-432057\"><img decoding=\"async\" src=\"https:\/\/soccer.aidatasports.com\/images\/players\/432057.png\" alt=\"Anas Haj Mohamed\" onerror=\"this.onerror=null;this.src='https:\/\/soccer.aidatasports.com\/images\/players\/default-player.png';\"><span>Anas Haj Mohamed<\/span><\/a><\/div>\n<div class=\"player\"><a href=\"https:\/\/soccer.aidatasports.com\/es\/players\/Edoardo-Corvi-180762\"><img decoding=\"async\" src=\"https:\/\/soccer.aidatasports.com\/images\/players\/180762.png\" alt=\"Edoardo Corvi\" onerror=\"this.onerror=null;this.src='https:\/\/soccer.aidatasports.com\/images\/players\/default-player.png';\"><span>Edoardo Corvi<\/span><\/a><\/div>\n<div class=\"player\"><a href=\"https:\/\/soccer.aidatasports.com\/es\/players\/Leandro-Chichizola-47246\"><img decoding=\"async\" src=\"https:\/\/soccer.aidatasports.com\/images\/players\/47246.png\" alt=\"Leandro Chichizola\" onerror=\"this.onerror=null;this.src='https:\/\/soccer.aidatasports.com\/images\/players\/default-player.png';\"><span>Leandro Chichizola<\/span><\/a><\/div>\n<div class=\"player\"><a href=\"https:\/\/soccer.aidatasports.com\/es\/players\/Giovanni-Leoni-409047\"><img decoding=\"async\" src=\"https:\/\/soccer.aidatasports.com\/images\/players\/409047.png\" alt=\"Giovanni Leoni\" onerror=\"this.onerror=null;this.src='https:\/\/soccer.aidatasports.com\/images\/players\/default-player.png';\"><span>Giovanni Leoni<\/span><\/a><\/div>\n<div class=\"player\"><a href=\"https:\/\/soccer.aidatasports.com\/es\/players\/Gianluca-Di-Chiara-30618\"><img decoding=\"async\" src=\"https:\/\/soccer.aidatasports.com\/images\/players\/30618.png\" alt=\"Gianluca Di Chiara\" onerror=\"this.onerror=null;this.src='https:\/\/soccer.aidatasports.com\/images\/players\/default-player.png';\"><span>Gianluca Di Chiara<\/span><\/a><\/div>\n<div class=\"player\"><a href=\"https:\/\/soccer.aidatasports.com\/es\/players\/Lautaro-Valenti-6221\"><img decoding=\"async\" src=\"https:\/\/soccer.aidatasports.com\/images\/players\/6221.png\" alt=\"Lautaro Valenti\" onerror=\"this.onerror=null;this.src='https:\/\/soccer.aidatasports.com\/images\/players\/default-player.png';\"><span>Lautaro Valenti<\/span><\/a><\/div>\n<div class=\"player\"><a href=\"https:\/\/soccer.aidatasports.com\/es\/players\/Alessandro-Circati-348568\"><img decoding=\"async\" src=\"https:\/\/soccer.aidatasports.com\/images\/players\/348568.png\" alt=\"Alessandro Circati\" onerror=\"this.onerror=null;this.src='https:\/\/soccer.aidatasports.com\/images\/players\/default-player.png';\"><span>Alessandro Circati<\/span><\/a><\/div>\n<div class=\"player\"><a href=\"https:\/\/soccer.aidatasports.com\/es\/players\/Drissa-Camara-91424\"><img decoding=\"async\" src=\"https:\/\/soccer.aidatasports.com\/images\/players\/91424.png\" alt=\"Drissa Camara\" onerror=\"this.onerror=null;this.src='https:\/\/soccer.aidatasports.com\/images\/players\/default-player.png';\"><span>Drissa Camara<\/span><\/a><\/div>\n<\/div>\n<\/div>\n<\/div>\n<\/div>\n<div id=\"wg-api-football-game\"\n                    data-host=\"xxxxx\"\n                    data-key=\"xxxx\"\n                    data-id=\"1223641\"\n                    data-theme=\"\"\n                    data-refresh=\"15\"\n                    data-show-errors=\"false\"\n                    data-show-logos=\"true\"><br \/>\n                    class=\u00bbwg_loader\u00bb>\n                <\/div>\n<div id=\"wg-api-football-standings\"\n                    data-host=\"xxxx\"\n                    data-key=\"ddddd\"\n                    data-league=\"135\"\n                    data-team=\"\"\n                    data-season=\"2024\"\n                    data-theme=\"\"\n                    data-show-errors=\"false\"\n                    data-show-logos=\"true\"\n                    class=\"wg_loader\">\n                <\/div>\n<p>                <script\n                    type=\"module\"\n                    src=\"https:\/\/soccer.aidatasports.com\/wp-content\/customjs\/widgetslocal.js\">\n                <\/script><\/p>\n","protected":false},"excerpt":{"rendered":"<p>Lecce vs Parma: Un partido emocionante con dos goles en los minutos finales Lecce y&hellip;<\/p>\n","protected":false},"author":1,"featured_media":58958,"comment_status":"open","ping_status":"open","sticky":false,"template":"","format":"standard","meta":{"content-type":"","_lmt_disableupdate":"","_lmt_disable":"","_league":1,"_fixture":1223641,"penci_pfeatured_image_ratio":"","penci_single_style":"","footnotes":""},"categories":[1],"tags":[924,634],"class_list":["post-58959","post","type-post","status-publish","format-standard","has-post-thumbnail","hentry","category-uncategorized","tag-lecce-italy-867","tag-parma-italy-523"],"_links":{"self":[{"href":"https:\/\/soccer.aidatasports.com\/es\/wp-json\/wp\/v2\/posts\/58959"}],"collection":[{"href":"https:\/\/soccer.aidatasports.com\/es\/wp-json\/wp\/v2\/posts"}],"about":[{"href":"https:\/\/soccer.aidatasports.com\/es\/wp-json\/wp\/v2\/types\/post"}],"author":[{"embeddable":true,"href":"https:\/\/soccer.aidatasports.com\/es\/wp-json\/wp\/v2\/users\/1"}],"replies":[{"embeddable":true,"href":"https:\/\/soccer.aidatasports.com\/es\/wp-json\/wp\/v2\/comments?post=58959"}],"version-history":[{"count":0,"href":"https:\/\/soccer.aidatasports.com\/es\/wp-json\/wp\/v2\/posts\/58959\/revisions"}],"wp:featuredmedia":[{"embeddable":true,"href":"https:\/\/soccer.aidatasports.com\/es\/wp-json\/wp\/v2\/media\/58958"}],"wp:attachment":[{"href":"https:\/\/soccer.aidatasports.com\/es\/wp-json\/wp\/v2\/media?parent=58959"}],"wp:term":[{"taxonomy":"category","embeddable":true,"href":"https:\/\/soccer.aidatasports.com\/es\/wp-json\/wp\/v2\/categories?post=58959"},{"taxonomy":"post_tag","embeddable":true,"href":"https:\/\/soccer.aidatasports.com\/es\/wp-json\/wp\/v2\/tags?post=58959"}],"curies":[{"name":"wp","href":"https:\/\/api.w.org\/{rel}","templated":true}]}}