{"id":38023,"date":"2024-08-24T19:31:43","date_gmt":"2024-08-24T19:31:43","guid":{"rendered":"https:\/\/soccer.aidatasports.com\/es\/uncategorized\/sturm-graz-vs-scr-altach-aug-24-2024-1730-utc\/"},"modified":"2024-08-24T19:31:43","modified_gmt":"2024-08-24T19:31:43","slug":"sturm-graz-vs-scr-altach-aug-24-2024-1730-utc","status":"publish","type":"post","link":"https:\/\/soccer.aidatasports.com\/es\/uncategorized\/sturm-graz-vs-scr-altach-aug-24-2024-1730-utc\/","title":{"rendered":"Sturm Graz vs SCR Altach Aug 24 2024 17:30 UTC"},"content":{"rendered":"<h1>Sturm Graz se impone a SCR Altach en un partido emocionante <\/h1>\n<p><strong>Sturm Graz se llev\u00f3 la victoria ante SCR Altach en un partido emocionante que se disput\u00f3 en el Merkur Arena de Graz.<\/strong> El marcador final fue de 2-1, con goles de Biereth y Horvat para el Sturm Graz, y un tanto de Gugganig para el SCR Altach.<\/p>\n<p>El Sturm Graz domin\u00f3 la posesi\u00f3n del bal\u00f3n con un 64%, creando m\u00e1s ocasiones de gol con 16 tiros, 6 de ellos a puerta. El SCR Altach, por su parte, se mostr\u00f3 m\u00e1s incisivo en ataque, aunque con menos posesi\u00f3n (36%) y menos tiros (12), logr\u00f3 marcar un gol y poner en apuros a la defensa del Sturm Graz.<\/p>\n<p>El partido estuvo marcado por las sustituciones, especialmente en la segunda mitad, con ambos equipos buscando la victoria. Biereth abri\u00f3 el marcador para el Sturm Graz en el minuto 65, pero el gol fue anulado inicialmente por fuera de juego. El tanto se valid\u00f3 finalmente tras la revisi\u00f3n del VAR. Horvat sentenci\u00f3 el encuentro en el minuto 78, pero el SCR Altach logr\u00f3 recortar distancias con el gol de Gugganig en el minuto 87. <\/p>\n<p><strong>El Sturm Graz se mantiene en la lucha por los puestos de cabeza en la Bundesliga austriaca, mientras que el SCR Altach deber\u00e1 mejorar su rendimiento para salir de los puestos de descenso.<\/strong><\/p>\n<p>Sustituciones en el equipo de sturm graz: en el minuto 58 ingres\u00f3 S. Jatta y sali\u00f3 A. Camara, en el minuto 71 ingres\u00f3 W. Boving y sali\u00f3 L. Zvonarek, en el minuto 71 ingres\u00f3 M. Johnston y sali\u00f3 J. Gazibegovic, en el minuto 83 ingres\u00f3 T. Chukwuani y sali\u00f3 M. Biereth, en el minuto 83 ingres\u00f3 E. Karic y sali\u00f3 D. Lavalee <\/p>\n<p>Sustituciones en el equipo de scr altach: en el minuto 60 ingres\u00f3 S. Bahloul y sali\u00f3 O. Strunz, en el minuto 60 ingres\u00f3 L. Kronberger y sali\u00f3 L. Fadinger, en el minuto 74 ingres\u00f3 L. Jager y sali\u00f3 M. Bahre, en el minuto 74 ingres\u00f3 L. Fridrikas y sali\u00f3 S. Ingolitsch <\/p>\n<p>Los equipos alinearon de la siguiente manera:<\/p>\n<div class=\"lineups-container\">\n<style>\n                .lineups-container {\n                    display: flex;\n                    justify-content: space-around;\n                    flex-wrap: wrap;\n                }\n                .team-lineup {\n                    width: 49%;\n                    margin-bottom: 20px;\n                    border: 1px solid #ccc;\n                    padding: 5px;\n                }\n                .team-lineup h3 {\n                    text-align: center;\n                    margin-bottom: 10px;\n                }\n                .players-container {\n                    display: flex;\n                    justify-content: space-between;\n                }\n                .players-container div {\n                    width: 100%;\n                }\n                .player {\n                    display: flex;\n                    align-items: center;\n                    margin-bottom: 5px;\n                }\n                .player img {\n                    width: 30px;\n                    height: 30px;\n                    border-radius: 50%;\n                    margin-right: 10px;\n                }\n                    @media (max-width: 600px) {\n                    .team-lineup {\n                        width: 100%;\n                    }\n                }\n                <\/style>\n<div class=\"team-lineup\">\n<h3>Sturm Graz<\/h3>\n<p><img decoding=\"async\" src=\"https:\/\/media.api-sports.io\/football\/teams\/637.png\" alt=\"Sturm Graz\" style=\"width: 50px; height: 50px;\"><\/p>\n<div class=\"players-container\">\n<div>\n<h4>Titulares:<\/h4>\n<div class=\"player\"><a href=\"https:\/\/soccer.aidatasports.com\/es\/players\/Kjell-Scherpen-37276\"><img decoding=\"async\" src=\"https:\/\/soccer.aidatasports.com\/images\/players\/37276.png\" alt=\"Kjell Scherpen\" onerror=\"this.onerror=null;this.src='https:\/\/soccer.aidatasports.com\/images\/players\/default-player.png';\"><span>Kjell Scherpen<\/span><\/a><\/div>\n<div class=\"player\"><a href=\"https:\/\/soccer.aidatasports.com\/es\/players\/Jusuf-Gazibegovi\u0107-7319\"><img decoding=\"async\" src=\"https:\/\/soccer.aidatasports.com\/images\/players\/7319.png\" alt=\"Jusuf Gazibegovi\u0107\" onerror=\"this.onerror=null;this.src='https:\/\/soccer.aidatasports.com\/images\/players\/default-player.png';\"><span>Jusuf Gazibegovi\u0107<\/span><\/a><\/div>\n<div class=\"player\"><a href=\"https:\/\/soccer.aidatasports.com\/es\/players\/Emanuel-Aiwu-7719\"><img decoding=\"async\" src=\"https:\/\/soccer.aidatasports.com\/images\/players\/7719.png\" alt=\"Emanuel Aiwu\" onerror=\"this.onerror=null;this.src='https:\/\/soccer.aidatasports.com\/images\/players\/default-player.png';\"><span>Emanuel Aiwu<\/span><\/a><\/div>\n<div class=\"player\"><a href=\"https:\/\/soccer.aidatasports.com\/es\/players\/Gregory-W\u00fcthrich-950\"><img decoding=\"async\" src=\"https:\/\/soccer.aidatasports.com\/images\/players\/950.png\" alt=\"Gregory W\u00fcthrich\" onerror=\"this.onerror=null;this.src='https:\/\/soccer.aidatasports.com\/images\/players\/default-player.png';\"><span>Gregory W\u00fcthrich<\/span><\/a><\/div>\n<div class=\"player\"><a href=\"https:\/\/soccer.aidatasports.com\/es\/players\/Dimitri-Laval\u0117e-38763\"><img decoding=\"async\" src=\"https:\/\/soccer.aidatasports.com\/images\/players\/38763.png\" alt=\"Dimitri Laval\u0117e\" onerror=\"this.onerror=null;this.src='https:\/\/soccer.aidatasports.com\/images\/players\/default-player.png';\"><span>Dimitri Laval\u0117e<\/span><\/a><\/div>\n<div class=\"player\"><a href=\"https:\/\/soccer.aidatasports.com\/es\/players\/Tomi-Horvat-109740\"><img decoding=\"async\" src=\"https:\/\/soccer.aidatasports.com\/images\/players\/109740.png\" alt=\"Tomi Horvat\" onerror=\"this.onerror=null;this.src='https:\/\/soccer.aidatasports.com\/images\/players\/default-player.png';\"><span>Tomi Horvat<\/span><\/a><\/div>\n<div class=\"player\"><a href=\"https:\/\/soccer.aidatasports.com\/es\/players\/Jon-Gorenc-Stankovi\u0107-19041\"><img decoding=\"async\" src=\"https:\/\/soccer.aidatasports.com\/images\/players\/19041.png\" alt=\"Jon Gorenc Stankovi\u0107\" onerror=\"this.onerror=null;this.src='https:\/\/soccer.aidatasports.com\/images\/players\/default-player.png';\"><span>Jon Gorenc Stankovi\u0107<\/span><\/a><\/div>\n<div class=\"player\"><a href=\"https:\/\/soccer.aidatasports.com\/es\/players\/Otar-Kiteishvili-7586\"><img decoding=\"async\" src=\"https:\/\/soccer.aidatasports.com\/images\/players\/7586.png\" alt=\"Otar Kiteishvili\" onerror=\"this.onerror=null;this.src='https:\/\/soccer.aidatasports.com\/images\/players\/default-player.png';\"><span>Otar Kiteishvili<\/span><\/a><\/div>\n<div class=\"player\"><a href=\"https:\/\/soccer.aidatasports.com\/es\/players\/Lovro-Zvonarek-314226\"><img decoding=\"async\" src=\"https:\/\/soccer.aidatasports.com\/images\/players\/314226.png\" alt=\"Lovro Zvonarek\" onerror=\"this.onerror=null;this.src='https:\/\/soccer.aidatasports.com\/images\/players\/default-player.png';\"><span>Lovro Zvonarek<\/span><\/a><\/div>\n<div class=\"player\"><a href=\"https:\/\/soccer.aidatasports.com\/es\/players\/Amady-Camara-428504\"><img decoding=\"async\" src=\"https:\/\/soccer.aidatasports.com\/images\/players\/428504.png\" alt=\"Amady Camara\" onerror=\"this.onerror=null;this.src='https:\/\/soccer.aidatasports.com\/images\/players\/default-player.png';\"><span>Amady Camara<\/span><\/a><\/div>\n<div class=\"player\"><a href=\"https:\/\/soccer.aidatasports.com\/es\/players\/Mika-Biereth-283026\"><img decoding=\"async\" src=\"https:\/\/soccer.aidatasports.com\/images\/players\/283026.png\" alt=\"Mika Biereth\" onerror=\"this.onerror=null;this.src='https:\/\/soccer.aidatasports.com\/images\/players\/default-player.png';\"><span>Mika Biereth<\/span><\/a><\/div>\n<\/div>\n<div>\n<h4>Suplentes:<\/h4>\n<div class=\"player\"><a href=\"https:\/\/soccer.aidatasports.com\/es\/players\/Seedy-Jatta-216761\"><img decoding=\"async\" src=\"https:\/\/soccer.aidatasports.com\/images\/players\/216761.png\" alt=\"Seedy Jatta\" onerror=\"this.onerror=null;this.src='https:\/\/soccer.aidatasports.com\/images\/players\/default-player.png';\"><span>Seedy Jatta<\/span><\/a><\/div>\n<div class=\"player\"><a href=\"https:\/\/soccer.aidatasports.com\/es\/players\/Max-Johnston-268595\"><img decoding=\"async\" src=\"https:\/\/soccer.aidatasports.com\/images\/players\/268595.png\" alt=\"Max Johnston\" onerror=\"this.onerror=null;this.src='https:\/\/soccer.aidatasports.com\/images\/players\/default-player.png';\"><span>Max Johnston<\/span><\/a><\/div>\n<div class=\"player\"><a href=\"https:\/\/soccer.aidatasports.com\/es\/players\/William-B\u00f8ving-199931\"><img decoding=\"async\" src=\"https:\/\/soccer.aidatasports.com\/images\/players\/199931.png\" alt=\"William B\u00f8ving\" onerror=\"this.onerror=null;this.src='https:\/\/soccer.aidatasports.com\/images\/players\/default-player.png';\"><span>William B\u00f8ving<\/span><\/a><\/div>\n<div class=\"player\"><a href=\"https:\/\/soccer.aidatasports.com\/es\/players\/Tochi-Chukwuani-137384\"><img decoding=\"async\" src=\"https:\/\/soccer.aidatasports.com\/images\/players\/137384.png\" alt=\"Tochi Chukwuani\" onerror=\"this.onerror=null;this.src='https:\/\/soccer.aidatasports.com\/images\/players\/default-player.png';\"><span>Tochi Chukwuani<\/span><\/a><\/div>\n<div class=\"player\"><a href=\"https:\/\/soccer.aidatasports.com\/es\/players\/Emir-Kari\u0107-7683\"><img decoding=\"async\" src=\"https:\/\/soccer.aidatasports.com\/images\/players\/7683.png\" alt=\"Emir Kari\u0107\" onerror=\"this.onerror=null;this.src='https:\/\/soccer.aidatasports.com\/images\/players\/default-player.png';\"><span>Emir Kari\u0107<\/span><\/a><\/div>\n<div class=\"player\"><a href=\"https:\/\/soccer.aidatasports.com\/es\/players\/Daniil-Khudyakov-281989\"><img decoding=\"async\" src=\"https:\/\/soccer.aidatasports.com\/images\/players\/281989.png\" alt=\"Daniil Khudyakov\" onerror=\"this.onerror=null;this.src='https:\/\/soccer.aidatasports.com\/images\/players\/default-player.png';\"><span>Daniil Khudyakov<\/span><\/a><\/div>\n<div class=\"player\"><a href=\"https:\/\/soccer.aidatasports.com\/es\/players\/Stefan-Hierl\u00e4nder-7583\"><img decoding=\"async\" src=\"https:\/\/soccer.aidatasports.com\/images\/players\/7583.png\" alt=\"Stefan Hierl\u00e4nder\" onerror=\"this.onerror=null;this.src='https:\/\/soccer.aidatasports.com\/images\/players\/default-player.png';\"><span>Stefan Hierl\u00e4nder<\/span><\/a><\/div>\n<\/div>\n<\/div>\n<\/div>\n<div class=\"team-lineup\">\n<h3>SCR Altach<\/h3>\n<p><img decoding=\"async\" src=\"https:\/\/media.api-sports.io\/football\/teams\/618.png\" alt=\"SCR Altach\" style=\"width: 50px; height: 50px;\"><\/p>\n<div class=\"players-container\">\n<div>\n<h4>Titulares:<\/h4>\n<div class=\"player\"><a href=\"https:\/\/soccer.aidatasports.com\/es\/players\/Dejan-Stojanovi\u0107-48473\"><img decoding=\"async\" src=\"https:\/\/soccer.aidatasports.com\/images\/players\/48473.png\" alt=\"Dejan Stojanovi\u0107\" onerror=\"this.onerror=null;this.src='https:\/\/soccer.aidatasports.com\/images\/players\/default-player.png';\"><span>Dejan Stojanovi\u0107<\/span><\/a><\/div>\n<div class=\"player\"><a href=\"https:\/\/soccer.aidatasports.com\/es\/players\/Sandro-Ingolitsch-7615\"><img decoding=\"async\" src=\"https:\/\/soccer.aidatasports.com\/images\/players\/7615.png\" alt=\"Sandro Ingolitsch\" onerror=\"this.onerror=null;this.src='https:\/\/soccer.aidatasports.com\/images\/players\/default-player.png';\"><span>Sandro Ingolitsch<\/span><\/a><\/div>\n<div class=\"player\"><a href=\"https:\/\/soccer.aidatasports.com\/es\/players\/Pascal-Juan-Estrada-280686\"><img decoding=\"async\" src=\"https:\/\/soccer.aidatasports.com\/images\/players\/280686.png\" alt=\"Pascal Juan Estrada\" onerror=\"this.onerror=null;this.src='https:\/\/soccer.aidatasports.com\/images\/players\/default-player.png';\"><span>Pascal Juan Estrada<\/span><\/a><\/div>\n<div class=\"player\"><a href=\"https:\/\/soccer.aidatasports.com\/es\/players\/Lukas-Gugganig-25146\"><img decoding=\"async\" src=\"https:\/\/soccer.aidatasports.com\/images\/players\/25146.png\" alt=\"Lukas Gugganig\" onerror=\"this.onerror=null;this.src='https:\/\/soccer.aidatasports.com\/images\/players\/default-player.png';\"><span>Lukas Gugganig<\/span><\/a><\/div>\n<div class=\"player\"><a href=\"https:\/\/soccer.aidatasports.com\/es\/players\/Paul-Friedrich-Koller-7701\"><img decoding=\"async\" src=\"https:\/\/soccer.aidatasports.com\/images\/players\/7701.png\" alt=\"Paul-Friedrich Koller\" onerror=\"this.onerror=null;this.src='https:\/\/soccer.aidatasports.com\/images\/players\/default-player.png';\"><span>Paul-Friedrich Koller<\/span><\/a><\/div>\n<div class=\"player\"><a href=\"https:\/\/soccer.aidatasports.com\/es\/players\/Mohamed-Ou\u00e9draogo-412049\"><img decoding=\"async\" src=\"https:\/\/soccer.aidatasports.com\/images\/players\/412049.png\" alt=\"Mohamed Ou\u00e9draogo\" onerror=\"this.onerror=null;this.src='https:\/\/soccer.aidatasports.com\/images\/players\/default-player.png';\"><span>Mohamed Ou\u00e9draogo<\/span><\/a><\/div>\n<div class=\"player\"><a href=\"https:\/\/soccer.aidatasports.com\/es\/players\/Oliver-Strunz-169412\"><img decoding=\"async\" src=\"https:\/\/soccer.aidatasports.com\/images\/players\/169412.png\" alt=\"Oliver Strunz\" onerror=\"this.onerror=null;this.src='https:\/\/soccer.aidatasports.com\/images\/players\/default-player.png';\"><span>Oliver Strunz<\/span><\/a><\/div>\n<div class=\"player\"><a href=\"https:\/\/soccer.aidatasports.com\/es\/players\/Vesel-Demaku-7441\"><img decoding=\"async\" src=\"https:\/\/soccer.aidatasports.com\/images\/players\/7441.png\" alt=\"Vesel Demaku\" onerror=\"this.onerror=null;this.src='https:\/\/soccer.aidatasports.com\/images\/players\/default-player.png';\"><span>Vesel Demaku<\/span><\/a><\/div>\n<div class=\"player\"><a href=\"https:\/\/soccer.aidatasports.com\/es\/players\/Mike-Steven-B\u00e4hre-19792\"><img decoding=\"async\" src=\"https:\/\/soccer.aidatasports.com\/images\/players\/19792.png\" alt=\"Mike-Steven B\u00e4hre\" onerror=\"this.onerror=null;this.src='https:\/\/soccer.aidatasports.com\/images\/players\/default-player.png';\"><span>Mike-Steven B\u00e4hre<\/span><\/a><\/div>\n<div class=\"player\"><a href=\"https:\/\/soccer.aidatasports.com\/es\/players\/Lukas-Fadinger-7582\"><img decoding=\"async\" src=\"https:\/\/soccer.aidatasports.com\/images\/players\/7582.png\" alt=\"Lukas Fadinger\" onerror=\"this.onerror=null;this.src='https:\/\/soccer.aidatasports.com\/images\/players\/default-player.png';\"><span>Lukas Fadinger<\/span><\/a><\/div>\n<div class=\"player\"><a href=\"https:\/\/soccer.aidatasports.com\/es\/players\/Gustavo-Santos-Costa-9795\"><img decoding=\"async\" src=\"https:\/\/soccer.aidatasports.com\/images\/players\/9795.png\" alt=\"Gustavo Santos Costa\" onerror=\"this.onerror=null;this.src='https:\/\/soccer.aidatasports.com\/images\/players\/default-player.png';\"><span>Gustavo Santos Costa<\/span><\/a><\/div>\n<\/div>\n<div>\n<h4>Suplentes:<\/h4>\n<div class=\"player\"><a href=\"https:\/\/soccer.aidatasports.com\/es\/players\/Sofian-Bahloul-48854\"><img decoding=\"async\" src=\"https:\/\/soccer.aidatasports.com\/images\/players\/48854.png\" alt=\"Sofian Bahloul\" onerror=\"this.onerror=null;this.src='https:\/\/soccer.aidatasports.com\/images\/players\/default-player.png';\"><span>Sofian Bahloul<\/span><\/a><\/div>\n<div class=\"player\"><a href=\"https:\/\/soccer.aidatasports.com\/es\/players\/Lukas-J\u00e4ger-25612\"><img decoding=\"async\" src=\"https:\/\/soccer.aidatasports.com\/images\/players\/25612.png\" alt=\"Lukas J\u00e4ger\" onerror=\"this.onerror=null;this.src='https:\/\/soccer.aidatasports.com\/images\/players\/default-player.png';\"><span>Lukas J\u00e4ger<\/span><\/a><\/div>\n<div class=\"player\"><a href=\"https:\/\/soccer.aidatasports.com\/es\/players\/Lukas-Fridrikas-78321\"><img decoding=\"async\" src=\"https:\/\/soccer.aidatasports.com\/images\/players\/78321.png\" alt=\"Lukas Fridrikas\" onerror=\"this.onerror=null;this.src='https:\/\/soccer.aidatasports.com\/images\/players\/default-player.png';\"><span>Lukas Fridrikas<\/span><\/a><\/div>\n<div class=\"player\"><a href=\"https:\/\/soccer.aidatasports.com\/es\/players\/Ammar-Helac-7169\"><img decoding=\"async\" src=\"https:\/\/soccer.aidatasports.com\/images\/players\/7169.png\" alt=\"Ammar Helac\" onerror=\"this.onerror=null;this.src='https:\/\/soccer.aidatasports.com\/images\/players\/default-player.png';\"><span>Ammar Helac<\/span><\/a><\/div>\n<div class=\"player\"><a href=\"https:\/\/soccer.aidatasports.com\/es\/players\/Filip-Milojevic-381006\"><img decoding=\"async\" src=\"https:\/\/soccer.aidatasports.com\/images\/players\/381006.png\" alt=\"Filip Milojevic\" onerror=\"this.onerror=null;this.src='https:\/\/soccer.aidatasports.com\/images\/players\/default-player.png';\"><span>Filip Milojevic<\/span><\/a><\/div>\n<div class=\"player\"><a href=\"https:\/\/soccer.aidatasports.com\/es\/players\/Leonardo-Luka\u010devi\u0107-119831\"><img decoding=\"async\" src=\"https:\/\/soccer.aidatasports.com\/images\/players\/119831.png\" alt=\"Leonardo Luka\u010devi\u0107\" onerror=\"this.onerror=null;this.src='https:\/\/soccer.aidatasports.com\/images\/players\/default-player.png';\"><span>Leonardo Luka\u010devi\u0107<\/span><\/a><\/div>\n<div class=\"player\"><a href=\"https:\/\/soccer.aidatasports.com\/es\/players\/Luca-Kronberger-169306\"><img decoding=\"async\" src=\"https:\/\/soccer.aidatasports.com\/images\/players\/169306.png\" alt=\"Luca Kronberger\" onerror=\"this.onerror=null;this.src='https:\/\/soccer.aidatasports.com\/images\/players\/default-player.png';\"><span>Luca Kronberger<\/span><\/a><\/div>\n<\/div>\n<\/div>\n<\/div>\n<\/div>\n<div id=\"wg-api-football-game\"\n                    data-host=\"xxxxx\"\n                    data-key=\"xxxx\"\n                    data-id=\"1218594\"\n                    data-theme=\"\"\n                    data-refresh=\"15\"\n                    data-show-errors=\"false\"\n                    data-show-logos=\"true\"><br \/>\n                    class=\u00bbwg_loader\u00bb>\n                <\/div>\n<div id=\"wg-api-football-standings\"\n                    data-host=\"xxxx\"\n                    data-key=\"ddddd\"\n                    data-league=\"218\"\n                    data-team=\"\"\n                    data-season=\"2024\"\n                    data-theme=\"\"\n                    data-show-errors=\"false\"\n                    data-show-logos=\"true\"\n                    class=\"wg_loader\">\n                <\/div>\n<p>                <script\n                    type=\"module\"\n                    src=\"https:\/\/soccer.aidatasports.com\/wp-content\/customjs\/widgetslocal.js\">\n                <\/script><\/p>\n","protected":false},"excerpt":{"rendered":"<p>Sturm Graz se impone a SCR Altach en un partido emocionante Sturm Graz se llev\u00f3&hellip;<\/p>\n","protected":false},"author":1,"featured_media":38022,"comment_status":"open","ping_status":"open","sticky":false,"template":"","format":"standard","meta":{"content-type":"","_lmt_disableupdate":"","_lmt_disable":"","_league":1,"_fixture":1218594,"penci_pfeatured_image_ratio":"","penci_single_style":"","footnotes":""},"categories":[1],"tags":[720,735],"class_list":["post-38023","post","type-post","status-publish","format-standard","has-post-thumbnail","hentry","category-uncategorized","tag-scr-altach-austria-618","tag-sturm-graz-austria-637"],"_links":{"self":[{"href":"https:\/\/soccer.aidatasports.com\/es\/wp-json\/wp\/v2\/posts\/38023"}],"collection":[{"href":"https:\/\/soccer.aidatasports.com\/es\/wp-json\/wp\/v2\/posts"}],"about":[{"href":"https:\/\/soccer.aidatasports.com\/es\/wp-json\/wp\/v2\/types\/post"}],"author":[{"embeddable":true,"href":"https:\/\/soccer.aidatasports.com\/es\/wp-json\/wp\/v2\/users\/1"}],"replies":[{"embeddable":true,"href":"https:\/\/soccer.aidatasports.com\/es\/wp-json\/wp\/v2\/comments?post=38023"}],"version-history":[{"count":0,"href":"https:\/\/soccer.aidatasports.com\/es\/wp-json\/wp\/v2\/posts\/38023\/revisions"}],"wp:featuredmedia":[{"embeddable":true,"href":"https:\/\/soccer.aidatasports.com\/es\/wp-json\/wp\/v2\/media\/38022"}],"wp:attachment":[{"href":"https:\/\/soccer.aidatasports.com\/es\/wp-json\/wp\/v2\/media?parent=38023"}],"wp:term":[{"taxonomy":"category","embeddable":true,"href":"https:\/\/soccer.aidatasports.com\/es\/wp-json\/wp\/v2\/categories?post=38023"},{"taxonomy":"post_tag","embeddable":true,"href":"https:\/\/soccer.aidatasports.com\/es\/wp-json\/wp\/v2\/tags?post=38023"}],"curies":[{"name":"wp","href":"https:\/\/api.w.org\/{rel}","templated":true}]}}