{"id":34451,"date":"2024-08-20T00:03:55","date_gmt":"2024-08-20T00:03:55","guid":{"rendered":"https:\/\/soccer.aidatasports.com\/es\/uncategorized\/villarreal-vs-atletico-madrid-aug-19-2024-1930-utc\/"},"modified":"2024-08-20T00:03:55","modified_gmt":"2024-08-20T00:03:55","slug":"villarreal-vs-atletico-madrid-aug-19-2024-1930-utc","status":"publish","type":"post","link":"https:\/\/soccer.aidatasports.com\/es\/uncategorized\/villarreal-vs-atletico-madrid-aug-19-2024-1930-utc\/","title":{"rendered":"Villarreal vs Atletico Madrid Aug 19 2024 19:30 UTC"},"content":{"rendered":"<h1>Villarreal y Atl\u00e9tico de Madrid protagonizan un partido vibrante en La Cer\u00e1mica<\/h1>\n<p><strong>Villarreal<\/strong> y <strong>Atl\u00e9tico de Madrid<\/strong> se enfrentaron en un partido emocionante en el <strong>Estadio de la Cer\u00e1mica<\/strong> que termin\u00f3 con un marcador de 2-3 a favor del Atl\u00e9tico. <\/p>\n<p>El partido comenz\u00f3 con un ritmo intenso, y la primera tarjeta amarilla lleg\u00f3 a los 10 minutos para el Villarreal, cuando Y. Pino fue amonestado. <\/p>\n<p>A. Danjuma abri\u00f3 el marcador para el Villarreal en el minuto 18 con un gol de calidad, asistido por D. Conde. Sin embargo, el Atl\u00e9tico de Madrid empat\u00f3 r\u00e1pidamente gracias a un gol de M. Llorente en el minuto 20, asistido por A. Griezmann. <\/p>\n<p>El Villarreal volvi\u00f3 a tomar la ventaja en el minuto 37, cuando Koke marc\u00f3 un gol en propia puerta tras un centro de un compa\u00f1ero. El Atl\u00e9tico de Madrid, sin embargo, no se dej\u00f3 amilanar y empat\u00f3 nuevamente en el minuto 45 gracias a un gol de A. Sorloth, asistido por P. Barrios. <\/p>\n<p>En la segunda parte, el Atl\u00e9tico de Madrid marc\u00f3 el gol de la victoria en el minuto 45, con un tanto de A. Correa. El partido se mantuvo emocionante hasta el final, con ambos equipos buscando el gol de la victoria.<\/p>\n<p>El Villarreal tuvo m\u00e1s posesi\u00f3n del bal\u00f3n (45%) pero el Atl\u00e9tico de Madrid fue m\u00e1s efectivo en ataque, con 9 tiros a puerta frente a los 3 del Villarreal. <\/p>\n<p><strong>Estad\u00edsticas:<\/strong><\/p>\n<p><strong>Villarreal:<\/strong> 45% posesi\u00f3n, 9 tiros (3 a puerta, 4 fuera), 2 corners, 5 faltas, 1 amarillas, 0 rojas<br \/>\n<strong>Atl\u00e9tico de Madrid:<\/strong> 55% posesi\u00f3n, 9 tiros (4 a puerta, 4 fuera), 3 corners, 12 faltas, 3 amarillas, 0 rojas<\/p>\n<p><strong>El Atl\u00e9tico de Madrid se lleva los tres puntos del Estadio de la Cer\u00e1mica y sigue con su buen comienzo de temporada en La Liga.<\/strong><\/p>\n<p>Sustituciones en el equipo de atletico madrid: en el minuto 46 ingres\u00f3 J. M. Gimenez y sali\u00f3 A. Witsel, en el minuto 46 ingres\u00f3 A. Correa y sali\u00f3 A. Sorloth, en el minuto 54 ingres\u00f3 N. Molina y sali\u00f3 R. Mandava, en el minuto 64 ingres\u00f3 R. de Paul y sali\u00f3 Koke, en el minuto 78 ingres\u00f3 J. Alvarez y sali\u00f3 A. Griezmann <\/p>\n<p>Sustituciones en el equipo de villarreal: en el minuto 71 ingres\u00f3 N. Pepe y sali\u00f3 G. Moreno, en el minuto 71 ingres\u00f3 P. Gueye y sali\u00f3 A. Baena, en el minuto 71 ingres\u00f3 I. Akhomach y sali\u00f3 Y. Pino, en el minuto 79 ingres\u00f3 A. Perez y sali\u00f3 A. Danjuma, en el minuto 90 ingres\u00f3 R. Terrats y sali\u00f3 D. Parejo <\/p>\n<p>Los equipos alinearon de la siguiente manera:<\/p>\n<div class=\"lineups-container\">\n<style>\n                .lineups-container {\n                    display: flex;\n                    justify-content: space-around;\n                    flex-wrap: wrap;\n                }\n                .team-lineup {\n                    width: 49%;\n                    margin-bottom: 20px;\n                    border: 1px solid #ccc;\n                    padding: 5px;\n                }\n                .team-lineup h3 {\n                    text-align: center;\n                    margin-bottom: 10px;\n                }\n                .players-container {\n                    display: flex;\n                    justify-content: space-between;\n                }\n                .players-container div {\n                    width: 100%;\n                }\n                .player {\n                    display: flex;\n                    align-items: center;\n                    margin-bottom: 5px;\n                }\n                .player img {\n                    width: 30px;\n                    height: 30px;\n                    border-radius: 50%;\n                    margin-right: 10px;\n                }\n                    @media (max-width: 600px) {\n                    .team-lineup {\n                        width: 100%;\n                    }\n                }\n                <\/style>\n<div class=\"team-lineup\">\n<h3>Villarreal<\/h3>\n<p><img decoding=\"async\" src=\"https:\/\/media.api-sports.io\/football\/teams\/533.png\" alt=\"Villarreal\" style=\"width: 50px; height: 50px;\"><\/p>\n<div class=\"players-container\">\n<div>\n<h4>Titulares:<\/h4>\n<div class=\"player\"><a href=\"https:\/\/soccer.aidatasports.com\/es\/players\/Diego-Conde-122956\"><img decoding=\"async\" src=\"https:\/\/soccer.aidatasports.com\/images\/players\/122956.png\" alt=\"Diego Conde\" onerror=\"this.onerror=null;this.src='https:\/\/soccer.aidatasports.com\/images\/players\/default-player.png';\"><span>Diego Conde<\/span><\/a><\/div>\n<div class=\"player\"><a href=\"https:\/\/soccer.aidatasports.com\/es\/players\/Kiko-Femen\u00eda-18794\"><img decoding=\"async\" src=\"https:\/\/soccer.aidatasports.com\/images\/players\/18794.png\" alt=\"Kiko Femen\u00eda\" onerror=\"this.onerror=null;this.src='https:\/\/soccer.aidatasports.com\/images\/players\/default-player.png';\"><span>Kiko Femen\u00eda<\/span><\/a><\/div>\n<div class=\"player\"><a href=\"https:\/\/soccer.aidatasports.com\/es\/players\/Ra\u00fal-Albiol-314\"><img decoding=\"async\" src=\"https:\/\/soccer.aidatasports.com\/images\/players\/314.png\" alt=\"Ra\u00fal Albiol\" onerror=\"this.onerror=null;this.src='https:\/\/soccer.aidatasports.com\/images\/players\/default-player.png';\"><span>Ra\u00fal Albiol<\/span><\/a><\/div>\n<div class=\"player\"><a href=\"https:\/\/soccer.aidatasports.com\/es\/players\/Eric-Bailly-885\"><img decoding=\"async\" src=\"https:\/\/soccer.aidatasports.com\/images\/players\/885.png\" alt=\"Eric Bailly\" onerror=\"this.onerror=null;this.src='https:\/\/soccer.aidatasports.com\/images\/players\/default-player.png';\"><span>Eric Bailly<\/span><\/a><\/div>\n<div class=\"player\"><a href=\"https:\/\/soccer.aidatasports.com\/es\/players\/Sergi-Cardona-70500\"><img decoding=\"async\" src=\"https:\/\/soccer.aidatasports.com\/images\/players\/70500.png\" alt=\"Sergi Cardona\" onerror=\"this.onerror=null;this.src='https:\/\/soccer.aidatasports.com\/images\/players\/default-player.png';\"><span>Sergi Cardona<\/span><\/a><\/div>\n<div class=\"player\"><a href=\"https:\/\/soccer.aidatasports.com\/es\/players\/Y\u00e9remy-Pino-184226\"><img decoding=\"async\" src=\"https:\/\/soccer.aidatasports.com\/images\/players\/184226.png\" alt=\"Y\u00e9remy Pino\" onerror=\"this.onerror=null;this.src='https:\/\/soccer.aidatasports.com\/images\/players\/default-player.png';\"><span>Y\u00e9remy Pino<\/span><\/a><\/div>\n<div class=\"player\"><a href=\"https:\/\/soccer.aidatasports.com\/es\/players\/Dani-Parejo-928\"><img decoding=\"async\" src=\"https:\/\/soccer.aidatasports.com\/images\/players\/928.png\" alt=\"Dani Parejo\" onerror=\"this.onerror=null;this.src='https:\/\/soccer.aidatasports.com\/images\/players\/default-player.png';\"><span>Dani Parejo<\/span><\/a><\/div>\n<div class=\"player\"><a href=\"https:\/\/soccer.aidatasports.com\/es\/players\/Santi-Comesa\u00f1a-47541\"><img decoding=\"async\" src=\"https:\/\/soccer.aidatasports.com\/images\/players\/47541.png\" alt=\"Santi Comesa\u00f1a\" onerror=\"this.onerror=null;this.src='https:\/\/soccer.aidatasports.com\/images\/players\/default-player.png';\"><span>Santi Comesa\u00f1a<\/span><\/a><\/div>\n<div class=\"player\"><a href=\"https:\/\/soccer.aidatasports.com\/es\/players\/Alejandro-Baena-182219\"><img decoding=\"async\" src=\"https:\/\/soccer.aidatasports.com\/images\/players\/182219.png\" alt=\"Alejandro Baena\" onerror=\"this.onerror=null;this.src='https:\/\/soccer.aidatasports.com\/images\/players\/default-player.png';\"><span>Alejandro Baena<\/span><\/a><\/div>\n<div class=\"player\"><a href=\"https:\/\/soccer.aidatasports.com\/es\/players\/Gerard-Moreno-1707\"><img decoding=\"async\" src=\"https:\/\/soccer.aidatasports.com\/images\/players\/1707.png\" alt=\"Gerard Moreno\" onerror=\"this.onerror=null;this.src='https:\/\/soccer.aidatasports.com\/images\/players\/default-player.png';\"><span>Gerard Moreno<\/span><\/a><\/div>\n<div class=\"player\"><a href=\"https:\/\/soccer.aidatasports.com\/es\/players\/Arnaut-Danjuma-83\"><img decoding=\"async\" src=\"https:\/\/soccer.aidatasports.com\/images\/players\/83.png\" alt=\"Arnaut Danjuma\" onerror=\"this.onerror=null;this.src='https:\/\/soccer.aidatasports.com\/images\/players\/default-player.png';\"><span>Arnaut Danjuma<\/span><\/a><\/div>\n<\/div>\n<div>\n<h4>Suplentes:<\/h4>\n<div class=\"player\"><a href=\"https:\/\/soccer.aidatasports.com\/es\/players\/Iker-\u00c1lvarez-169256\"><img decoding=\"async\" src=\"https:\/\/soccer.aidatasports.com\/images\/players\/169256.png\" alt=\"Iker \u00c1lvarez\" onerror=\"this.onerror=null;this.src='https:\/\/soccer.aidatasports.com\/images\/players\/default-player.png';\"><span>Iker \u00c1lvarez<\/span><\/a><\/div>\n<div class=\"player\"><a href=\"https:\/\/soccer.aidatasports.com\/es\/players\/Arnau-Sol\u00e0-161931\"><img decoding=\"async\" src=\"https:\/\/soccer.aidatasports.com\/images\/players\/161931.png\" alt=\"Arnau Sol\u00e0\" onerror=\"this.onerror=null;this.src='https:\/\/soccer.aidatasports.com\/images\/players\/default-player.png';\"><span>Arnau Sol\u00e0<\/span><\/a><\/div>\n<div class=\"player\"><a href=\"https:\/\/soccer.aidatasports.com\/es\/players\/Willy-Kambwala-288112\"><img decoding=\"async\" src=\"https:\/\/soccer.aidatasports.com\/images\/players\/288112.png\" alt=\"Willy Kambwala\" onerror=\"this.onerror=null;this.src='https:\/\/soccer.aidatasports.com\/images\/players\/default-player.png';\"><span>Willy Kambwala<\/span><\/a><\/div>\n<div class=\"player\"><a href=\"https:\/\/soccer.aidatasports.com\/es\/players\/Pau-Navarro-435552\"><img decoding=\"async\" src=\"https:\/\/soccer.aidatasports.com\/images\/players\/435552.png\" alt=\"Pau Navarro\" onerror=\"this.onerror=null;this.src='https:\/\/soccer.aidatasports.com\/images\/players\/default-player.png';\"><span>Pau Navarro<\/span><\/a><\/div>\n<div class=\"player\"><a href=\"https:\/\/soccer.aidatasports.com\/es\/players\/Ilias-Akhomach-290740\"><img decoding=\"async\" src=\"https:\/\/soccer.aidatasports.com\/images\/players\/290740.png\" alt=\"Ilias Akhomach\" onerror=\"this.onerror=null;this.src='https:\/\/soccer.aidatasports.com\/images\/players\/default-player.png';\"><span>Ilias Akhomach<\/span><\/a><\/div>\n<div class=\"player\"><a href=\"https:\/\/soccer.aidatasports.com\/es\/players\/Ram\u00f3n-Terrats-187987\"><img decoding=\"async\" src=\"https:\/\/soccer.aidatasports.com\/images\/players\/187987.png\" alt=\"Ram\u00f3n Terrats\" onerror=\"this.onerror=null;this.src='https:\/\/soccer.aidatasports.com\/images\/players\/default-player.png';\"><span>Ram\u00f3n Terrats<\/span><\/a><\/div>\n<div class=\"player\"><a href=\"https:\/\/soccer.aidatasports.com\/es\/players\/Ayoze-P\u00e9rez-18906\"><img decoding=\"async\" src=\"https:\/\/soccer.aidatasports.com\/images\/players\/18906.png\" alt=\"Ayoze P\u00e9rez\" onerror=\"this.onerror=null;this.src='https:\/\/soccer.aidatasports.com\/images\/players\/default-player.png';\"><span>Ayoze P\u00e9rez<\/span><\/a><\/div>\n<div class=\"player\"><a href=\"https:\/\/soccer.aidatasports.com\/es\/players\/Pape-Gueye-20696\"><img decoding=\"async\" src=\"https:\/\/soccer.aidatasports.com\/images\/players\/20696.png\" alt=\"Pape Gueye\" onerror=\"this.onerror=null;this.src='https:\/\/soccer.aidatasports.com\/images\/players\/default-player.png';\"><span>Pape Gueye<\/span><\/a><\/div>\n<div class=\"player\"><a href=\"https:\/\/soccer.aidatasports.com\/es\/players\/Nicolas-P\u00e9p\u00e9-3246\"><img decoding=\"async\" src=\"https:\/\/soccer.aidatasports.com\/images\/players\/3246.png\" alt=\"Nicolas P\u00e9p\u00e9\" onerror=\"this.onerror=null;this.src='https:\/\/soccer.aidatasports.com\/images\/players\/default-player.png';\"><span>Nicolas P\u00e9p\u00e9<\/span><\/a><\/div>\n<\/div>\n<\/div>\n<\/div>\n<div class=\"team-lineup\">\n<h3>Atletico Madrid<\/h3>\n<p><img decoding=\"async\" src=\"https:\/\/media.api-sports.io\/football\/teams\/530.png\" alt=\"Atletico Madrid\" style=\"width: 50px; height: 50px;\"><\/p>\n<div class=\"players-container\">\n<div>\n<h4>Titulares:<\/h4>\n<div class=\"player\"><a href=\"https:\/\/soccer.aidatasports.com\/es\/players\/Jan-Oblak-29\"><img decoding=\"async\" src=\"https:\/\/soccer.aidatasports.com\/images\/players\/29.png\" alt=\"Jan Oblak\" onerror=\"this.onerror=null;this.src='https:\/\/soccer.aidatasports.com\/images\/players\/default-player.png';\"><span>Jan Oblak<\/span><\/a><\/div>\n<div class=\"player\"><a href=\"https:\/\/soccer.aidatasports.com\/es\/players\/C\u00e9sar-Azpilicueta-2280\"><img decoding=\"async\" src=\"https:\/\/soccer.aidatasports.com\/images\/players\/2280.png\" alt=\"C\u00e9sar Azpilicueta\" onerror=\"this.onerror=null;this.src='https:\/\/soccer.aidatasports.com\/images\/players\/default-player.png';\"><span>C\u00e9sar Azpilicueta<\/span><\/a><\/div>\n<div class=\"player\"><a href=\"https:\/\/soccer.aidatasports.com\/es\/players\/Axel-Witsel-20\"><img decoding=\"async\" src=\"https:\/\/soccer.aidatasports.com\/images\/players\/20.png\" alt=\"Axel Witsel\" onerror=\"this.onerror=null;this.src='https:\/\/soccer.aidatasports.com\/images\/players\/default-player.png';\"><span>Axel Witsel<\/span><\/a><\/div>\n<div class=\"player\"><a href=\"https:\/\/soccer.aidatasports.com\/es\/players\/Robin-Le-Normand-47301\"><img decoding=\"async\" src=\"https:\/\/soccer.aidatasports.com\/images\/players\/47301.png\" alt=\"Robin Le Normand\" onerror=\"this.onerror=null;this.src='https:\/\/soccer.aidatasports.com\/images\/players\/default-player.png';\"><span>Robin Le Normand<\/span><\/a><\/div>\n<div class=\"player\"><a href=\"https:\/\/soccer.aidatasports.com\/es\/players\/Marcos-Llorente-753\"><img decoding=\"async\" src=\"https:\/\/soccer.aidatasports.com\/images\/players\/753.png\" alt=\"Marcos Llorente\" onerror=\"this.onerror=null;this.src='https:\/\/soccer.aidatasports.com\/images\/players\/default-player.png';\"><span>Marcos Llorente<\/span><\/a><\/div>\n<div class=\"player\"><a href=\"https:\/\/soccer.aidatasports.com\/es\/players\/Pablo-Barrios-336594\"><img decoding=\"async\" src=\"https:\/\/soccer.aidatasports.com\/images\/players\/336594.png\" alt=\"Pablo Barrios\" onerror=\"this.onerror=null;this.src='https:\/\/soccer.aidatasports.com\/images\/players\/default-player.png';\"><span>Pablo Barrios<\/span><\/a><\/div>\n<div class=\"player\"><a href=\"https:\/\/soccer.aidatasports.com\/es\/players\/Koke-50\"><img decoding=\"async\" src=\"https:\/\/soccer.aidatasports.com\/images\/players\/50.png\" alt=\"Koke\" onerror=\"this.onerror=null;this.src='https:\/\/soccer.aidatasports.com\/images\/players\/default-player.png';\"><span>Koke<\/span><\/a><\/div>\n<div class=\"player\"><a href=\"https:\/\/soccer.aidatasports.com\/es\/players\/Reinildo-Mandava-22225\"><img decoding=\"async\" src=\"https:\/\/soccer.aidatasports.com\/images\/players\/22225.png\" alt=\"Reinildo Mandava\" onerror=\"this.onerror=null;this.src='https:\/\/soccer.aidatasports.com\/images\/players\/default-player.png';\"><span>Reinildo Mandava<\/span><\/a><\/div>\n<div class=\"player\"><a href=\"https:\/\/soccer.aidatasports.com\/es\/players\/Antoine-Griezmann-56\"><img decoding=\"async\" src=\"https:\/\/soccer.aidatasports.com\/images\/players\/56.png\" alt=\"Antoine Griezmann\" onerror=\"this.onerror=null;this.src='https:\/\/soccer.aidatasports.com\/images\/players\/default-player.png';\"><span>Antoine Griezmann<\/span><\/a><\/div>\n<div class=\"player\"><a href=\"https:\/\/soccer.aidatasports.com\/es\/players\/Samuel-Lino-126936\"><img decoding=\"async\" src=\"https:\/\/soccer.aidatasports.com\/images\/players\/126936.png\" alt=\"Samuel Lino\" onerror=\"this.onerror=null;this.src='https:\/\/soccer.aidatasports.com\/images\/players\/default-player.png';\"><span>Samuel Lino<\/span><\/a><\/div>\n<div class=\"player\"><a href=\"https:\/\/soccer.aidatasports.com\/es\/players\/Alexander-S\u00f8rloth-8492\"><img decoding=\"async\" src=\"https:\/\/soccer.aidatasports.com\/images\/players\/8492.png\" alt=\"Alexander S\u00f8rloth\" onerror=\"this.onerror=null;this.src='https:\/\/soccer.aidatasports.com\/images\/players\/default-player.png';\"><span>Alexander S\u00f8rloth<\/span><\/a><\/div>\n<\/div>\n<div>\n<h4>Suplentes:<\/h4>\n<div class=\"player\"><a href=\"https:\/\/soccer.aidatasports.com\/es\/players\/Jos\u00e9-Mar\u00eda-Gim\u00e9nez-31\"><img decoding=\"async\" src=\"https:\/\/soccer.aidatasports.com\/images\/players\/31.png\" alt=\"Jos\u00e9 Mar\u00eda Gim\u00e9nez\" onerror=\"this.onerror=null;this.src='https:\/\/soccer.aidatasports.com\/images\/players\/default-player.png';\"><span>Jos\u00e9 Mar\u00eda Gim\u00e9nez<\/span><\/a><\/div>\n<div class=\"player\"><a href=\"https:\/\/soccer.aidatasports.com\/es\/players\/\u00c1ngel-Correa-53\"><img decoding=\"async\" src=\"https:\/\/soccer.aidatasports.com\/images\/players\/53.png\" alt=\"\u00c1ngel Correa\" onerror=\"this.onerror=null;this.src='https:\/\/soccer.aidatasports.com\/images\/players\/default-player.png';\"><span>\u00c1ngel Correa<\/span><\/a><\/div>\n<div class=\"player\"><a href=\"https:\/\/soccer.aidatasports.com\/es\/players\/Nahuel-Molina-6503\"><img decoding=\"async\" src=\"https:\/\/soccer.aidatasports.com\/images\/players\/6503.png\" alt=\"Nahuel Molina\" onerror=\"this.onerror=null;this.src='https:\/\/soccer.aidatasports.com\/images\/players\/default-player.png';\"><span>Nahuel Molina<\/span><\/a><\/div>\n<div class=\"player\"><a href=\"https:\/\/soccer.aidatasports.com\/es\/players\/Rodrigo-de-Paul-2472\"><img decoding=\"async\" src=\"https:\/\/soccer.aidatasports.com\/images\/players\/2472.png\" alt=\"Rodrigo de Paul\" onerror=\"this.onerror=null;this.src='https:\/\/soccer.aidatasports.com\/images\/players\/default-player.png';\"><span>Rodrigo de Paul<\/span><\/a><\/div>\n<div class=\"player\"><a href=\"https:\/\/soccer.aidatasports.com\/es\/players\/Hora\u021biu-Moldovan-42642\"><img decoding=\"async\" src=\"https:\/\/soccer.aidatasports.com\/images\/players\/42642.png\" alt=\"Hora\u021biu Moldovan\" onerror=\"this.onerror=null;this.src='https:\/\/soccer.aidatasports.com\/images\/players\/default-player.png';\"><span>Hora\u021biu Moldovan<\/span><\/a><\/div>\n<div class=\"player\"><a href=\"https:\/\/soccer.aidatasports.com\/es\/players\/Antonio-Gomis-333379\"><img decoding=\"async\" src=\"https:\/\/soccer.aidatasports.com\/images\/players\/333379.png\" alt=\"Antonio Gomis\" onerror=\"this.onerror=null;this.src='https:\/\/soccer.aidatasports.com\/images\/players\/default-player.png';\"><span>Antonio Gomis<\/span><\/a><\/div>\n<div class=\"player\"><a href=\"https:\/\/soccer.aidatasports.com\/es\/players\/Ilias-Kostis-338508\"><img decoding=\"async\" src=\"https:\/\/soccer.aidatasports.com\/images\/players\/338508.png\" alt=\"Ilias Kostis\" onerror=\"this.onerror=null;this.src='https:\/\/soccer.aidatasports.com\/images\/players\/default-player.png';\"><span>Ilias Kostis<\/span><\/a><\/div>\n<div class=\"player\"><a href=\"https:\/\/soccer.aidatasports.com\/es\/players\/Javi-Gal\u00e1n-47566\"><img decoding=\"async\" src=\"https:\/\/soccer.aidatasports.com\/images\/players\/47566.png\" alt=\"Javi Gal\u00e1n\" onerror=\"this.onerror=null;this.src='https:\/\/soccer.aidatasports.com\/images\/players\/default-player.png';\"><span>Javi Gal\u00e1n<\/span><\/a><\/div>\n<div class=\"player\"><a href=\"https:\/\/soccer.aidatasports.com\/es\/players\/Rodrigo-Riquelme-136117\"><img decoding=\"async\" src=\"https:\/\/soccer.aidatasports.com\/images\/players\/136117.png\" alt=\"Rodrigo Riquelme\" onerror=\"this.onerror=null;this.src='https:\/\/soccer.aidatasports.com\/images\/players\/default-player.png';\"><span>Rodrigo Riquelme<\/span><\/a><\/div>\n<div class=\"player\"><a href=\"https:\/\/soccer.aidatasports.com\/es\/players\/Arthur-Vermeeren-340154\"><img decoding=\"async\" src=\"https:\/\/soccer.aidatasports.com\/images\/players\/340154.png\" alt=\"Arthur Vermeeren\" onerror=\"this.onerror=null;this.src='https:\/\/soccer.aidatasports.com\/images\/players\/default-player.png';\"><span>Arthur Vermeeren<\/span><\/a><\/div>\n<div class=\"player\"><a href=\"https:\/\/soccer.aidatasports.com\/es\/players\/Giuliano-Simeone-323935\"><img decoding=\"async\" src=\"https:\/\/soccer.aidatasports.com\/images\/players\/323935.png\" alt=\"Giuliano Simeone\" onerror=\"this.onerror=null;this.src='https:\/\/soccer.aidatasports.com\/images\/players\/default-player.png';\"><span>Giuliano Simeone<\/span><\/a><\/div>\n<div class=\"player\"><a href=\"https:\/\/soccer.aidatasports.com\/es\/players\/Juli\u00e1n-\u00c1lvarez-6009\"><img decoding=\"async\" src=\"https:\/\/soccer.aidatasports.com\/images\/players\/6009.png\" alt=\"Juli\u00e1n \u00c1lvarez\" onerror=\"this.onerror=null;this.src='https:\/\/soccer.aidatasports.com\/images\/players\/default-player.png';\"><span>Juli\u00e1n \u00c1lvarez<\/span><\/a><\/div>\n<\/div>\n<\/div>\n<\/div>\n<\/div>\n<div id=\"wg-api-football-game\"\n                    data-host=\"xxxxx\"\n                    data-key=\"xxxx\"\n                    data-id=\"1208498\"\n                    data-theme=\"\"\n                    data-refresh=\"15\"\n                    data-show-errors=\"false\"\n                    data-show-logos=\"true\"><br \/>\n                    class=\u00bbwg_loader\u00bb>\n                <\/div>\n<div id=\"wg-api-football-standings\"\n                    data-host=\"xxxx\"\n                    data-key=\"ddddd\"\n                    data-league=\"140\"\n                    data-team=\"\"\n                    data-season=\"2024\"\n                    data-theme=\"\"\n                    data-show-errors=\"false\"\n                    data-show-logos=\"true\"\n                    class=\"wg_loader\">\n                <\/div>\n<p>                <script\n                    type=\"module\"\n                    src=\"https:\/\/soccer.aidatasports.com\/wp-content\/customjs\/widgetslocal.js\">\n                <\/script><\/p>\n","protected":false},"excerpt":{"rendered":"<p>Villarreal y Atl\u00e9tico de Madrid protagonizan un partido vibrante en La Cer\u00e1mica Villarreal y Atl\u00e9tico&hellip;<\/p>\n","protected":false},"author":1,"featured_media":34450,"comment_status":"open","ping_status":"open","sticky":false,"template":"","format":"standard","meta":{"content-type":"","_lmt_disableupdate":"","_lmt_disable":"","_league":1,"_fixture":1208498,"penci_pfeatured_image_ratio":"","penci_single_style":"","footnotes":""},"categories":[1],"tags":[641,644],"class_list":["post-34451","post","type-post","status-publish","format-standard","has-post-thumbnail","hentry","category-uncategorized","tag-atletico-madrid-spain-530","tag-villarreal-spain-533"],"_links":{"self":[{"href":"https:\/\/soccer.aidatasports.com\/es\/wp-json\/wp\/v2\/posts\/34451"}],"collection":[{"href":"https:\/\/soccer.aidatasports.com\/es\/wp-json\/wp\/v2\/posts"}],"about":[{"href":"https:\/\/soccer.aidatasports.com\/es\/wp-json\/wp\/v2\/types\/post"}],"author":[{"embeddable":true,"href":"https:\/\/soccer.aidatasports.com\/es\/wp-json\/wp\/v2\/users\/1"}],"replies":[{"embeddable":true,"href":"https:\/\/soccer.aidatasports.com\/es\/wp-json\/wp\/v2\/comments?post=34451"}],"version-history":[{"count":0,"href":"https:\/\/soccer.aidatasports.com\/es\/wp-json\/wp\/v2\/posts\/34451\/revisions"}],"wp:featuredmedia":[{"embeddable":true,"href":"https:\/\/soccer.aidatasports.com\/es\/wp-json\/wp\/v2\/media\/34450"}],"wp:attachment":[{"href":"https:\/\/soccer.aidatasports.com\/es\/wp-json\/wp\/v2\/media?parent=34451"}],"wp:term":[{"taxonomy":"category","embeddable":true,"href":"https:\/\/soccer.aidatasports.com\/es\/wp-json\/wp\/v2\/categories?post=34451"},{"taxonomy":"post_tag","embeddable":true,"href":"https:\/\/soccer.aidatasports.com\/es\/wp-json\/wp\/v2\/tags?post=34451"}],"curies":[{"name":"wp","href":"https:\/\/api.w.org\/{rel}","templated":true}]}}