{"id":32807,"date":"2024-08-17T20:12:11","date_gmt":"2024-08-17T20:12:11","guid":{"rendered":"https:\/\/soccer.aidatasports.com\/es\/uncategorized\/fc-08-villingen-vs-fc-heidenheim-aug-17-2024-1330-utc\/"},"modified":"2024-08-17T20:12:11","modified_gmt":"2024-08-17T20:12:11","slug":"fc-08-villingen-vs-fc-heidenheim-aug-17-2024-1330-utc","status":"publish","type":"post","link":"https:\/\/soccer.aidatasports.com\/es\/uncategorized\/fc-08-villingen-vs-fc-heidenheim-aug-17-2024-1330-utc\/","title":{"rendered":"FC 08 Villingen vs FC Heidenheim Aug 17 2024 13:30 UTC"},"content":{"rendered":"<h1>FC Heidenheim arrolla al FC 08 Villingen en la primera ronda de la Copa de Alemania<\/h1>\n<p><strong>Villingen-Schwenningen, Alemania &#8211;<\/strong> El FC Heidenheim demostr\u00f3 su superioridad en la primera ronda de la Copa de Alemania, derrotando al FC 08 Villingen por un contundente 4-0 en la MS Technologie Arena. <\/p>\n<p>El partido comenz\u00f3 con un dominio claro del FC Heidenheim, que se tradujo en el primer gol a los 43 minutos por parte de M. Breunig, quien recibi\u00f3 una asistencia de None.  El segundo gol lleg\u00f3 en el minuto 48, nuevamente por Breunig, quien esta vez recibi\u00f3 una asistencia de L. Scienza. <\/p>\n<p>En la segunda mitad, el FC Heidenheim continu\u00f3 su dominio.  P. Wanner marc\u00f3 el tercer gol en el minuto 52, con asistencia de A. Beck.  M. Breunig cerr\u00f3 la cuenta con su tercer gol personal en el minuto 54, asistido por M. Pieringer.<\/p>\n<p>A pesar de los cambios realizados por el FC 08 Villingen, el equipo no logr\u00f3 acercarse al marcador.  El FC Heidenheim tuvo el control del partido, con una posesi\u00f3n del bal\u00f3n del 67% y 21 tiros a puerta, mientras que el FC 08 Villingen solo pudo realizar 11 tiros, de los cuales solo 2 fueron a puerta. <\/p>\n<p>La \u00fanica acci\u00f3n pol\u00e9mica del partido fue una tarjeta amarilla para F. A. Liserra del FC 08 Villingen en el minuto 88.  El FC Heidenheim demostr\u00f3 su superioridad y se gan\u00f3 un lugar en la siguiente ronda de la Copa de Alemania.<\/p>\n<p>**<\/p>\n<p>Sustituciones en el equipo de fc 08 villingen: en el minuto 54 ingres\u00f3 G. Pintidis y sali\u00f3 E. Alihoxha, en el minuto 55 ingres\u00f3 S. Yilmaz y sali\u00f3 F. Santoro, en el minuto 55 ingres\u00f3 L. Dettling y sali\u00f3 J. Brandle, en el minuto 70 ingres\u00f3 D. Emminger y sali\u00f3 N. Tadic, en el minuto 78 ingres\u00f3 C. Derflinger y sali\u00f3 I. Colic <\/p>\n<p>Sustituciones en el equipo de fc heidenheim: en el minuto 64 ingres\u00f3 D. Thomalla y sali\u00f3 M. Breunig, en el minuto 64 ingres\u00f3 M. Honsak y sali\u00f3 P. Wanner, en el minuto 64 ingres\u00f3 M. Kaufmann y sali\u00f3 L. Scienza, en el minuto 74 ingres\u00f3 L. Kerber y sali\u00f3 P. Mainka, en el minuto 74 ingres\u00f3 T. Siersleben y sali\u00f3 B. Gimber <\/p>\n<p>Los equipos alinearon de la siguiente manera:<\/p>\n<div class=\"lineups-container\">\n<style>\n                .lineups-container {\n                    display: flex;\n                    justify-content: space-around;\n                    flex-wrap: wrap;\n                }\n                .team-lineup {\n                    width: 49%;\n                    margin-bottom: 20px;\n                    border: 1px solid #ccc;\n                    padding: 5px;\n                }\n                .team-lineup h3 {\n                    text-align: center;\n                    margin-bottom: 10px;\n                }\n                .players-container {\n                    display: flex;\n                    justify-content: space-between;\n                }\n                .players-container div {\n                    width: 100%;\n                }\n                .player {\n                    display: flex;\n                    align-items: center;\n                    margin-bottom: 5px;\n                }\n                .player img {\n                    width: 30px;\n                    height: 30px;\n                    border-radius: 50%;\n                    margin-right: 10px;\n                }\n                    @media (max-width: 600px) {\n                    .team-lineup {\n                        width: 100%;\n                    }\n                }\n                <\/style>\n<div class=\"team-lineup\">\n<h3>FC 08 Villingen<\/h3>\n<p><img decoding=\"async\" src=\"https:\/\/media.api-sports.io\/football\/teams\/1619.png\" alt=\"FC 08 Villingen\" style=\"width: 50px; height: 50px;\"><\/p>\n<div class=\"players-container\">\n<div>\n<h4>Titulares:<\/h4>\n<div class=\"player\"><a href=\"https:\/\/soccer.aidatasports.com\/es\/players\/Andrea-Hoxha-127877\"><img decoding=\"async\" src=\"https:\/\/soccer.aidatasports.com\/images\/players\/127877.png\" alt=\"Andrea Hoxha\" onerror=\"this.onerror=null;this.src='https:\/\/soccer.aidatasports.com\/images\/players\/default-player.png';\"><span>Andrea Hoxha<\/span><\/a><\/div>\n<div class=\"player\"><a href=\"https:\/\/soccer.aidatasports.com\/es\/players\/Enrico-Krieger-328271\"><img decoding=\"async\" src=\"https:\/\/soccer.aidatasports.com\/images\/players\/328271.png\" alt=\"Enrico Krieger\" onerror=\"this.onerror=null;this.src='https:\/\/soccer.aidatasports.com\/images\/players\/default-player.png';\"><span>Enrico Krieger<\/span><\/a><\/div>\n<div class=\"player\"><a href=\"https:\/\/soccer.aidatasports.com\/es\/players\/Tim-Zolle-326731\"><img decoding=\"async\" src=\"https:\/\/soccer.aidatasports.com\/images\/players\/326731.png\" alt=\"Tim Zolle\" onerror=\"this.onerror=null;this.src='https:\/\/soccer.aidatasports.com\/images\/players\/default-player.png';\"><span>Tim Zolle<\/span><\/a><\/div>\n<div class=\"player\"><a href=\"https:\/\/soccer.aidatasports.com\/es\/players\/Fabio-Liserra-325849\"><img decoding=\"async\" src=\"https:\/\/soccer.aidatasports.com\/images\/players\/325849.png\" alt=\"Fabio Liserra\" onerror=\"this.onerror=null;this.src='https:\/\/soccer.aidatasports.com\/images\/players\/default-player.png';\"><span>Fabio Liserra<\/span><\/a><\/div>\n<div class=\"player\"><a href=\"https:\/\/soccer.aidatasports.com\/es\/players\/Jonas-Br\u00e4ndle-24896\"><img decoding=\"async\" src=\"https:\/\/soccer.aidatasports.com\/images\/players\/24896.png\" alt=\"Jonas Br\u00e4ndle\" onerror=\"this.onerror=null;this.src='https:\/\/soccer.aidatasports.com\/images\/players\/default-player.png';\"><span>Jonas Br\u00e4ndle<\/span><\/a><\/div>\n<div class=\"player\"><a href=\"https:\/\/soccer.aidatasports.com\/es\/players\/Nico-Tadic-158222\"><img decoding=\"async\" src=\"https:\/\/soccer.aidatasports.com\/images\/players\/158222.png\" alt=\"Nico Tadic\" onerror=\"this.onerror=null;this.src='https:\/\/soccer.aidatasports.com\/images\/players\/default-player.png';\"><span>Nico Tadic<\/span><\/a><\/div>\n<div class=\"player\"><a href=\"https:\/\/soccer.aidatasports.com\/es\/players\/Ergi-Alihoxha-178148\"><img decoding=\"async\" src=\"https:\/\/soccer.aidatasports.com\/images\/players\/178148.png\" alt=\"Ergi Alihoxha\" onerror=\"this.onerror=null;this.src='https:\/\/soccer.aidatasports.com\/images\/players\/default-player.png';\"><span>Ergi Alihoxha<\/span><\/a><\/div>\n<div class=\"player\"><a href=\"https:\/\/soccer.aidatasports.com\/es\/players\/Mokhtar-Boulachab-323982\"><img decoding=\"async\" src=\"https:\/\/soccer.aidatasports.com\/images\/players\/323982.png\" alt=\"Mokhtar Boulachab\" onerror=\"this.onerror=null;this.src='https:\/\/soccer.aidatasports.com\/images\/players\/default-player.png';\"><span>Mokhtar Boulachab<\/span><\/a><\/div>\n<div class=\"player\"><a href=\"https:\/\/soccer.aidatasports.com\/es\/players\/Ivo-Colic-277418\"><img decoding=\"async\" src=\"https:\/\/soccer.aidatasports.com\/images\/players\/277418.png\" alt=\"Ivo Colic\" onerror=\"this.onerror=null;this.src='https:\/\/soccer.aidatasports.com\/images\/players\/default-player.png';\"><span>Ivo Colic<\/span><\/a><\/div>\n<div class=\"player\"><a href=\"https:\/\/soccer.aidatasports.com\/es\/players\/Flavio-Santoro-263179\"><img decoding=\"async\" src=\"https:\/\/soccer.aidatasports.com\/images\/players\/263179.png\" alt=\"Flavio Santoro\" onerror=\"this.onerror=null;this.src='https:\/\/soccer.aidatasports.com\/images\/players\/default-player.png';\"><span>Flavio Santoro<\/span><\/a><\/div>\n<div class=\"player\"><a href=\"https:\/\/soccer.aidatasports.com\/es\/players\/Marcel-S\u00f6kler-259672\"><img decoding=\"async\" src=\"https:\/\/soccer.aidatasports.com\/images\/players\/259672.png\" alt=\"Marcel S\u00f6kler\" onerror=\"this.onerror=null;this.src='https:\/\/soccer.aidatasports.com\/images\/players\/default-player.png';\"><span>Marcel S\u00f6kler<\/span><\/a><\/div>\n<\/div>\n<div>\n<h4>Suplentes:<\/h4>\n<div class=\"player\"><a href=\"https:\/\/soccer.aidatasports.com\/es\/players\/Georgios-Pintidis-25215\"><img decoding=\"async\" src=\"https:\/\/soccer.aidatasports.com\/images\/players\/25215.png\" alt=\"Georgios Pintidis\" onerror=\"this.onerror=null;this.src='https:\/\/soccer.aidatasports.com\/images\/players\/default-player.png';\"><span>Georgios Pintidis<\/span><\/a><\/div>\n<div class=\"player\"><a href=\"https:\/\/soccer.aidatasports.com\/es\/players\/Luis-Dettling-396552\"><img decoding=\"async\" src=\"https:\/\/soccer.aidatasports.com\/images\/players\/396552.png\" alt=\"Luis Dettling\" onerror=\"this.onerror=null;this.src='https:\/\/soccer.aidatasports.com\/images\/players\/default-player.png';\"><span>Luis Dettling<\/span><\/a><\/div>\n<div class=\"player\"><a href=\"https:\/\/soccer.aidatasports.com\/es\/players\/Samet-Yilmaz-477238\"><img decoding=\"async\" src=\"https:\/\/soccer.aidatasports.com\/images\/players\/477238.png\" alt=\"Samet Yilmaz\" onerror=\"this.onerror=null;this.src='https:\/\/soccer.aidatasports.com\/images\/players\/default-player.png';\"><span>Samet Yilmaz<\/span><\/a><\/div>\n<div class=\"player\"><a href=\"https:\/\/soccer.aidatasports.com\/es\/players\/Dominik-Emminger-477254\"><img decoding=\"async\" src=\"https:\/\/soccer.aidatasports.com\/images\/players\/477254.png\" alt=\"Dominik Emminger\" onerror=\"this.onerror=null;this.src='https:\/\/soccer.aidatasports.com\/images\/players\/default-player.png';\"><span>Dominik Emminger<\/span><\/a><\/div>\n<div class=\"player\"><a href=\"https:\/\/soccer.aidatasports.com\/es\/players\/Christian-Derflinger-26068\"><img decoding=\"async\" src=\"https:\/\/soccer.aidatasports.com\/images\/players\/26068.png\" alt=\"Christian Derflinger\" onerror=\"this.onerror=null;this.src='https:\/\/soccer.aidatasports.com\/images\/players\/default-player.png';\"><span>Christian Derflinger<\/span><\/a><\/div>\n<div class=\"player\"><a href=\"https:\/\/soccer.aidatasports.com\/es\/players\/Kevin-Ehmann-280062\"><img decoding=\"async\" src=\"https:\/\/soccer.aidatasports.com\/images\/players\/280062.png\" alt=\"Kevin Ehmann\" onerror=\"this.onerror=null;this.src='https:\/\/soccer.aidatasports.com\/images\/players\/default-player.png';\"><span>Kevin Ehmann<\/span><\/a><\/div>\n<div class=\"player\"><a href=\"https:\/\/soccer.aidatasports.com\/es\/players\/Admir-Osmicic-477253\"><img decoding=\"async\" src=\"https:\/\/soccer.aidatasports.com\/images\/players\/477253.png\" alt=\"Admir Osmicic\" onerror=\"this.onerror=null;this.src='https:\/\/soccer.aidatasports.com\/images\/players\/default-player.png';\"><span>Admir Osmicic<\/span><\/a><\/div>\n<div class=\"player\"><a href=\"https:\/\/soccer.aidatasports.com\/es\/players\/Leon-Albrecht-323979\"><img decoding=\"async\" src=\"https:\/\/soccer.aidatasports.com\/images\/players\/323979.png\" alt=\"Leon Albrecht\" onerror=\"this.onerror=null;this.src='https:\/\/soccer.aidatasports.com\/images\/players\/default-player.png';\"><span>Leon Albrecht<\/span><\/a><\/div>\n<div class=\"player\"><a href=\"https:\/\/soccer.aidatasports.com\/es\/players\/Karlo-Kuranyi-380623\"><img decoding=\"async\" src=\"https:\/\/soccer.aidatasports.com\/images\/players\/380623.png\" alt=\"Karlo Kuranyi\" onerror=\"this.onerror=null;this.src='https:\/\/soccer.aidatasports.com\/images\/players\/default-player.png';\"><span>Karlo Kuranyi<\/span><\/a><\/div>\n<\/div>\n<\/div>\n<\/div>\n<div class=\"team-lineup\">\n<h3>FC Heidenheim<\/h3>\n<p><img decoding=\"async\" src=\"https:\/\/media.api-sports.io\/football\/teams\/180.png\" alt=\"FC Heidenheim\" style=\"width: 50px; height: 50px;\"><\/p>\n<div class=\"players-container\">\n<div>\n<h4>Titulares:<\/h4>\n<div class=\"player\"><a href=\"https:\/\/soccer.aidatasports.com\/es\/players\/Kevin-M\u00fcller-24893\"><img decoding=\"async\" src=\"https:\/\/soccer.aidatasports.com\/images\/players\/24893.png\" alt=\"Kevin M\u00fcller\" onerror=\"this.onerror=null;this.src='https:\/\/soccer.aidatasports.com\/images\/players\/default-player.png';\"><span>Kevin M\u00fcller<\/span><\/a><\/div>\n<div class=\"player\"><a href=\"https:\/\/soccer.aidatasports.com\/es\/players\/Haktab-Omar-Traore-25502\"><img decoding=\"async\" src=\"https:\/\/soccer.aidatasports.com\/images\/players\/25502.png\" alt=\"Haktab Omar Traore\" onerror=\"this.onerror=null;this.src='https:\/\/soccer.aidatasports.com\/images\/players\/default-player.png';\"><span>Haktab Omar Traore<\/span><\/a><\/div>\n<div class=\"player\"><a href=\"https:\/\/soccer.aidatasports.com\/es\/players\/Patrick-Mainka-24899\"><img decoding=\"async\" src=\"https:\/\/soccer.aidatasports.com\/images\/players\/24899.png\" alt=\"Patrick Mainka\" onerror=\"this.onerror=null;this.src='https:\/\/soccer.aidatasports.com\/images\/players\/default-player.png';\"><span>Patrick Mainka<\/span><\/a><\/div>\n<div class=\"player\"><a href=\"https:\/\/soccer.aidatasports.com\/es\/players\/Benedikt-Gimber-25203\"><img decoding=\"async\" src=\"https:\/\/soccer.aidatasports.com\/images\/players\/25203.png\" alt=\"Benedikt Gimber\" onerror=\"this.onerror=null;this.src='https:\/\/soccer.aidatasports.com\/images\/players\/default-player.png';\"><span>Benedikt Gimber<\/span><\/a><\/div>\n<div class=\"player\"><a href=\"https:\/\/soccer.aidatasports.com\/es\/players\/Jonas-F\u00f6hrenbach-24979\"><img decoding=\"async\" src=\"https:\/\/soccer.aidatasports.com\/images\/players\/24979.png\" alt=\"Jonas F\u00f6hrenbach\" onerror=\"this.onerror=null;this.src='https:\/\/soccer.aidatasports.com\/images\/players\/default-player.png';\"><span>Jonas F\u00f6hrenbach<\/span><\/a><\/div>\n<div class=\"player\"><a href=\"https:\/\/soccer.aidatasports.com\/es\/players\/Paul-Wanner-327895\"><img decoding=\"async\" src=\"https:\/\/soccer.aidatasports.com\/images\/players\/327895.png\" alt=\"Paul Wanner\" onerror=\"this.onerror=null;this.src='https:\/\/soccer.aidatasports.com\/images\/players\/default-player.png';\"><span>Paul Wanner<\/span><\/a><\/div>\n<div class=\"player\"><a href=\"https:\/\/soccer.aidatasports.com\/es\/players\/Adrian-Beck-8959\"><img decoding=\"async\" src=\"https:\/\/soccer.aidatasports.com\/images\/players\/8959.png\" alt=\"Adrian Beck\" onerror=\"this.onerror=null;this.src='https:\/\/soccer.aidatasports.com\/images\/players\/default-player.png';\"><span>Adrian Beck<\/span><\/a><\/div>\n<div class=\"player\"><a href=\"https:\/\/soccer.aidatasports.com\/es\/players\/Lennard-Maloney-24842\"><img decoding=\"async\" src=\"https:\/\/soccer.aidatasports.com\/images\/players\/24842.png\" alt=\"Lennard Maloney\" onerror=\"this.onerror=null;this.src='https:\/\/soccer.aidatasports.com\/images\/players\/default-player.png';\"><span>Lennard Maloney<\/span><\/a><\/div>\n<div class=\"player\"><a href=\"https:\/\/soccer.aidatasports.com\/es\/players\/Leo-Scienza-283323\"><img decoding=\"async\" src=\"https:\/\/soccer.aidatasports.com\/images\/players\/283323.png\" alt=\"Leo Scienza\" onerror=\"this.onerror=null;this.src='https:\/\/soccer.aidatasports.com\/images\/players\/default-player.png';\"><span>Leo Scienza<\/span><\/a><\/div>\n<div class=\"player\"><a href=\"https:\/\/soccer.aidatasports.com\/es\/players\/Maximilian-Breunig-128849\"><img decoding=\"async\" src=\"https:\/\/soccer.aidatasports.com\/images\/players\/128849.png\" alt=\"Maximilian Breunig\" onerror=\"this.onerror=null;this.src='https:\/\/soccer.aidatasports.com\/images\/players\/default-player.png';\"><span>Maximilian Breunig<\/span><\/a><\/div>\n<div class=\"player\"><a href=\"https:\/\/soccer.aidatasports.com\/es\/players\/Marvin-Pieringer-178106\"><img decoding=\"async\" src=\"https:\/\/soccer.aidatasports.com\/images\/players\/178106.png\" alt=\"Marvin Pieringer\" onerror=\"this.onerror=null;this.src='https:\/\/soccer.aidatasports.com\/images\/players\/default-player.png';\"><span>Marvin Pieringer<\/span><\/a><\/div>\n<\/div>\n<div>\n<h4>Suplentes:<\/h4>\n<div class=\"player\"><a href=\"https:\/\/soccer.aidatasports.com\/es\/players\/Mikkel-Kaufmann-15732\"><img decoding=\"async\" src=\"https:\/\/soccer.aidatasports.com\/images\/players\/15732.png\" alt=\"Mikkel Kaufmann\" onerror=\"this.onerror=null;this.src='https:\/\/soccer.aidatasports.com\/images\/players\/default-player.png';\"><span>Mikkel Kaufmann<\/span><\/a><\/div>\n<div class=\"player\"><a href=\"https:\/\/soccer.aidatasports.com\/es\/players\/Denis-Thomalla-24917\"><img decoding=\"async\" src=\"https:\/\/soccer.aidatasports.com\/images\/players\/24917.png\" alt=\"Denis Thomalla\" onerror=\"this.onerror=null;this.src='https:\/\/soccer.aidatasports.com\/images\/players\/default-player.png';\"><span>Denis Thomalla<\/span><\/a><\/div>\n<div class=\"player\"><a href=\"https:\/\/soccer.aidatasports.com\/es\/players\/Mathias-Honsak-24955\"><img decoding=\"async\" src=\"https:\/\/soccer.aidatasports.com\/images\/players\/24955.png\" alt=\"Mathias Honsak\" onerror=\"this.onerror=null;this.src='https:\/\/soccer.aidatasports.com\/images\/players\/default-player.png';\"><span>Mathias Honsak<\/span><\/a><\/div>\n<div class=\"player\"><a href=\"https:\/\/soccer.aidatasports.com\/es\/players\/Tim-Siersleben-177815\"><img decoding=\"async\" src=\"https:\/\/soccer.aidatasports.com\/images\/players\/177815.png\" alt=\"Tim Siersleben\" onerror=\"this.onerror=null;this.src='https:\/\/soccer.aidatasports.com\/images\/players\/default-player.png';\"><span>Tim Siersleben<\/span><\/a><\/div>\n<div class=\"player\"><a href=\"https:\/\/soccer.aidatasports.com\/es\/players\/Luca-Kerber-280055\"><img decoding=\"async\" src=\"https:\/\/soccer.aidatasports.com\/images\/players\/280055.png\" alt=\"Luca Kerber\" onerror=\"this.onerror=null;this.src='https:\/\/soccer.aidatasports.com\/images\/players\/default-player.png';\"><span>Luca Kerber<\/span><\/a><\/div>\n<div class=\"player\"><a href=\"https:\/\/soccer.aidatasports.com\/es\/players\/Frank-Feller-328008\"><img decoding=\"async\" src=\"https:\/\/soccer.aidatasports.com\/images\/players\/328008.png\" alt=\"Frank Feller\" onerror=\"this.onerror=null;this.src='https:\/\/soccer.aidatasports.com\/images\/players\/default-player.png';\"><span>Frank Feller<\/span><\/a><\/div>\n<div class=\"player\"><a href=\"https:\/\/soccer.aidatasports.com\/es\/players\/Norman-Theuerkauf-24911\"><img decoding=\"async\" src=\"https:\/\/soccer.aidatasports.com\/images\/players\/24911.png\" alt=\"Norman Theuerkauf\" onerror=\"this.onerror=null;this.src='https:\/\/soccer.aidatasports.com\/images\/players\/default-player.png';\"><span>Norman Theuerkauf<\/span><\/a><\/div>\n<div class=\"player\"><a href=\"https:\/\/soccer.aidatasports.com\/es\/players\/Jan-Sch\u00f6ppner-127619\"><img decoding=\"async\" src=\"https:\/\/soccer.aidatasports.com\/images\/players\/127619.png\" alt=\"Jan Sch\u00f6ppner\" onerror=\"this.onerror=null;this.src='https:\/\/soccer.aidatasports.com\/images\/players\/default-player.png';\"><span>Jan Sch\u00f6ppner<\/span><\/a><\/div>\n<div class=\"player\"><a href=\"https:\/\/soccer.aidatasports.com\/es\/players\/Sirlord-Conteh-125720\"><img decoding=\"async\" src=\"https:\/\/soccer.aidatasports.com\/images\/players\/125720.png\" alt=\"Sirlord Conteh\" onerror=\"this.onerror=null;this.src='https:\/\/soccer.aidatasports.com\/images\/players\/default-player.png';\"><span>Sirlord Conteh<\/span><\/a><\/div>\n<\/div>\n<\/div>\n<\/div>\n<\/div>\n<div id=\"wg-api-football-game\"\n                    data-host=\"xxxxx\"\n                    data-key=\"xxxx\"\n                    data-id=\"1202376\"\n                    data-theme=\"\"\n                    data-refresh=\"15\"\n                    data-show-errors=\"false\"\n                    data-show-logos=\"true\"><br \/>\n                    class=\u00bbwg_loader\u00bb>\n                <\/div>\n<div id=\"wg-api-football-standings\"\n                    data-host=\"xxxx\"\n                    data-key=\"ddddd\"\n                    data-league=\"81\"\n                    data-team=\"\"\n                    data-season=\"2024\"\n                    data-theme=\"\"\n                    data-show-errors=\"false\"\n                    data-show-logos=\"true\"\n                    class=\"wg_loader\">\n                <\/div>\n<p>                <script\n                    type=\"module\"\n                    src=\"https:\/\/soccer.aidatasports.com\/wp-content\/customjs\/widgetslocal.js\">\n                <\/script><\/p>\n","protected":false},"excerpt":{"rendered":"<p>FC Heidenheim arrolla al FC 08 Villingen en la primera ronda de la Copa de&hellip;<\/p>\n","protected":false},"author":1,"featured_media":32806,"comment_status":"open","ping_status":"open","sticky":false,"template":"","format":"standard","meta":{"content-type":"","_lmt_disableupdate":"","_lmt_disable":"","_league":0,"_fixture":1202376,"penci_pfeatured_image_ratio":"","penci_single_style":"","footnotes":""},"categories":[],"tags":[1565,303],"class_list":["post-32807","post","type-post","status-publish","format-standard","has-post-thumbnail","hentry","tag-fc-08-villingen-germany-1619","tag-fc-heidenheim-germany-180"],"_links":{"self":[{"href":"https:\/\/soccer.aidatasports.com\/es\/wp-json\/wp\/v2\/posts\/32807"}],"collection":[{"href":"https:\/\/soccer.aidatasports.com\/es\/wp-json\/wp\/v2\/posts"}],"about":[{"href":"https:\/\/soccer.aidatasports.com\/es\/wp-json\/wp\/v2\/types\/post"}],"author":[{"embeddable":true,"href":"https:\/\/soccer.aidatasports.com\/es\/wp-json\/wp\/v2\/users\/1"}],"replies":[{"embeddable":true,"href":"https:\/\/soccer.aidatasports.com\/es\/wp-json\/wp\/v2\/comments?post=32807"}],"version-history":[{"count":0,"href":"https:\/\/soccer.aidatasports.com\/es\/wp-json\/wp\/v2\/posts\/32807\/revisions"}],"wp:featuredmedia":[{"embeddable":true,"href":"https:\/\/soccer.aidatasports.com\/es\/wp-json\/wp\/v2\/media\/32806"}],"wp:attachment":[{"href":"https:\/\/soccer.aidatasports.com\/es\/wp-json\/wp\/v2\/media?parent=32807"}],"wp:term":[{"taxonomy":"category","embeddable":true,"href":"https:\/\/soccer.aidatasports.com\/es\/wp-json\/wp\/v2\/categories?post=32807"},{"taxonomy":"post_tag","embeddable":true,"href":"https:\/\/soccer.aidatasports.com\/es\/wp-json\/wp\/v2\/tags?post=32807"}],"curies":[{"name":"wp","href":"https:\/\/api.w.org\/{rel}","templated":true}]}}