{"id":30780,"date":"2024-08-11T12:20:15","date_gmt":"2024-08-11T12:20:15","guid":{"rendered":"https:\/\/soccer.aidatasports.com\/es\/uncategorized\/sparta-rotterdam-vs-heracles-aug-11-2024-1015-utc\/"},"modified":"2024-08-11T12:20:15","modified_gmt":"2024-08-11T12:20:15","slug":"sparta-rotterdam-vs-heracles-aug-11-2024-1015-utc","status":"publish","type":"post","link":"https:\/\/soccer.aidatasports.com\/es\/uncategorized\/sparta-rotterdam-vs-heracles-aug-11-2024-1015-utc\/","title":{"rendered":"Sparta Rotterdam vs Heracles Aug 11 2024 10:15 UTC"},"content":{"rendered":"<h1>Sparta Rotterdam y Heracles empatan en un partido tenso <\/h1>\n<p><strong>Rotterdam, 11 de agosto de 2024.<\/strong> &#8211; El Sparta Rotterdam y el Heracles empataron en un partido emocionante y re\u00f1ido en el Sparta-Stadion Het Kasteel, con un marcador de <strong>0-0<\/strong>.  El partido estuvo marcado por la f\u00e9rrea defensa de ambos equipos y la falta de definici\u00f3n en ataque. <\/p>\n<p>El Sparta Rotterdam domin\u00f3 la posesi\u00f3n del bal\u00f3n (69%) y gener\u00f3 m\u00e1s ocasiones de gol (9 disparos, 1 a puerta), pero no logr\u00f3 superar la defensa del Heracles. Los visitantes, a pesar de tener menos posesi\u00f3n (31%), tuvieron algunas oportunidades claras, con 2 disparos a puerta.<\/p>\n<p>El partido se vio interrumpido por varias faltas y tarjetas amarillas. El Heracles recibi\u00f3 una tarjeta amarilla por parte de S. Zand en el minuto 39, mientras que el Sparta Rotterdam recibi\u00f3 una tarjeta amarilla por parte de Metinho en el minuto 45. Ambos equipos realizaron numerosos cambios durante el partido, con el Sparta Rotterdam realizando 5 cambios y el Heracles realizando 4.<\/p>\n<p>El empate deja al Sparta Rotterdam con 1 punto y al Heracles con 1 punto en la tabla de la Eredivisie.<\/p>\n<p>Sustituciones en el equipo de heracles: en el minuto 25 ingres\u00f3 J. Wieckhoff y sali\u00f3 L. Milani, en el minuto 65 ingres\u00f3 S. Scheperman y sali\u00f3 S. Zand, en el minuto 83 ingres\u00f3 T. Bruns y sali\u00f3 D. van Kaam, en el minuto 83 ingres\u00f3 G. Sambo y sali\u00f3 J. Talvitie <\/p>\n<p>Sustituciones en el equipo de sparta rotterdam: en el minuto 55 ingres\u00f3 J. de Guzman y sali\u00f3 Metinho, en el minuto 70 ingres\u00f3 R. Meissen y sali\u00f3 M. Eerdhuijzen, en el minuto 70 ingres\u00f3 C. Brym y sali\u00f3 T. Lauritsen, en el minuto 70 ingres\u00f3 C. Neghli y sali\u00f3 S. Mito, en el minuto 81 ingres\u00f3 J. Kitolano y sali\u00f3 A. Verschueren <\/p>\n<p>Los equipos alinearon de la siguiente manera:<\/p>\n<div class=\"lineups-container\">\n<style>\n                .lineups-container {\n                    display: flex;\n                    justify-content: space-around;\n                    flex-wrap: wrap;\n                }\n                .team-lineup {\n                    width: 49%;\n                    margin-bottom: 20px;\n                    border: 1px solid #ccc;\n                    padding: 5px;\n                }\n                .team-lineup h3 {\n                    text-align: center;\n                    margin-bottom: 10px;\n                }\n                .players-container {\n                    display: flex;\n                    justify-content: space-between;\n                }\n                .players-container div {\n                    width: 100%;\n                }\n                .player {\n                    display: flex;\n                    align-items: center;\n                    margin-bottom: 5px;\n                }\n                .player img {\n                    width: 30px;\n                    height: 30px;\n                    border-radius: 50%;\n                    margin-right: 10px;\n                }\n                    @media (max-width: 600px) {\n                    .team-lineup {\n                        width: 100%;\n                    }\n                }\n                <\/style>\n<div class=\"team-lineup\">\n<h3>Sparta Rotterdam<\/h3>\n<p><img decoding=\"async\" src=\"https:\/\/media.api-sports.io\/football\/teams\/426.png\" alt=\"Sparta Rotterdam\" style=\"width: 50px; height: 50px;\"><\/p>\n<div class=\"players-container\">\n<div>\n<h4>Titulares:<\/h4>\n<div class=\"player\"><a href=\"https:\/\/soccer.aidatasports.com\/es\/players\/Nick-Olij-37818\"><img decoding=\"async\" src=\"https:\/\/soccer.aidatasports.com\/images\/players\/37818.png\" alt=\"Nick Olij\" onerror=\"this.onerror=null;this.src='https:\/\/soccer.aidatasports.com\/images\/players\/default-player.png';\"><span>Nick Olij<\/span><\/a><\/div>\n<div class=\"player\"><a href=\"https:\/\/soccer.aidatasports.com\/es\/players\/Boyd-Reith-135379\"><img decoding=\"async\" src=\"https:\/\/soccer.aidatasports.com\/images\/players\/135379.png\" alt=\"Boyd Reith\" onerror=\"this.onerror=null;this.src='https:\/\/soccer.aidatasports.com\/images\/players\/default-player.png';\"><span>Boyd Reith<\/span><\/a><\/div>\n<div class=\"player\"><a href=\"https:\/\/soccer.aidatasports.com\/es\/players\/Teo-Quintero-148128\"><img decoding=\"async\" src=\"https:\/\/soccer.aidatasports.com\/images\/players\/148128.png\" alt=\"Teo Quintero\" onerror=\"this.onerror=null;this.src='https:\/\/soccer.aidatasports.com\/images\/players\/default-player.png';\"><span>Teo Quintero<\/span><\/a><\/div>\n<div class=\"player\"><a href=\"https:\/\/soccer.aidatasports.com\/es\/players\/Mike-Eerdhuijzen-37735\"><img decoding=\"async\" src=\"https:\/\/soccer.aidatasports.com\/images\/players\/37735.png\" alt=\"Mike Eerdhuijzen\" onerror=\"this.onerror=null;this.src='https:\/\/soccer.aidatasports.com\/images\/players\/default-player.png';\"><span>Mike Eerdhuijzen<\/span><\/a><\/div>\n<div class=\"player\"><a href=\"https:\/\/soccer.aidatasports.com\/es\/players\/Djevencio-van-der-Kust-93006\"><img decoding=\"async\" src=\"https:\/\/soccer.aidatasports.com\/images\/players\/93006.png\" alt=\"Djevencio van der Kust\" onerror=\"this.onerror=null;this.src='https:\/\/soccer.aidatasports.com\/images\/players\/default-player.png';\"><span>Djevencio van der Kust<\/span><\/a><\/div>\n<div class=\"player\"><a href=\"https:\/\/soccer.aidatasports.com\/es\/players\/Metinho-305816\"><img decoding=\"async\" src=\"https:\/\/soccer.aidatasports.com\/images\/players\/305816.png\" alt=\"Metinho\" onerror=\"this.onerror=null;this.src='https:\/\/soccer.aidatasports.com\/images\/players\/default-player.png';\"><span>Metinho<\/span><\/a><\/div>\n<div class=\"player\"><a href=\"https:\/\/soccer.aidatasports.com\/es\/players\/Pelle-Clement-36925\"><img decoding=\"async\" src=\"https:\/\/soccer.aidatasports.com\/images\/players\/36925.png\" alt=\"Pelle Clement\" onerror=\"this.onerror=null;this.src='https:\/\/soccer.aidatasports.com\/images\/players\/default-player.png';\"><span>Pelle Clement<\/span><\/a><\/div>\n<div class=\"player\"><a href=\"https:\/\/soccer.aidatasports.com\/es\/players\/Shunsuke-Mito-237131\"><img decoding=\"async\" src=\"https:\/\/soccer.aidatasports.com\/images\/players\/237131.png\" alt=\"Shunsuke Mito\" onerror=\"this.onerror=null;this.src='https:\/\/soccer.aidatasports.com\/images\/players\/default-player.png';\"><span>Shunsuke Mito<\/span><\/a><\/div>\n<div class=\"player\"><a href=\"https:\/\/soccer.aidatasports.com\/es\/players\/Arno-Verschueren-38706\"><img decoding=\"async\" src=\"https:\/\/soccer.aidatasports.com\/images\/players\/38706.png\" alt=\"Arno Verschueren\" onerror=\"this.onerror=null;this.src='https:\/\/soccer.aidatasports.com\/images\/players\/default-player.png';\"><span>Arno Verschueren<\/span><\/a><\/div>\n<div class=\"player\"><a href=\"https:\/\/soccer.aidatasports.com\/es\/players\/Mohamed-Nassoh-290548\"><img decoding=\"async\" src=\"https:\/\/soccer.aidatasports.com\/images\/players\/290548.png\" alt=\"Mohamed Nassoh\" onerror=\"this.onerror=null;this.src='https:\/\/soccer.aidatasports.com\/images\/players\/default-player.png';\"><span>Mohamed Nassoh<\/span><\/a><\/div>\n<div class=\"player\"><a href=\"https:\/\/soccer.aidatasports.com\/es\/players\/Tobias-Lauritsen-39100\"><img decoding=\"async\" src=\"https:\/\/soccer.aidatasports.com\/images\/players\/39100.png\" alt=\"Tobias Lauritsen\" onerror=\"this.onerror=null;this.src='https:\/\/soccer.aidatasports.com\/images\/players\/default-player.png';\"><span>Tobias Lauritsen<\/span><\/a><\/div>\n<\/div>\n<div>\n<h4>Suplentes:<\/h4>\n<div class=\"player\"><a href=\"https:\/\/soccer.aidatasports.com\/es\/players\/Jonathan-de-Guzm\u00e1n-1815\"><img decoding=\"async\" src=\"https:\/\/soccer.aidatasports.com\/images\/players\/1815.png\" alt=\"Jonathan de Guzm\u00e1n\" onerror=\"this.onerror=null;this.src='https:\/\/soccer.aidatasports.com\/images\/players\/default-player.png';\"><span>Jonathan de Guzm\u00e1n<\/span><\/a><\/div>\n<div class=\"player\"><a href=\"https:\/\/soccer.aidatasports.com\/es\/players\/Rick-Meissen-272091\"><img decoding=\"async\" src=\"https:\/\/soccer.aidatasports.com\/images\/players\/272091.png\" alt=\"Rick Meissen\" onerror=\"this.onerror=null;this.src='https:\/\/soccer.aidatasports.com\/images\/players\/default-player.png';\"><span>Rick Meissen<\/span><\/a><\/div>\n<div class=\"player\"><a href=\"https:\/\/soccer.aidatasports.com\/es\/players\/Charles-Andreas-Brym-129788\"><img decoding=\"async\" src=\"https:\/\/soccer.aidatasports.com\/images\/players\/129788.png\" alt=\"Charles-Andreas Brym\" onerror=\"this.onerror=null;this.src='https:\/\/soccer.aidatasports.com\/images\/players\/default-player.png';\"><span>Charles-Andreas Brym<\/span><\/a><\/div>\n<div class=\"player\"><a href=\"https:\/\/soccer.aidatasports.com\/es\/players\/Camiel-Neghli-290635\"><img decoding=\"async\" src=\"https:\/\/soccer.aidatasports.com\/images\/players\/290635.png\" alt=\"Camiel Neghli\" onerror=\"this.onerror=null;this.src='https:\/\/soccer.aidatasports.com\/images\/players\/default-player.png';\"><span>Camiel Neghli<\/span><\/a><\/div>\n<div class=\"player\"><a href=\"https:\/\/soccer.aidatasports.com\/es\/players\/Joshua-Kitolano-39091\"><img decoding=\"async\" src=\"https:\/\/soccer.aidatasports.com\/images\/players\/39091.png\" alt=\"Joshua Kitolano\" onerror=\"this.onerror=null;this.src='https:\/\/soccer.aidatasports.com\/images\/players\/default-player.png';\"><span>Joshua Kitolano<\/span><\/a><\/div>\n<div class=\"player\"><a href=\"https:\/\/soccer.aidatasports.com\/es\/players\/Youri-Schoonderwaldt-129050\"><img decoding=\"async\" src=\"https:\/\/soccer.aidatasports.com\/images\/players\/129050.png\" alt=\"Youri Schoonderwaldt\" onerror=\"this.onerror=null;this.src='https:\/\/soccer.aidatasports.com\/images\/players\/default-player.png';\"><span>Youri Schoonderwaldt<\/span><\/a><\/div>\n<div class=\"player\"><a href=\"https:\/\/soccer.aidatasports.com\/es\/players\/Kaylen-Reitmaier-287941\"><img decoding=\"async\" src=\"https:\/\/soccer.aidatasports.com\/images\/players\/287941.png\" alt=\"Kaylen Reitmaier\" onerror=\"this.onerror=null;this.src='https:\/\/soccer.aidatasports.com\/images\/players\/default-player.png';\"><span>Kaylen Reitmaier<\/span><\/a><\/div>\n<div class=\"player\"><a href=\"https:\/\/soccer.aidatasports.com\/es\/players\/Marvin-Young-None\"><img decoding=\"async\" src=\"https:\/\/soccer.aidatasports.com\/images\/players\/None.png\" alt=\"Marvin Young\" onerror=\"this.onerror=null;this.src='https:\/\/soccer.aidatasports.com\/images\/players\/default-player.png';\"><span>Marvin Young<\/span><\/a><\/div>\n<div class=\"player\"><a href=\"https:\/\/soccer.aidatasports.com\/es\/players\/Sa\u00efd-Bakari-36862\"><img decoding=\"async\" src=\"https:\/\/soccer.aidatasports.com\/images\/players\/36862.png\" alt=\"Sa\u00efd Bakari\" onerror=\"this.onerror=null;this.src='https:\/\/soccer.aidatasports.com\/images\/players\/default-player.png';\"><span>Sa\u00efd Bakari<\/span><\/a><\/div>\n<div class=\"player\"><a href=\"https:\/\/soccer.aidatasports.com\/es\/players\/Julian-Baas-272454\"><img decoding=\"async\" src=\"https:\/\/soccer.aidatasports.com\/images\/players\/272454.png\" alt=\"Julian Baas\" onerror=\"this.onerror=null;this.src='https:\/\/soccer.aidatasports.com\/images\/players\/default-player.png';\"><span>Julian Baas<\/span><\/a><\/div>\n<div class=\"player\"><a href=\"https:\/\/soccer.aidatasports.com\/es\/players\/Mike-Kleijn-359984\"><img decoding=\"async\" src=\"https:\/\/soccer.aidatasports.com\/images\/players\/359984.png\" alt=\"Mike Kleijn\" onerror=\"this.onerror=null;this.src='https:\/\/soccer.aidatasports.com\/images\/players\/default-player.png';\"><span>Mike Kleijn<\/span><\/a><\/div>\n<div class=\"player\"><a href=\"https:\/\/soccer.aidatasports.com\/es\/players\/Rayvien-Rosario-359464\"><img decoding=\"async\" src=\"https:\/\/soccer.aidatasports.com\/images\/players\/359464.png\" alt=\"Rayvien Rosario\" onerror=\"this.onerror=null;this.src='https:\/\/soccer.aidatasports.com\/images\/players\/default-player.png';\"><span>Rayvien Rosario<\/span><\/a><\/div>\n<\/div>\n<\/div>\n<\/div>\n<div class=\"team-lineup\">\n<h3>Heracles<\/h3>\n<p><img decoding=\"async\" src=\"https:\/\/media.api-sports.io\/football\/teams\/206.png\" alt=\"Heracles\" style=\"width: 50px; height: 50px;\"><\/p>\n<div class=\"players-container\">\n<div>\n<h4>Titulares:<\/h4>\n<div class=\"player\"><a href=\"https:\/\/soccer.aidatasports.com\/es\/players\/Fabian-de-Keijzer-92975\"><img decoding=\"async\" src=\"https:\/\/soccer.aidatasports.com\/images\/players\/92975.png\" alt=\"Fabian de Keijzer\" onerror=\"this.onerror=null;this.src='https:\/\/soccer.aidatasports.com\/images\/players\/default-player.png';\"><span>Fabian de Keijzer<\/span><\/a><\/div>\n<div class=\"player\"><a href=\"https:\/\/soccer.aidatasports.com\/es\/players\/Mimeirhel-Benita-322868\"><img decoding=\"async\" src=\"https:\/\/soccer.aidatasports.com\/images\/players\/322868.png\" alt=\"Mimeirhel Benita\" onerror=\"this.onerror=null;this.src='https:\/\/soccer.aidatasports.com\/images\/players\/default-player.png';\"><span>Mimeirhel Benita<\/span><\/a><\/div>\n<div class=\"player\"><a href=\"https:\/\/soccer.aidatasports.com\/es\/players\/Damon-Mirani-37670\"><img decoding=\"async\" src=\"https:\/\/soccer.aidatasports.com\/images\/players\/37670.png\" alt=\"Damon Mirani\" onerror=\"this.onerror=null;this.src='https:\/\/soccer.aidatasports.com\/images\/players\/default-player.png';\"><span>Damon Mirani<\/span><\/a><\/div>\n<div class=\"player\"><a href=\"https:\/\/soccer.aidatasports.com\/es\/players\/Ivan-Mes\u00edk-1393\"><img decoding=\"async\" src=\"https:\/\/soccer.aidatasports.com\/images\/players\/1393.png\" alt=\"Ivan Mes\u00edk\" onerror=\"this.onerror=null;this.src='https:\/\/soccer.aidatasports.com\/images\/players\/default-player.png';\"><span>Ivan Mes\u00edk<\/span><\/a><\/div>\n<div class=\"player\"><a href=\"https:\/\/soccer.aidatasports.com\/es\/players\/Lorenzo-Milani-None\"><img decoding=\"async\" src=\"https:\/\/soccer.aidatasports.com\/images\/players\/None.png\" alt=\"Lorenzo Milani\" onerror=\"this.onerror=null;this.src='https:\/\/soccer.aidatasports.com\/images\/players\/default-player.png';\"><span>Lorenzo Milani<\/span><\/a><\/div>\n<div class=\"player\"><a href=\"https:\/\/soccer.aidatasports.com\/es\/players\/Brian-De-Keersmaecker-8902\"><img decoding=\"async\" src=\"https:\/\/soccer.aidatasports.com\/images\/players\/8902.png\" alt=\"Brian De Keersmaecker\" onerror=\"this.onerror=null;this.src='https:\/\/soccer.aidatasports.com\/images\/players\/default-player.png';\"><span>Brian De Keersmaecker<\/span><\/a><\/div>\n<div class=\"player\"><a href=\"https:\/\/soccer.aidatasports.com\/es\/players\/Daniel-van-Kaam-38126\"><img decoding=\"async\" src=\"https:\/\/soccer.aidatasports.com\/images\/players\/38126.png\" alt=\"Daniel van Kaam\" onerror=\"this.onerror=null;this.src='https:\/\/soccer.aidatasports.com\/images\/players\/default-player.png';\"><span>Daniel van Kaam<\/span><\/a><\/div>\n<div class=\"player\"><a href=\"https:\/\/soccer.aidatasports.com\/es\/players\/Juho-Talvitie-314078\"><img decoding=\"async\" src=\"https:\/\/soccer.aidatasports.com\/images\/players\/314078.png\" alt=\"Juho Talvitie\" onerror=\"this.onerror=null;this.src='https:\/\/soccer.aidatasports.com\/images\/players\/default-player.png';\"><span>Juho Talvitie<\/span><\/a><\/div>\n<div class=\"player\"><a href=\"https:\/\/soccer.aidatasports.com\/es\/players\/Shiloh-'t-Zand-361888\"><img decoding=\"async\" src=\"https:\/\/soccer.aidatasports.com\/images\/players\/361888.png\" alt=\"Shiloh 't Zand\" onerror=\"this.onerror=null;this.src='https:\/\/soccer.aidatasports.com\/images\/players\/default-player.png';\"><span>Shiloh &#8216;t Zand<\/span><\/a><\/div>\n<div class=\"player\"><a href=\"https:\/\/soccer.aidatasports.com\/es\/players\/Bryan-Limbombe-161901\"><img decoding=\"async\" src=\"https:\/\/soccer.aidatasports.com\/images\/players\/161901.png\" alt=\"Bryan Limbombe\" onerror=\"this.onerror=null;this.src='https:\/\/soccer.aidatasports.com\/images\/players\/default-player.png';\"><span>Bryan Limbombe<\/span><\/a><\/div>\n<div class=\"player\"><a href=\"https:\/\/soccer.aidatasports.com\/es\/players\/Mario-Engels-37081\"><img decoding=\"async\" src=\"https:\/\/soccer.aidatasports.com\/images\/players\/37081.png\" alt=\"Mario Engels\" onerror=\"this.onerror=null;this.src='https:\/\/soccer.aidatasports.com\/images\/players\/default-player.png';\"><span>Mario Engels<\/span><\/a><\/div>\n<\/div>\n<div>\n<h4>Suplentes:<\/h4>\n<div class=\"player\"><a href=\"https:\/\/soccer.aidatasports.com\/es\/players\/Jannes-Wieckhoff-177714\"><img decoding=\"async\" src=\"https:\/\/soccer.aidatasports.com\/images\/players\/177714.png\" alt=\"Jannes Wieckhoff\" onerror=\"this.onerror=null;this.src='https:\/\/soccer.aidatasports.com\/images\/players\/default-player.png';\"><span>Jannes Wieckhoff<\/span><\/a><\/div>\n<div class=\"player\"><a href=\"https:\/\/soccer.aidatasports.com\/es\/players\/Sem-Scheperman-358450\"><img decoding=\"async\" src=\"https:\/\/soccer.aidatasports.com\/images\/players\/358450.png\" alt=\"Sem Scheperman\" onerror=\"this.onerror=null;this.src='https:\/\/soccer.aidatasports.com\/images\/players\/default-player.png';\"><span>Sem Scheperman<\/span><\/a><\/div>\n<div class=\"player\"><a href=\"https:\/\/soccer.aidatasports.com\/es\/players\/Thomas-Bruns-38122\"><img decoding=\"async\" src=\"https:\/\/soccer.aidatasports.com\/images\/players\/38122.png\" alt=\"Thomas Bruns\" onerror=\"this.onerror=null;this.src='https:\/\/soccer.aidatasports.com\/images\/players\/default-player.png';\"><span>Thomas Bruns<\/span><\/a><\/div>\n<div class=\"player\"><a href=\"https:\/\/soccer.aidatasports.com\/es\/players\/Giandro-Sambo-None\"><img decoding=\"async\" src=\"https:\/\/soccer.aidatasports.com\/images\/players\/None.png\" alt=\"Giandro Sambo\" onerror=\"this.onerror=null;this.src='https:\/\/soccer.aidatasports.com\/images\/players\/default-player.png';\"><span>Giandro Sambo<\/span><\/a><\/div>\n<div class=\"player\"><a href=\"https:\/\/soccer.aidatasports.com\/es\/players\/Timo-Jansink-358449\"><img decoding=\"async\" src=\"https:\/\/soccer.aidatasports.com\/images\/players\/358449.png\" alt=\"Timo Jansink\" onerror=\"this.onerror=null;this.src='https:\/\/soccer.aidatasports.com\/images\/players\/default-player.png';\"><span>Timo Jansink<\/span><\/a><\/div>\n<div class=\"player\"><a href=\"https:\/\/soccer.aidatasports.com\/es\/players\/Robin-Mantel-8742\"><img decoding=\"async\" src=\"https:\/\/soccer.aidatasports.com\/images\/players\/8742.png\" alt=\"Robin Mantel\" onerror=\"this.onerror=null;this.src='https:\/\/soccer.aidatasports.com\/images\/players\/default-player.png';\"><span>Robin Mantel<\/span><\/a><\/div>\n<div class=\"player\"><a href=\"https:\/\/soccer.aidatasports.com\/es\/players\/Jop-Tijink-470471\"><img decoding=\"async\" src=\"https:\/\/soccer.aidatasports.com\/images\/players\/470471.png\" alt=\"Jop Tijink\" onerror=\"this.onerror=null;this.src='https:\/\/soccer.aidatasports.com\/images\/players\/default-player.png';\"><span>Jop Tijink<\/span><\/a><\/div>\n<div class=\"player\"><a href=\"https:\/\/soccer.aidatasports.com\/es\/players\/Jordy-Bruijn-37371\"><img decoding=\"async\" src=\"https:\/\/soccer.aidatasports.com\/images\/players\/37371.png\" alt=\"Jordy Bruijn\" onerror=\"this.onerror=null;this.src='https:\/\/soccer.aidatasports.com\/images\/players\/default-player.png';\"><span>Jordy Bruijn<\/span><\/a><\/div>\n<div class=\"player\"><a href=\"https:\/\/soccer.aidatasports.com\/es\/players\/Tiago-Codinha-None\"><img decoding=\"async\" src=\"https:\/\/soccer.aidatasports.com\/images\/players\/None.png\" alt=\"Tiago Codinha\" onerror=\"this.onerror=null;this.src='https:\/\/soccer.aidatasports.com\/images\/players\/default-player.png';\"><span>Tiago Codinha<\/span><\/a><\/div>\n<div class=\"player\"><a href=\"https:\/\/soccer.aidatasports.com\/es\/players\/Antonio-Satriano-301457\"><img decoding=\"async\" src=\"https:\/\/soccer.aidatasports.com\/images\/players\/301457.png\" alt=\"Antonio Satriano\" onerror=\"this.onerror=null;this.src='https:\/\/soccer.aidatasports.com\/images\/players\/default-player.png';\"><span>Antonio Satriano<\/span><\/a><\/div>\n<\/div>\n<\/div>\n<\/div>\n<\/div>\n<div id=\"wg-api-football-game\"\n                    data-host=\"xxxxx\"\n                    data-key=\"xxxx\"\n                    data-id=\"1213446\"\n                    data-theme=\"\"\n                    data-refresh=\"15\"\n                    data-show-errors=\"false\"\n                    data-show-logos=\"true\"><br \/>\n                    class=\u00bbwg_loader\u00bb>\n                <\/div>\n<div id=\"wg-api-football-standings\"\n                    data-host=\"xxxx\"\n                    data-key=\"ddddd\"\n                    data-league=\"88\"\n                    data-team=\"\"\n                    data-season=\"2024\"\n                    data-theme=\"\"\n                    data-show-errors=\"false\"\n                    data-show-logos=\"true\"\n                    class=\"wg_loader\">\n                <\/div>\n<p>                <script\n                    type=\"module\"\n                    src=\"https:\/\/soccer.aidatasports.com\/wp-content\/customjs\/widgetslocal.js\">\n                <\/script><\/p>\n","protected":false},"excerpt":{"rendered":"<p>Sparta Rotterdam y Heracles empatan en un partido tenso Rotterdam, 11 de agosto de 2024.&hellip;<\/p>\n","protected":false},"author":1,"featured_media":30779,"comment_status":"open","ping_status":"open","sticky":false,"template":"","format":"standard","meta":{"content-type":"","_lmt_disableupdate":"","_lmt_disable":"","_league":0,"_fixture":1213446,"penci_pfeatured_image_ratio":"","penci_single_style":"","footnotes":""},"categories":[],"tags":[329,540],"class_list":["post-30780","post","type-post","status-publish","format-standard","has-post-thumbnail","hentry","tag-heracles-netherlands-206","tag-sparta-rotterdam-netherlands-426"],"_links":{"self":[{"href":"https:\/\/soccer.aidatasports.com\/es\/wp-json\/wp\/v2\/posts\/30780"}],"collection":[{"href":"https:\/\/soccer.aidatasports.com\/es\/wp-json\/wp\/v2\/posts"}],"about":[{"href":"https:\/\/soccer.aidatasports.com\/es\/wp-json\/wp\/v2\/types\/post"}],"author":[{"embeddable":true,"href":"https:\/\/soccer.aidatasports.com\/es\/wp-json\/wp\/v2\/users\/1"}],"replies":[{"embeddable":true,"href":"https:\/\/soccer.aidatasports.com\/es\/wp-json\/wp\/v2\/comments?post=30780"}],"version-history":[{"count":0,"href":"https:\/\/soccer.aidatasports.com\/es\/wp-json\/wp\/v2\/posts\/30780\/revisions"}],"wp:featuredmedia":[{"embeddable":true,"href":"https:\/\/soccer.aidatasports.com\/es\/wp-json\/wp\/v2\/media\/30779"}],"wp:attachment":[{"href":"https:\/\/soccer.aidatasports.com\/es\/wp-json\/wp\/v2\/media?parent=30780"}],"wp:term":[{"taxonomy":"category","embeddable":true,"href":"https:\/\/soccer.aidatasports.com\/es\/wp-json\/wp\/v2\/categories?post=30780"},{"taxonomy":"post_tag","embeddable":true,"href":"https:\/\/soccer.aidatasports.com\/es\/wp-json\/wp\/v2\/tags?post=30780"}],"curies":[{"name":"wp","href":"https:\/\/api.w.org\/{rel}","templated":true}]}}