{"id":162129,"date":"2026-03-01T23:10:32","date_gmt":"2026-03-01T23:10:32","guid":{"rendered":"https:\/\/soccer.aidatasports.com\/es\/uncategorized\/colo-colo-vs-universidad-de-chile-mar-01-2026-2100-utc\/"},"modified":"2026-03-01T23:10:32","modified_gmt":"2026-03-01T23:10:32","slug":"colo-colo-vs-universidad-de-chile-mar-01-2026-2100-utc","status":"publish","type":"post","link":"https:\/\/soccer.aidatasports.com\/es\/matches\/colo-colo-vs-universidad-de-chile-mar-01-2026-2100-utc\/","title":{"rendered":"Colo Colo vs Universidad de Chile Mar 01 2026 21:00 UTC"},"content":{"rendered":"<p>Aqu\u00ed est\u00e1n las noticias en los cuatro idiomas solicitados, basadas en las estad\u00edsticas y eventos proporcionados, sin utilizar * ni # en el resultado y omitiendo informaci\u00f3n sobre las sustituciones:<\/p>\n<p><strong>Espa\u00f1ol<\/strong><\/p>\n<p><strong>Cl\u00e1sico Universitario se Decide con Gol de Zald\u00edvar en el Monumental<\/strong><\/p>\n<p>Santiago de Chile \u2013 En un tenso y disputado encuentro en el Estadio Monumental David Arellano, Universidad de Chile se impuso a Colo Colo con un gol de Marcos Zald\u00edvar al minuto 70, con asistencia de Juan Mart\u00edn Lucero. El partido, correspondiente a la fecha 5 de la temporada 2026 de la Primera Divisi\u00f3n chilena, estuvo marcado por la intensidad y las constantes faltas, reflejadas en las numerosas tarjetas amarillas mostradas por el \u00e1rbitro Cristian Garay.<\/p>\n<p>Colo Colo domin\u00f3 la posesi\u00f3n del bal\u00f3n con un 57%, pero no logr\u00f3 traducir esa superioridad en goles. De los 10 tiros realizados, solo 3 encontraron la porter\u00eda defendida por el portero de la Universidad de Chile. Por su parte, la \u00abU\u00bb aprovech\u00f3 una de sus pocas oportunidades, concretando el gol que le dar\u00eda la victoria.<\/p>\n<p>El encuentro estuvo salpicado de infracciones, con 16 faltas cometidas por Universidad de Chile y 10 por Colo Colo. Arturo Vidal y Leandro Pastr\u00e1n vieron la tarjeta amarilla por parte de Colo Colo, mientras que Mat\u00edas Morales y Juan Mart\u00edn Lucero fueron amonestados por la \u00abU\u00bb. A pesar del dominio territorial de Colo Colo, la Universidad de Chile se llev\u00f3 los tres puntos en un cl\u00e1sico que no defraud\u00f3 en intensidad.<\/p>\n<p>Sustituciones en el equipo de universidad de chile: en el minuto 61 ingres\u00f3 Eduardo Vargas y sali\u00f3 M. G. Guerrero Pena, en el minuto 72 ingres\u00f3 M. Morales y sali\u00f3 F. Salomoni, en el minuto 84 ingres\u00f3 J. Altamirano y sali\u00f3 L. Romero <\/p>\n<p>Sustituciones en el equipo de colo colo: en el minuto 66 ingres\u00f3 A. Vidal y sali\u00f3 A. Madrid, en el minuto 67 ingres\u00f3 C. Aquino y sali\u00f3 L. Hernandez, en el minuto 67 ingres\u00f3 M. Romero y sali\u00f3 L. Pastran, en el minuto 80 ingres\u00f3 T. Alarcon y sali\u00f3 Y. Cuevas, en el minuto 85 ingres\u00f3 D. Ulloa y sali\u00f3 F. Marchant <\/p>\n<p>Los equipos alinearon de la siguiente manera:<\/p>\n<div class=\"lineups-container\">\n<style>\n                .lineups-container {\n                    display: flex;\n                    justify-content: space-around;\n                    flex-wrap: wrap;\n                }\n                .team-lineup {\n                    width: 49%;\n                    margin-bottom: 20px;\n                    border: 1px solid #ccc;\n                    padding: 5px;\n                }\n                .team-lineup h3 {\n                    text-align: center;\n                    margin-bottom: 10px;\n                }\n                .players-container {\n                    display: flex;\n                    justify-content: space-between;\n                }\n                .players-container div {\n                    width: 100%;\n                }\n                .player {\n                    display: flex;\n                    align-items: center;\n                    margin-bottom: 5px;\n                }\n                .player img {\n                    width: 30px;\n                    height: 30px;\n                    border-radius: 50%;\n                    margin-right: 10px;\n                }\n                    @media (max-width: 600px) {\n                    .team-lineup {\n                        width: 100%;\n                    }\n                }\n                <\/style>\n<div class=\"team-lineup\">\n<h3>Colo Colo<\/h3>\n<p><img decoding=\"async\" src=\"https:\/\/media.api-sports.io\/football\/teams\/2315.png\" alt=\"Colo Colo\" style=\"width: 50px; height: 50px;\"><\/p>\n<div class=\"players-container\">\n<div>\n<h4>Titulares:<\/h4>\n<div class=\"player\"><a href=\"https:\/\/soccer.aidatasports.com\/es\/players\/Fernando-de-Paul-11818\"><img decoding=\"async\" src=\"https:\/\/soccer.aidatasports.com\/images\/players\/11818.png\" alt=\"Fernando de Paul\" onerror=\"this.onerror=null;this.src='https:\/\/soccer.aidatasports.com\/images\/players\/default-player.png';\"><span>Fernando de Paul<\/span><\/a><\/div>\n<div class=\"player\"><a href=\"https:\/\/soccer.aidatasports.com\/es\/players\/Jeyson-Rojas-201910\"><img decoding=\"async\" src=\"https:\/\/soccer.aidatasports.com\/images\/players\/201910.png\" alt=\"Jeyson Rojas\" onerror=\"this.onerror=null;this.src='https:\/\/soccer.aidatasports.com\/images\/players\/default-player.png';\"><span>Jeyson Rojas<\/span><\/a><\/div>\n<div class=\"player\"><a href=\"https:\/\/soccer.aidatasports.com\/es\/players\/Jonathan-Villagra-196009\"><img decoding=\"async\" src=\"https:\/\/soccer.aidatasports.com\/images\/players\/196009.png\" alt=\"Jonathan Villagra\" onerror=\"this.onerror=null;this.src='https:\/\/soccer.aidatasports.com\/images\/players\/default-player.png';\"><span>Jonathan Villagra<\/span><\/a><\/div>\n<div class=\"player\"><a href=\"https:\/\/soccer.aidatasports.com\/es\/players\/Joaqu\u00edn-Sosa-195508\"><img decoding=\"async\" src=\"https:\/\/soccer.aidatasports.com\/images\/players\/195508.png\" alt=\"Joaqu\u00edn Sosa\" onerror=\"this.onerror=null;this.src='https:\/\/soccer.aidatasports.com\/images\/players\/default-player.png';\"><span>Joaqu\u00edn Sosa<\/span><\/a><\/div>\n<div class=\"player\"><a href=\"https:\/\/soccer.aidatasports.com\/es\/players\/Diego-Ulloa-353858\"><img decoding=\"async\" src=\"https:\/\/soccer.aidatasports.com\/images\/players\/353858.png\" alt=\"Diego Ulloa\" onerror=\"this.onerror=null;this.src='https:\/\/soccer.aidatasports.com\/images\/players\/default-player.png';\"><span>Diego Ulloa<\/span><\/a><\/div>\n<div class=\"player\"><a href=\"https:\/\/soccer.aidatasports.com\/es\/players\/V\u00edctor-Felipe-M\u00e9ndez-11453\"><img decoding=\"async\" src=\"https:\/\/soccer.aidatasports.com\/images\/players\/11453.png\" alt=\"V\u00edctor Felipe M\u00e9ndez\" onerror=\"this.onerror=null;this.src='https:\/\/soccer.aidatasports.com\/images\/players\/default-player.png';\"><span>V\u00edctor Felipe M\u00e9ndez<\/span><\/a><\/div>\n<div class=\"player\"><a href=\"https:\/\/soccer.aidatasports.com\/es\/players\/Arturo-Vidal-151\"><img decoding=\"async\" src=\"https:\/\/soccer.aidatasports.com\/images\/players\/151.png\" alt=\"Arturo Vidal\" onerror=\"this.onerror=null;this.src='https:\/\/soccer.aidatasports.com\/images\/players\/default-player.png';\"><span>Arturo Vidal<\/span><\/a><\/div>\n<div class=\"player\"><a href=\"https:\/\/soccer.aidatasports.com\/es\/players\/Tom\u00e1s-Alarc\u00f3n-11471\"><img decoding=\"async\" src=\"https:\/\/soccer.aidatasports.com\/images\/players\/11471.png\" alt=\"Tom\u00e1s Alarc\u00f3n\" onerror=\"this.onerror=null;this.src='https:\/\/soccer.aidatasports.com\/images\/players\/default-player.png';\"><span>Tom\u00e1s Alarc\u00f3n<\/span><\/a><\/div>\n<div class=\"player\"><a href=\"https:\/\/soccer.aidatasports.com\/es\/players\/Claudio-Aquino-70584\"><img decoding=\"async\" src=\"https:\/\/soccer.aidatasports.com\/images\/players\/70584.png\" alt=\"Claudio Aquino\" onerror=\"this.onerror=null;this.src='https:\/\/soccer.aidatasports.com\/images\/players\/default-player.png';\"><span>Claudio Aquino<\/span><\/a><\/div>\n<div class=\"player\"><a href=\"https:\/\/soccer.aidatasports.com\/es\/players\/Javier-Correa-35790\"><img decoding=\"async\" src=\"https:\/\/soccer.aidatasports.com\/images\/players\/35790.png\" alt=\"Javier Correa\" onerror=\"this.onerror=null;this.src='https:\/\/soccer.aidatasports.com\/images\/players\/default-player.png';\"><span>Javier Correa<\/span><\/a><\/div>\n<div class=\"player\"><a href=\"https:\/\/soccer.aidatasports.com\/es\/players\/Maximiliano-Romero-251\"><img decoding=\"async\" src=\"https:\/\/soccer.aidatasports.com\/images\/players\/251.png\" alt=\"Maximiliano Romero\" onerror=\"this.onerror=null;this.src='https:\/\/soccer.aidatasports.com\/images\/players\/default-player.png';\"><span>Maximiliano Romero<\/span><\/a><\/div>\n<\/div>\n<div>\n<h4>Suplentes:<\/h4>\n<div class=\"player\"><a href=\"https:\/\/soccer.aidatasports.com\/es\/players\/Lautaro-Pastr\u00e1n-362705\"><img decoding=\"async\" src=\"https:\/\/soccer.aidatasports.com\/images\/players\/362705.png\" alt=\"Lautaro Pastr\u00e1n\" onerror=\"this.onerror=null;this.src='https:\/\/soccer.aidatasports.com\/images\/players\/default-player.png';\"><span>Lautaro Pastr\u00e1n<\/span><\/a><\/div>\n<div class=\"player\"><a href=\"https:\/\/soccer.aidatasports.com\/es\/players\/\u00c1lvaro-Madrid-11643\"><img decoding=\"async\" src=\"https:\/\/soccer.aidatasports.com\/images\/players\/11643.png\" alt=\"\u00c1lvaro Madrid\" onerror=\"this.onerror=null;this.src='https:\/\/soccer.aidatasports.com\/images\/players\/default-player.png';\"><span>\u00c1lvaro Madrid<\/span><\/a><\/div>\n<div class=\"player\"><a href=\"https:\/\/soccer.aidatasports.com\/es\/players\/Leandro-Hern\u00e1ndez-449075\"><img decoding=\"async\" src=\"https:\/\/soccer.aidatasports.com\/images\/players\/449075.png\" alt=\"Leandro Hern\u00e1ndez\" onerror=\"this.onerror=null;this.src='https:\/\/soccer.aidatasports.com\/images\/players\/default-player.png';\"><span>Leandro Hern\u00e1ndez<\/span><\/a><\/div>\n<div class=\"player\"><a href=\"https:\/\/soccer.aidatasports.com\/es\/players\/Yastin-Cuevas-606250\"><img decoding=\"async\" src=\"https:\/\/soccer.aidatasports.com\/images\/players\/606250.png\" alt=\"Yastin Cuevas\" onerror=\"this.onerror=null;this.src='https:\/\/soccer.aidatasports.com\/images\/players\/default-player.png';\"><span>Yastin Cuevas<\/span><\/a><\/div>\n<div class=\"player\"><a href=\"https:\/\/soccer.aidatasports.com\/es\/players\/Gabriel-Maureira-565699\"><img decoding=\"async\" src=\"https:\/\/soccer.aidatasports.com\/images\/players\/565699.png\" alt=\"Gabriel Maureira\" onerror=\"this.onerror=null;this.src='https:\/\/soccer.aidatasports.com\/images\/players\/default-player.png';\"><span>Gabriel Maureira<\/span><\/a><\/div>\n<div class=\"player\"><a href=\"https:\/\/soccer.aidatasports.com\/es\/players\/Mat\u00edas-Fern\u00e1ndez-11856\"><img decoding=\"async\" src=\"https:\/\/soccer.aidatasports.com\/images\/players\/11856.png\" alt=\"Mat\u00edas Fern\u00e1ndez\" onerror=\"this.onerror=null;this.src='https:\/\/soccer.aidatasports.com\/images\/players\/default-player.png';\"><span>Mat\u00edas Fern\u00e1ndez<\/span><\/a><\/div>\n<div class=\"player\"><a href=\"https:\/\/soccer.aidatasports.com\/es\/players\/Erick-Wiemberg-11388\"><img decoding=\"async\" src=\"https:\/\/soccer.aidatasports.com\/images\/players\/11388.png\" alt=\"Erick Wiemberg\" onerror=\"this.onerror=null;this.src='https:\/\/soccer.aidatasports.com\/images\/players\/default-player.png';\"><span>Erick Wiemberg<\/span><\/a><\/div>\n<div class=\"player\"><a href=\"https:\/\/soccer.aidatasports.com\/es\/players\/Javier-M\u00e9ndez-6122\"><img decoding=\"async\" src=\"https:\/\/soccer.aidatasports.com\/images\/players\/6122.png\" alt=\"Javier M\u00e9ndez\" onerror=\"this.onerror=null;this.src='https:\/\/soccer.aidatasports.com\/images\/players\/default-player.png';\"><span>Javier M\u00e9ndez<\/span><\/a><\/div>\n<div class=\"player\"><a href=\"https:\/\/soccer.aidatasports.com\/es\/players\/Francisco-Marchant-414396\"><img decoding=\"async\" src=\"https:\/\/soccer.aidatasports.com\/images\/players\/414396.png\" alt=\"Francisco Marchant\" onerror=\"this.onerror=null;this.src='https:\/\/soccer.aidatasports.com\/images\/players\/default-player.png';\"><span>Francisco Marchant<\/span><\/a><\/div>\n<\/div>\n<\/div>\n<\/div>\n<div class=\"team-lineup\">\n<h3>Universidad de Chile<\/h3>\n<p><img decoding=\"async\" src=\"https:\/\/media.api-sports.io\/football\/teams\/2323.png\" alt=\"Universidad de Chile\" style=\"width: 50px; height: 50px;\"><\/p>\n<div class=\"players-container\">\n<div>\n<h4>Titulares:<\/h4>\n<div class=\"player\"><a href=\"https:\/\/soccer.aidatasports.com\/es\/players\/Gabriel-Castell\u00f3n-11655\"><img decoding=\"async\" src=\"https:\/\/soccer.aidatasports.com\/images\/players\/11655.png\" alt=\"Gabriel Castell\u00f3n\" onerror=\"this.onerror=null;this.src='https:\/\/soccer.aidatasports.com\/images\/players\/default-player.png';\"><span>Gabriel Castell\u00f3n<\/span><\/a><\/div>\n<div class=\"player\"><a href=\"https:\/\/soccer.aidatasports.com\/es\/players\/Nicol\u00e1s-Ram\u00edrez-11659\"><img decoding=\"async\" src=\"https:\/\/soccer.aidatasports.com\/images\/players\/11659.png\" alt=\"Nicol\u00e1s Ram\u00edrez\" onerror=\"this.onerror=null;this.src='https:\/\/soccer.aidatasports.com\/images\/players\/default-player.png';\"><span>Nicol\u00e1s Ram\u00edrez<\/span><\/a><\/div>\n<div class=\"player\"><a href=\"https:\/\/soccer.aidatasports.com\/es\/players\/Franco-Calder\u00f3n-6106\"><img decoding=\"async\" src=\"https:\/\/soccer.aidatasports.com\/images\/players\/6106.png\" alt=\"Franco Calder\u00f3n\" onerror=\"this.onerror=null;this.src='https:\/\/soccer.aidatasports.com\/images\/players\/default-player.png';\"><span>Franco Calder\u00f3n<\/span><\/a><\/div>\n<div class=\"player\"><a href=\"https:\/\/soccer.aidatasports.com\/es\/players\/Mat\u00edas-Zaldivia-11422\"><img decoding=\"async\" src=\"https:\/\/soccer.aidatasports.com\/images\/players\/11422.png\" alt=\"Mat\u00edas Zaldivia\" onerror=\"this.onerror=null;this.src='https:\/\/soccer.aidatasports.com\/images\/players\/default-player.png';\"><span>Mat\u00edas Zaldivia<\/span><\/a><\/div>\n<div class=\"player\"><a href=\"https:\/\/soccer.aidatasports.com\/es\/players\/Fabi\u00e1n-Hormaz\u00e1bal-12021\"><img decoding=\"async\" src=\"https:\/\/soccer.aidatasports.com\/images\/players\/12021.png\" alt=\"Fabi\u00e1n Hormaz\u00e1bal\" onerror=\"this.onerror=null;this.src='https:\/\/soccer.aidatasports.com\/images\/players\/default-player.png';\"><span>Fabi\u00e1n Hormaz\u00e1bal<\/span><\/a><\/div>\n<div class=\"player\"><a href=\"https:\/\/soccer.aidatasports.com\/es\/players\/Javier-Altamirano-11675\"><img decoding=\"async\" src=\"https:\/\/soccer.aidatasports.com\/images\/players\/11675.png\" alt=\"Javier Altamirano\" onerror=\"this.onerror=null;this.src='https:\/\/soccer.aidatasports.com\/images\/players\/default-player.png';\"><span>Javier Altamirano<\/span><\/a><\/div>\n<div class=\"player\"><a href=\"https:\/\/soccer.aidatasports.com\/es\/players\/Charles-Ar\u00e1nguiz-974\"><img decoding=\"async\" src=\"https:\/\/soccer.aidatasports.com\/images\/players\/974.png\" alt=\"Charles Ar\u00e1nguiz\" onerror=\"this.onerror=null;this.src='https:\/\/soccer.aidatasports.com\/images\/players\/default-player.png';\"><span>Charles Ar\u00e1nguiz<\/span><\/a><\/div>\n<div class=\"player\"><a href=\"https:\/\/soccer.aidatasports.com\/es\/players\/Marcelo-Morales-289291\"><img decoding=\"async\" src=\"https:\/\/soccer.aidatasports.com\/images\/players\/289291.png\" alt=\"Marcelo Morales\" onerror=\"this.onerror=null;this.src='https:\/\/soccer.aidatasports.com\/images\/players\/default-player.png';\"><span>Marcelo Morales<\/span><\/a><\/div>\n<div class=\"player\"><a href=\"https:\/\/soccer.aidatasports.com\/es\/players\/Eduardo-Vargas-35534\"><img decoding=\"async\" src=\"https:\/\/soccer.aidatasports.com\/images\/players\/35534.png\" alt=\"Eduardo Vargas\" onerror=\"this.onerror=null;this.src='https:\/\/soccer.aidatasports.com\/images\/players\/default-player.png';\"><span>Eduardo Vargas<\/span><\/a><\/div>\n<div class=\"player\"><a href=\"https:\/\/soccer.aidatasports.com\/es\/players\/Juan-Mart\u00edn-Lucero-6326\"><img decoding=\"async\" src=\"https:\/\/soccer.aidatasports.com\/images\/players\/6326.png\" alt=\"Juan Mart\u00edn Lucero\" onerror=\"this.onerror=null;this.src='https:\/\/soccer.aidatasports.com\/images\/players\/default-player.png';\"><span>Juan Mart\u00edn Lucero<\/span><\/a><\/div>\n<div class=\"player\"><a href=\"https:\/\/soccer.aidatasports.com\/es\/players\/Israel-Poblete-11801\"><img decoding=\"async\" src=\"https:\/\/soccer.aidatasports.com\/images\/players\/11801.png\" alt=\"Israel Poblete\" onerror=\"this.onerror=null;this.src='https:\/\/soccer.aidatasports.com\/images\/players\/default-player.png';\"><span>Israel Poblete<\/span><\/a><\/div>\n<\/div>\n<div>\n<h4>Suplentes:<\/h4>\n<div class=\"player\"><a href=\"https:\/\/soccer.aidatasports.com\/es\/players\/Maximiliano-Guerrero-12003\"><img decoding=\"async\" src=\"https:\/\/soccer.aidatasports.com\/images\/players\/12003.png\" alt=\"Maximiliano Guerrero\" onerror=\"this.onerror=null;this.src='https:\/\/soccer.aidatasports.com\/images\/players\/default-player.png';\"><span>Maximiliano Guerrero<\/span><\/a><\/div>\n<div class=\"player\"><a href=\"https:\/\/soccer.aidatasports.com\/es\/players\/Felipe-Salomoni-331540\"><img decoding=\"async\" src=\"https:\/\/soccer.aidatasports.com\/images\/players\/331540.png\" alt=\"Felipe Salomoni\" onerror=\"this.onerror=null;this.src='https:\/\/soccer.aidatasports.com\/images\/players\/default-player.png';\"><span>Felipe Salomoni<\/span><\/a><\/div>\n<div class=\"player\"><a href=\"https:\/\/soccer.aidatasports.com\/es\/players\/Cristopher-Toselli-11348\"><img decoding=\"async\" src=\"https:\/\/soccer.aidatasports.com\/images\/players\/11348.png\" alt=\"Cristopher Toselli\" onerror=\"this.onerror=null;this.src='https:\/\/soccer.aidatasports.com\/images\/players\/default-player.png';\"><span>Cristopher Toselli<\/span><\/a><\/div>\n<div class=\"player\"><a href=\"https:\/\/soccer.aidatasports.com\/es\/players\/Bianneider-Tamayo-354030\"><img decoding=\"async\" src=\"https:\/\/soccer.aidatasports.com\/images\/players\/354030.png\" alt=\"Bianneider Tamayo\" onerror=\"this.onerror=null;this.src='https:\/\/soccer.aidatasports.com\/images\/players\/default-player.png';\"><span>Bianneider Tamayo<\/span><\/a><\/div>\n<div class=\"player\"><a href=\"https:\/\/soccer.aidatasports.com\/es\/players\/Nicol\u00e1s-Fern\u00e1ndez-11500\"><img decoding=\"async\" src=\"https:\/\/soccer.aidatasports.com\/images\/players\/11500.png\" alt=\"Nicol\u00e1s Fern\u00e1ndez\" onerror=\"this.onerror=null;this.src='https:\/\/soccer.aidatasports.com\/images\/players\/default-player.png';\"><span>Nicol\u00e1s Fern\u00e1ndez<\/span><\/a><\/div>\n<div class=\"player\"><a href=\"https:\/\/soccer.aidatasports.com\/es\/players\/Marcelo-D\u00edaz-5914\"><img decoding=\"async\" src=\"https:\/\/soccer.aidatasports.com\/images\/players\/5914.png\" alt=\"Marcelo D\u00edaz\" onerror=\"this.onerror=null;this.src='https:\/\/soccer.aidatasports.com\/images\/players\/default-player.png';\"><span>Marcelo D\u00edaz<\/span><\/a><\/div>\n<div class=\"player\"><a href=\"https:\/\/soccer.aidatasports.com\/es\/players\/Ignacio-V\u00e1squez-408956\"><img decoding=\"async\" src=\"https:\/\/soccer.aidatasports.com\/images\/players\/408956.png\" alt=\"Ignacio V\u00e1squez\" onerror=\"this.onerror=null;this.src='https:\/\/soccer.aidatasports.com\/images\/players\/default-player.png';\"><span>Ignacio V\u00e1squez<\/span><\/a><\/div>\n<div class=\"player\"><a href=\"https:\/\/soccer.aidatasports.com\/es\/players\/Lucas-Romero-363117\"><img decoding=\"async\" src=\"https:\/\/soccer.aidatasports.com\/images\/players\/363117.png\" alt=\"Lucas Romero\" onerror=\"this.onerror=null;this.src='https:\/\/soccer.aidatasports.com\/images\/players\/default-player.png';\"><span>Lucas Romero<\/span><\/a><\/div>\n<div class=\"player\"><a href=\"https:\/\/soccer.aidatasports.com\/es\/players\/Agust\u00edn-Arce-373591\"><img decoding=\"async\" src=\"https:\/\/soccer.aidatasports.com\/images\/players\/373591.png\" alt=\"Agust\u00edn Arce\" onerror=\"this.onerror=null;this.src='https:\/\/soccer.aidatasports.com\/images\/players\/default-player.png';\"><span>Agust\u00edn Arce<\/span><\/a><\/div>\n<\/div>\n<\/div>\n<\/div>\n<\/div>\n<div id=\"wg-api-football-game\"\n                    data-host=\"xxxxx\"\n                    data-key=\"xxxx\"\n                    data-id=\"1505380\"\n                    data-theme=\"\"\n                    data-refresh=\"15\"\n                    data-show-errors=\"false\"\n                    data-show-logos=\"true\"><br \/>\n                    class=\u00bbwg_loader\u00bb>\n                <\/div>\n<div id=\"wg-api-football-standings\"\n                    data-host=\"xxxx\"\n                    data-key=\"ddddd\"\n                    data-league=\"265\"\n                    data-team=\"\"\n                    data-season=\"2026\"\n                    data-theme=\"\"\n                    data-show-errors=\"false\"\n                    data-show-logos=\"true\"\n                    class=\"wg_loader\">\n                <\/div>\n<p>                <script\n                    type=\"module\"\n                    src=\"https:\/\/soccer.aidatasports.com\/wp-content\/customjs\/widgetslocal.js\">\n                <\/script><\/p>\n","protected":false},"excerpt":{"rendered":"<p>Aqu\u00ed est\u00e1n las noticias en los cuatro idiomas solicitados, basadas en las estad\u00edsticas y eventos&hellip;<\/p>\n","protected":false},"author":1,"featured_media":162128,"comment_status":"open","ping_status":"open","sticky":false,"template":"","format":"standard","meta":{"content-type":"","_lmt_disableupdate":"","_lmt_disable":"","_league":15837,"_fixture":1505380,"penci_pfeatured_image_ratio":"","penci_single_style":"","footnotes":""},"categories":[15837],"tags":[2088,2096],"class_list":["post-162129","post","type-post","status-publish","format-standard","has-post-thumbnail","hentry","category-matches","tag-colo-colo-chile-2315","tag-universidad-de-chile-chile-2323"],"_links":{"self":[{"href":"https:\/\/soccer.aidatasports.com\/es\/wp-json\/wp\/v2\/posts\/162129"}],"collection":[{"href":"https:\/\/soccer.aidatasports.com\/es\/wp-json\/wp\/v2\/posts"}],"about":[{"href":"https:\/\/soccer.aidatasports.com\/es\/wp-json\/wp\/v2\/types\/post"}],"author":[{"embeddable":true,"href":"https:\/\/soccer.aidatasports.com\/es\/wp-json\/wp\/v2\/users\/1"}],"replies":[{"embeddable":true,"href":"https:\/\/soccer.aidatasports.com\/es\/wp-json\/wp\/v2\/comments?post=162129"}],"version-history":[{"count":0,"href":"https:\/\/soccer.aidatasports.com\/es\/wp-json\/wp\/v2\/posts\/162129\/revisions"}],"wp:featuredmedia":[{"embeddable":true,"href":"https:\/\/soccer.aidatasports.com\/es\/wp-json\/wp\/v2\/media\/162128"}],"wp:attachment":[{"href":"https:\/\/soccer.aidatasports.com\/es\/wp-json\/wp\/v2\/media?parent=162129"}],"wp:term":[{"taxonomy":"category","embeddable":true,"href":"https:\/\/soccer.aidatasports.com\/es\/wp-json\/wp\/v2\/categories?post=162129"},{"taxonomy":"post_tag","embeddable":true,"href":"https:\/\/soccer.aidatasports.com\/es\/wp-json\/wp\/v2\/tags?post=162129"}],"curies":[{"name":"wp","href":"https:\/\/api.w.org\/{rel}","templated":true}]}}