{"id":162014,"date":"2026-03-01T18:02:12","date_gmt":"2026-03-01T18:02:12","guid":{"rendered":"https:\/\/soccer.aidatasports.com\/es\/uncategorized\/grazer-ak-vs-ried-mar-01-2026-1600-utc\/"},"modified":"2026-03-01T18:02:12","modified_gmt":"2026-03-01T18:02:12","slug":"grazer-ak-vs-ried-mar-01-2026-1600-utc","status":"publish","type":"post","link":"https:\/\/soccer.aidatasports.com\/es\/matches\/grazer-ak-vs-ried-mar-01-2026-1600-utc\/","title":{"rendered":"Grazer AK vs Ried Mar 01 2026 16:00 UTC"},"content":{"rendered":"<p><strong>ESPA\u00d1OL<\/strong><\/p>\n<p><strong>Grazer AK se impone a Ried en un partido tenso y con numerosas amonestaciones en el Merkur-Arena<\/strong><\/p>\n<p>Graz, Austria \u2013 El Grazer AK se llev\u00f3 la victoria frente al Ried en un encuentro disputado en el Merkur-Arena de Graz, correspondiente a la jornada 21 de la Bundesliga austr\u00edaca 2025. El partido, arbitrado por Markus Hameter, finaliz\u00f3 con un marcador favorable al equipo local, aunque el juego se vio marcado por la intensidad y las numerosas tarjetas mostradas.<\/p>\n<p>El Grazer AK tom\u00f3 la delantera temprano, con un gol de A. Hofleitner en el minuto 7, asistido por T. Schriebl. Ampliaron su ventaja en el minuto 26 con un tanto de R. Harakate. A pesar de tener menos posesi\u00f3n del bal\u00f3n (44% frente al 56% del Ried) y realizar menos disparos totales (8 frente a 9), el Grazer AK demostr\u00f3 efectividad frente a la porter\u00eda rival.<\/p>\n<p>La segunda mitad del encuentro estuvo cargada de tensi\u00f3n, evidenciada por la gran cantidad de tarjetas mostradas. El Ried logr\u00f3 acortar distancias al final del partido con un autogol de L. Graf en el minuto 90. Sin embargo, la expulsi\u00f3n de M. Grosse en el \u00faltimo minuto para el Grazer AK complic\u00f3 a\u00fan m\u00e1s el cierre del encuentro. Finalmente, el partido concluy\u00f3 con una victoria para el Grazer AK en un encuentro que dej\u00f3 mucho que desear en cuanto a juego limpio y disciplina t\u00e1ctica.<\/p>\n<p>Sustituciones en el equipo de ried: en el minuto 46 ingres\u00f3 J. Mayer y sali\u00f3 J. Nasrawe, en el minuto 65 ingres\u00f3 N. Bajlicz y sali\u00f3 C. Wernitznig, en el minuto 65 ingres\u00f3 Y. Maart y sali\u00f3 M. Rasner, en el minuto 77 ingres\u00f3 A. van Wyk y sali\u00f3 S. Sane, en el minuto 78 ingres\u00f3 P. Pomer y sali\u00f3 J. Boguo <\/p>\n<p>Sustituciones en el equipo de grazer ak: en el minuto 71 ingres\u00f3 C. Lichtenberger y sali\u00f3 M. Grosse, en el minuto 81 ingres\u00f3 R. Harakate y sali\u00f3 D. Frieser, en el minuto 89 ingres\u00f3 J. Italiano y sali\u00f3 L. Graf <\/p>\n<p>Los equipos alinearon de la siguiente manera:<\/p>\n<div class=\"lineups-container\">\n<style>\n                .lineups-container {\n                    display: flex;\n                    justify-content: space-around;\n                    flex-wrap: wrap;\n                }\n                .team-lineup {\n                    width: 49%;\n                    margin-bottom: 20px;\n                    border: 1px solid #ccc;\n                    padding: 5px;\n                }\n                .team-lineup h3 {\n                    text-align: center;\n                    margin-bottom: 10px;\n                }\n                .players-container {\n                    display: flex;\n                    justify-content: space-between;\n                }\n                .players-container div {\n                    width: 100%;\n                }\n                .player {\n                    display: flex;\n                    align-items: center;\n                    margin-bottom: 5px;\n                }\n                .player img {\n                    width: 30px;\n                    height: 30px;\n                    border-radius: 50%;\n                    margin-right: 10px;\n                }\n                    @media (max-width: 600px) {\n                    .team-lineup {\n                        width: 100%;\n                    }\n                }\n                <\/style>\n<div class=\"team-lineup\">\n<h3>Grazer AK<\/h3>\n<p><img decoding=\"async\" src=\"https:\/\/media.api-sports.io\/football\/teams\/4256.png\" alt=\"Grazer AK\" style=\"width: 50px; height: 50px;\"><\/p>\n<div class=\"players-container\">\n<div>\n<h4>Titulares:<\/h4>\n<div class=\"player\"><a href=\"https:\/\/soccer.aidatasports.com\/es\/players\/Franz-Stolz-7228\"><img decoding=\"async\" src=\"https:\/\/soccer.aidatasports.com\/images\/players\/7228.png\" alt=\"Franz Stolz\" onerror=\"this.onerror=null;this.src='https:\/\/soccer.aidatasports.com\/images\/players\/default-player.png';\"><span>Franz Stolz<\/span><\/a><\/div>\n<div class=\"player\"><a href=\"https:\/\/soccer.aidatasports.com\/es\/players\/Beres-Owusu-339599\"><img decoding=\"async\" src=\"https:\/\/soccer.aidatasports.com\/images\/players\/339599.png\" alt=\"Beres Owusu\" onerror=\"this.onerror=null;this.src='https:\/\/soccer.aidatasports.com\/images\/players\/default-player.png';\"><span>Beres Owusu<\/span><\/a><\/div>\n<div class=\"player\"><a href=\"https:\/\/soccer.aidatasports.com\/es\/players\/Donovan-Pines-50760\"><img decoding=\"async\" src=\"https:\/\/soccer.aidatasports.com\/images\/players\/50760.png\" alt=\"Donovan Pines\" onerror=\"this.onerror=null;this.src='https:\/\/soccer.aidatasports.com\/images\/players\/default-player.png';\"><span>Donovan Pines<\/span><\/a><\/div>\n<div class=\"player\"><a href=\"https:\/\/soccer.aidatasports.com\/es\/players\/Ludwig-Vraa-Jensen-339877\"><img decoding=\"async\" src=\"https:\/\/soccer.aidatasports.com\/images\/players\/339877.png\" alt=\"Ludwig Vraa-Jensen\" onerror=\"this.onerror=null;this.src='https:\/\/soccer.aidatasports.com\/images\/players\/default-player.png';\"><span>Ludwig Vraa-Jensen<\/span><\/a><\/div>\n<div class=\"player\"><a href=\"https:\/\/soccer.aidatasports.com\/es\/players\/Mathias-Olesen-140612\"><img decoding=\"async\" src=\"https:\/\/soccer.aidatasports.com\/images\/players\/140612.png\" alt=\"Mathias Olesen\" onerror=\"this.onerror=null;this.src='https:\/\/soccer.aidatasports.com\/images\/players\/default-player.png';\"><span>Mathias Olesen<\/span><\/a><\/div>\n<div class=\"player\"><a href=\"https:\/\/soccer.aidatasports.com\/es\/players\/Jacob-Italiano-6808\"><img decoding=\"async\" src=\"https:\/\/soccer.aidatasports.com\/images\/players\/6808.png\" alt=\"Jacob Italiano\" onerror=\"this.onerror=null;this.src='https:\/\/soccer.aidatasports.com\/images\/players\/default-player.png';\"><span>Jacob Italiano<\/span><\/a><\/div>\n<div class=\"player\"><a href=\"https:\/\/soccer.aidatasports.com\/es\/players\/Thorsten-Schriebl-7389\"><img decoding=\"async\" src=\"https:\/\/soccer.aidatasports.com\/images\/players\/7389.png\" alt=\"Thorsten Schriebl\" onerror=\"this.onerror=null;this.src='https:\/\/soccer.aidatasports.com\/images\/players\/default-player.png';\"><span>Thorsten Schriebl<\/span><\/a><\/div>\n<div class=\"player\"><a href=\"https:\/\/soccer.aidatasports.com\/es\/players\/Christian-Lichtenberger-7511\"><img decoding=\"async\" src=\"https:\/\/soccer.aidatasports.com\/images\/players\/7511.png\" alt=\"Christian Lichtenberger\" onerror=\"this.onerror=null;this.src='https:\/\/soccer.aidatasports.com\/images\/players\/default-player.png';\"><span>Christian Lichtenberger<\/span><\/a><\/div>\n<div class=\"player\"><a href=\"https:\/\/soccer.aidatasports.com\/es\/players\/Leon-Klassen-26119\"><img decoding=\"async\" src=\"https:\/\/soccer.aidatasports.com\/images\/players\/26119.png\" alt=\"Leon Klassen\" onerror=\"this.onerror=null;this.src='https:\/\/soccer.aidatasports.com\/images\/players\/default-player.png';\"><span>Leon Klassen<\/span><\/a><\/div>\n<div class=\"player\"><a href=\"https:\/\/soccer.aidatasports.com\/es\/players\/Ramiz-Harakate-329612\"><img decoding=\"async\" src=\"https:\/\/soccer.aidatasports.com\/images\/players\/329612.png\" alt=\"Ramiz Harakate\" onerror=\"this.onerror=null;this.src='https:\/\/soccer.aidatasports.com\/images\/players\/default-player.png';\"><span>Ramiz Harakate<\/span><\/a><\/div>\n<div class=\"player\"><a href=\"https:\/\/soccer.aidatasports.com\/es\/players\/Alexander-Hofleitner-426114\"><img decoding=\"async\" src=\"https:\/\/soccer.aidatasports.com\/images\/players\/426114.png\" alt=\"Alexander Hofleitner\" onerror=\"this.onerror=null;this.src='https:\/\/soccer.aidatasports.com\/images\/players\/default-player.png';\"><span>Alexander Hofleitner<\/span><\/a><\/div>\n<\/div>\n<div>\n<h4>Suplentes:<\/h4>\n<div class=\"player\"><a href=\"https:\/\/soccer.aidatasports.com\/es\/players\/Mark-Gro\u00dfe-106784\"><img decoding=\"async\" src=\"https:\/\/soccer.aidatasports.com\/images\/players\/106784.png\" alt=\"Mark Gro\u00dfe\" onerror=\"this.onerror=null;this.src='https:\/\/soccer.aidatasports.com\/images\/players\/default-player.png';\"><span>Mark Gro\u00dfe<\/span><\/a><\/div>\n<div class=\"player\"><a href=\"https:\/\/soccer.aidatasports.com\/es\/players\/Fabian-Ehmann-7227\"><img decoding=\"async\" src=\"https:\/\/soccer.aidatasports.com\/images\/players\/7227.png\" alt=\"Fabian Ehmann\" onerror=\"this.onerror=null;this.src='https:\/\/soccer.aidatasports.com\/images\/players\/default-player.png';\"><span>Fabian Ehmann<\/span><\/a><\/div>\n<div class=\"player\"><a href=\"https:\/\/soccer.aidatasports.com\/es\/players\/Jakob-Meierhofer-116443\"><img decoding=\"async\" src=\"https:\/\/soccer.aidatasports.com\/images\/players\/116443.png\" alt=\"Jakob Meierhofer\" onerror=\"this.onerror=null;this.src='https:\/\/soccer.aidatasports.com\/images\/players\/default-player.png';\"><span>Jakob Meierhofer<\/span><\/a><\/div>\n<div class=\"player\"><a href=\"https:\/\/soccer.aidatasports.com\/es\/players\/Felix-Kunst-634087\"><img decoding=\"async\" src=\"https:\/\/soccer.aidatasports.com\/images\/players\/634087.png\" alt=\"Felix Kunst\" onerror=\"this.onerror=null;this.src='https:\/\/soccer.aidatasports.com\/images\/players\/default-player.png';\"><span>Felix Kunst<\/span><\/a><\/div>\n<div class=\"player\"><a href=\"https:\/\/soccer.aidatasports.com\/es\/players\/Martin-Kreuzriegler-7176\"><img decoding=\"async\" src=\"https:\/\/soccer.aidatasports.com\/images\/players\/7176.png\" alt=\"Martin Kreuzriegler\" onerror=\"this.onerror=null;this.src='https:\/\/soccer.aidatasports.com\/images\/players\/default-player.png';\"><span>Martin Kreuzriegler<\/span><\/a><\/div>\n<div class=\"player\"><a href=\"https:\/\/soccer.aidatasports.com\/es\/players\/Lukas-Graf-120495\"><img decoding=\"async\" src=\"https:\/\/soccer.aidatasports.com\/images\/players\/120495.png\" alt=\"Lukas Graf\" onerror=\"this.onerror=null;this.src='https:\/\/soccer.aidatasports.com\/images\/players\/default-player.png';\"><span>Lukas Graf<\/span><\/a><\/div>\n<div class=\"player\"><a href=\"https:\/\/soccer.aidatasports.com\/es\/players\/Tim-Paumgartner-338864\"><img decoding=\"async\" src=\"https:\/\/soccer.aidatasports.com\/images\/players\/338864.png\" alt=\"Tim Paumgartner\" onerror=\"this.onerror=null;this.src='https:\/\/soccer.aidatasports.com\/images\/players\/default-player.png';\"><span>Tim Paumgartner<\/span><\/a><\/div>\n<div class=\"player\"><a href=\"https:\/\/soccer.aidatasports.com\/es\/players\/Florian-Reiner-634086\"><img decoding=\"async\" src=\"https:\/\/soccer.aidatasports.com\/images\/players\/634086.png\" alt=\"Florian Reiner\" onerror=\"this.onerror=null;this.src='https:\/\/soccer.aidatasports.com\/images\/players\/default-player.png';\"><span>Florian Reiner<\/span><\/a><\/div>\n<div class=\"player\"><a href=\"https:\/\/soccer.aidatasports.com\/es\/players\/Dominik-Frieser-7533\"><img decoding=\"async\" src=\"https:\/\/soccer.aidatasports.com\/images\/players\/7533.png\" alt=\"Dominik Frieser\" onerror=\"this.onerror=null;this.src='https:\/\/soccer.aidatasports.com\/images\/players\/default-player.png';\"><span>Dominik Frieser<\/span><\/a><\/div>\n<\/div>\n<\/div>\n<\/div>\n<div class=\"team-lineup\">\n<h3>Ried<\/h3>\n<p><img decoding=\"async\" src=\"https:\/\/media.api-sports.io\/football\/teams\/1028.png\" alt=\"Ried\" style=\"width: 50px; height: 50px;\"><\/p>\n<div class=\"players-container\">\n<div>\n<h4>Titulares:<\/h4>\n<div class=\"player\"><a href=\"https:\/\/soccer.aidatasports.com\/es\/players\/Andreas-Leitner-7699\"><img decoding=\"async\" src=\"https:\/\/soccer.aidatasports.com\/images\/players\/7699.png\" alt=\"Andreas Leitner\" onerror=\"this.onerror=null;this.src='https:\/\/soccer.aidatasports.com\/images\/players\/default-player.png';\"><span>Andreas Leitner<\/span><\/a><\/div>\n<div class=\"player\"><a href=\"https:\/\/soccer.aidatasports.com\/es\/players\/Nikki-Havenaar-48708\"><img decoding=\"async\" src=\"https:\/\/soccer.aidatasports.com\/images\/players\/48708.png\" alt=\"Nikki Havenaar\" onerror=\"this.onerror=null;this.src='https:\/\/soccer.aidatasports.com\/images\/players\/default-player.png';\"><span>Nikki Havenaar<\/span><\/a><\/div>\n<div class=\"player\"><a href=\"https:\/\/soccer.aidatasports.com\/es\/players\/Michael-Sollbauer-7554\"><img decoding=\"async\" src=\"https:\/\/soccer.aidatasports.com\/images\/players\/7554.png\" alt=\"Michael Sollbauer\" onerror=\"this.onerror=null;this.src='https:\/\/soccer.aidatasports.com\/images\/players\/default-player.png';\"><span>Michael Sollbauer<\/span><\/a><\/div>\n<div class=\"player\"><a href=\"https:\/\/soccer.aidatasports.com\/es\/players\/Oliver-Steurer-24901\"><img decoding=\"async\" src=\"https:\/\/soccer.aidatasports.com\/images\/players\/24901.png\" alt=\"Oliver Steurer\" onerror=\"this.onerror=null;this.src='https:\/\/soccer.aidatasports.com\/images\/players\/default-player.png';\"><span>Oliver Steurer<\/span><\/a><\/div>\n<div class=\"player\"><a href=\"https:\/\/soccer.aidatasports.com\/es\/players\/Yusuf-Maart-99106\"><img decoding=\"async\" src=\"https:\/\/soccer.aidatasports.com\/images\/players\/99106.png\" alt=\"Yusuf Maart\" onerror=\"this.onerror=null;this.src='https:\/\/soccer.aidatasports.com\/images\/players\/default-player.png';\"><span>Yusuf Maart<\/span><\/a><\/div>\n<div class=\"player\"><a href=\"https:\/\/soccer.aidatasports.com\/es\/players\/Ante-Baji\u0107-7070\"><img decoding=\"async\" src=\"https:\/\/soccer.aidatasports.com\/images\/players\/7070.png\" alt=\"Ante Baji\u0107\" onerror=\"this.onerror=null;this.src='https:\/\/soccer.aidatasports.com\/images\/players\/default-player.png';\"><span>Ante Baji\u0107<\/span><\/a><\/div>\n<div class=\"player\"><a href=\"https:\/\/soccer.aidatasports.com\/es\/players\/Nicolas-Bajlicz-338189\"><img decoding=\"async\" src=\"https:\/\/soccer.aidatasports.com\/images\/players\/338189.png\" alt=\"Nicolas Bajlicz\" onerror=\"this.onerror=null;this.src='https:\/\/soccer.aidatasports.com\/images\/players\/default-player.png';\"><span>Nicolas Bajlicz<\/span><\/a><\/div>\n<div class=\"player\"><a href=\"https:\/\/soccer.aidatasports.com\/es\/players\/Jonas-Mayer-323119\"><img decoding=\"async\" src=\"https:\/\/soccer.aidatasports.com\/images\/players\/323119.png\" alt=\"Jonas Mayer\" onerror=\"this.onerror=null;this.src='https:\/\/soccer.aidatasports.com\/images\/players\/default-player.png';\"><span>Jonas Mayer<\/span><\/a><\/div>\n<div class=\"player\"><a href=\"https:\/\/soccer.aidatasports.com\/es\/players\/Philipp-Pomer-115590\"><img decoding=\"async\" src=\"https:\/\/soccer.aidatasports.com\/images\/players\/115590.png\" alt=\"Philipp Pomer\" onerror=\"this.onerror=null;this.src='https:\/\/soccer.aidatasports.com\/images\/players\/default-player.png';\"><span>Philipp Pomer<\/span><\/a><\/div>\n<div class=\"player\"><a href=\"https:\/\/soccer.aidatasports.com\/es\/players\/Peter-Kiedl-369868\"><img decoding=\"async\" src=\"https:\/\/soccer.aidatasports.com\/images\/players\/369868.png\" alt=\"Peter Kiedl\" onerror=\"this.onerror=null;this.src='https:\/\/soccer.aidatasports.com\/images\/players\/default-player.png';\"><span>Peter Kiedl<\/span><\/a><\/div>\n<div class=\"player\"><a href=\"https:\/\/soccer.aidatasports.com\/es\/players\/Antonio-Van-Wyk-316846\"><img decoding=\"async\" src=\"https:\/\/soccer.aidatasports.com\/images\/players\/316846.png\" alt=\"Antonio Van Wyk\" onerror=\"this.onerror=null;this.src='https:\/\/soccer.aidatasports.com\/images\/players\/default-player.png';\"><span>Antonio Van Wyk<\/span><\/a><\/div>\n<\/div>\n<div>\n<h4>Suplentes:<\/h4>\n<div class=\"player\"><a href=\"https:\/\/soccer.aidatasports.com\/es\/players\/Yussef-Nasrawe-567870\"><img decoding=\"async\" src=\"https:\/\/soccer.aidatasports.com\/images\/players\/567870.png\" alt=\"Yussef Nasrawe\" onerror=\"this.onerror=null;this.src='https:\/\/soccer.aidatasports.com\/images\/players\/default-player.png';\"><span>Yussef Nasrawe<\/span><\/a><\/div>\n<div class=\"player\"><a href=\"https:\/\/soccer.aidatasports.com\/es\/players\/Martin-Rasner-7632\"><img decoding=\"async\" src=\"https:\/\/soccer.aidatasports.com\/images\/players\/7632.png\" alt=\"Martin Rasner\" onerror=\"this.onerror=null;this.src='https:\/\/soccer.aidatasports.com\/images\/players\/default-player.png';\"><span>Martin Rasner<\/span><\/a><\/div>\n<div class=\"player\"><a href=\"https:\/\/soccer.aidatasports.com\/es\/players\/Christopher-Wernitznig-7567\"><img decoding=\"async\" src=\"https:\/\/soccer.aidatasports.com\/images\/players\/7567.png\" alt=\"Christopher Wernitznig\" onerror=\"this.onerror=null;this.src='https:\/\/soccer.aidatasports.com\/images\/players\/default-player.png';\"><span>Christopher Wernitznig<\/span><\/a><\/div>\n<div class=\"player\"><a href=\"https:\/\/soccer.aidatasports.com\/es\/players\/Saliou-San\u00e9-26111\"><img decoding=\"async\" src=\"https:\/\/soccer.aidatasports.com\/images\/players\/26111.png\" alt=\"Saliou San\u00e9\" onerror=\"this.onerror=null;this.src='https:\/\/soccer.aidatasports.com\/images\/players\/default-player.png';\"><span>Saliou San\u00e9<\/span><\/a><\/div>\n<div class=\"player\"><a href=\"https:\/\/soccer.aidatasports.com\/es\/players\/Joris-Boguo-479209\"><img decoding=\"async\" src=\"https:\/\/soccer.aidatasports.com\/images\/players\/479209.png\" alt=\"Joris Boguo\" onerror=\"this.onerror=null;this.src='https:\/\/soccer.aidatasports.com\/images\/players\/default-player.png';\"><span>Joris Boguo<\/span><\/a><\/div>\n<div class=\"player\"><a href=\"https:\/\/soccer.aidatasports.com\/es\/players\/Felix-Wimmer-120198\"><img decoding=\"async\" src=\"https:\/\/soccer.aidatasports.com\/images\/players\/120198.png\" alt=\"Felix Wimmer\" onerror=\"this.onerror=null;this.src='https:\/\/soccer.aidatasports.com\/images\/players\/default-player.png';\"><span>Felix Wimmer<\/span><\/a><\/div>\n<div class=\"player\"><a href=\"https:\/\/soccer.aidatasports.com\/es\/players\/Jonathan-Scherzer-7703\"><img decoding=\"async\" src=\"https:\/\/soccer.aidatasports.com\/images\/players\/7703.png\" alt=\"Jonathan Scherzer\" onerror=\"this.onerror=null;this.src='https:\/\/soccer.aidatasports.com\/images\/players\/default-player.png';\"><span>Jonathan Scherzer<\/span><\/a><\/div>\n<div class=\"player\"><a href=\"https:\/\/soccer.aidatasports.com\/es\/players\/Dominik-Kirnbauer-265320\"><img decoding=\"async\" src=\"https:\/\/soccer.aidatasports.com\/images\/players\/265320.png\" alt=\"Dominik Kirnbauer\" onerror=\"this.onerror=null;this.src='https:\/\/soccer.aidatasports.com\/images\/players\/default-player.png';\"><span>Dominik Kirnbauer<\/span><\/a><\/div>\n<div class=\"player\"><a href=\"https:\/\/soccer.aidatasports.com\/es\/players\/Evan-Eghosa-431122\"><img decoding=\"async\" src=\"https:\/\/soccer.aidatasports.com\/images\/players\/431122.png\" alt=\"Evan Eghosa\" onerror=\"this.onerror=null;this.src='https:\/\/soccer.aidatasports.com\/images\/players\/default-player.png';\"><span>Evan Eghosa<\/span><\/a><\/div>\n<\/div>\n<\/div>\n<\/div>\n<\/div>\n<div id=\"wg-api-football-game\"\n                    data-host=\"xxxxx\"\n                    data-key=\"xxxx\"\n                    data-id=\"1390144\"\n                    data-theme=\"\"\n                    data-refresh=\"15\"\n                    data-show-errors=\"false\"\n                    data-show-logos=\"true\"><br \/>\n                    class=\u00bbwg_loader\u00bb>\n                <\/div>\n<div id=\"wg-api-football-standings\"\n                    data-host=\"xxxx\"\n                    data-key=\"ddddd\"\n                    data-league=\"218\"\n                    data-team=\"\"\n                    data-season=\"2025\"\n                    data-theme=\"\"\n                    data-show-errors=\"false\"\n                    data-show-logos=\"true\"\n                    class=\"wg_loader\">\n                <\/div>\n<p>                <script\n                    type=\"module\"\n                    src=\"https:\/\/soccer.aidatasports.com\/wp-content\/customjs\/widgetslocal.js\">\n                <\/script><\/p>\n","protected":false},"excerpt":{"rendered":"<p>ESPA\u00d1OL Grazer AK se impone a Ried en un partido tenso y con numerosas amonestaciones&hellip;<\/p>\n","protected":false},"author":1,"featured_media":162013,"comment_status":"open","ping_status":"open","sticky":false,"template":"","format":"standard","meta":{"content-type":"","_lmt_disableupdate":"","_lmt_disable":"","_league":15837,"_fixture":1390144,"penci_pfeatured_image_ratio":"","penci_single_style":"","footnotes":""},"categories":[15837],"tags":[3353,1058],"class_list":["post-162014","post","type-post","status-publish","format-standard","has-post-thumbnail","hentry","category-matches","tag-grazer-ak-austria-4256","tag-ried-austria-1028"],"_links":{"self":[{"href":"https:\/\/soccer.aidatasports.com\/es\/wp-json\/wp\/v2\/posts\/162014"}],"collection":[{"href":"https:\/\/soccer.aidatasports.com\/es\/wp-json\/wp\/v2\/posts"}],"about":[{"href":"https:\/\/soccer.aidatasports.com\/es\/wp-json\/wp\/v2\/types\/post"}],"author":[{"embeddable":true,"href":"https:\/\/soccer.aidatasports.com\/es\/wp-json\/wp\/v2\/users\/1"}],"replies":[{"embeddable":true,"href":"https:\/\/soccer.aidatasports.com\/es\/wp-json\/wp\/v2\/comments?post=162014"}],"version-history":[{"count":0,"href":"https:\/\/soccer.aidatasports.com\/es\/wp-json\/wp\/v2\/posts\/162014\/revisions"}],"wp:featuredmedia":[{"embeddable":true,"href":"https:\/\/soccer.aidatasports.com\/es\/wp-json\/wp\/v2\/media\/162013"}],"wp:attachment":[{"href":"https:\/\/soccer.aidatasports.com\/es\/wp-json\/wp\/v2\/media?parent=162014"}],"wp:term":[{"taxonomy":"category","embeddable":true,"href":"https:\/\/soccer.aidatasports.com\/es\/wp-json\/wp\/v2\/categories?post=162014"},{"taxonomy":"post_tag","embeddable":true,"href":"https:\/\/soccer.aidatasports.com\/es\/wp-json\/wp\/v2\/tags?post=162014"}],"curies":[{"name":"wp","href":"https:\/\/api.w.org\/{rel}","templated":true}]}}