{"id":162000,"date":"2026-03-01T17:21:08","date_gmt":"2026-03-01T17:21:08","guid":{"rendered":"https:\/\/soccer.aidatasports.com\/es\/uncategorized\/valencia-vs-osasuna-mar-01-2026-1515-utc\/"},"modified":"2026-03-01T17:21:08","modified_gmt":"2026-03-01T17:21:08","slug":"valencia-vs-osasuna-mar-01-2026-1515-utc","status":"publish","type":"post","link":"https:\/\/soccer.aidatasports.com\/es\/matches\/valencia-vs-osasuna-mar-01-2026-1515-utc\/","title":{"rendered":"Valencia vs Osasuna Mar 01 2026 15:15 UTC"},"content":{"rendered":"<p><strong>Espa\u00f1ol<\/strong><\/p>\n<p><strong>Valencia se lleva la victoria en un disputado encuentro ante Osasuna en Mestalla<\/strong><\/p>\n<p>En un partido marcado por la intensidad y la lucha en el mediocampo, el Valencia logr\u00f3 imponerse a Osasuna en su feudo. El encuentro, correspondiente a la jornada 26 de La Liga, estuvo caracterizado por el equilibrio en la posesi\u00f3n del bal\u00f3n, con un ligero dominio del Osasuna (52% frente al 48% del Valencia). Sin embargo, el Valencia fue m\u00e1s incisivo en ataque, generando un total de 14 disparos, aunque con una baja efectividad de cara al gol, ya que solo uno fue entre los tres palos. Osasuna, por su parte, apenas inquiet\u00f3 la porter\u00eda valencianista con 8 disparos, ninguno de ellos con direcci\u00f3n a puerta.<\/p>\n<p>El \u00fanico gol del partido lleg\u00f3 en el minuto 67, gracias a un penal transformado por L. Ramazani. El encuentro tambi\u00e9n estuvo marcado por las tarjetas amarillas, con tres para cada equipo. V. Rosier, J. Gaya, E. Comert, S. Herrera y M. Gomez fueron los amonestados.<\/p>\n<p>En resumen, un partido disputado y t\u00e1ctico en Mestalla, donde el Valencia supo aprovechar su mayor pegada ofensiva para llevarse los tres puntos ante un Osasuna que luch\u00f3 pero no logr\u00f3 encontrar el camino al gol.<\/p>\n<p>Sustituciones en el equipo de valencia: en el minuto 56 ingres\u00f3 L. Rioja y sali\u00f3 A. Danjuma, en el minuto 76 ingres\u00f3 T. Rendall y sali\u00f3 C. Tarrega, en el minuto 77 ingres\u00f3 J. Gaya y sali\u00f3 J. Vazquez, en el minuto 90 ingres\u00f3 U. Sadiq y sali\u00f3 H. Duro, en el minuto 90 ingres\u00f3 L. Ramazani y sali\u00f3 D. Lopez <\/p>\n<p>Sustituciones en el equipo de osasuna: en el minuto 75 ingres\u00f3 R. Garcia y sali\u00f3 R. Garcia, en el minuto 81 ingres\u00f3 R. Moro y sali\u00f3 K. Barja, en el minuto 81 ingres\u00f3 L. Torro y sali\u00f3 M. Gomez, en el minuto 82 ingres\u00f3 J. Herrando y sali\u00f3 J. Cruz, en el minuto 90 ingres\u00f3 J. Moncayola y sali\u00f3 A. Osambela <\/p>\n<p>Los equipos alinearon de la siguiente manera:<\/p>\n<div class=\"lineups-container\">\n<style>\n                .lineups-container {\n                    display: flex;\n                    justify-content: space-around;\n                    flex-wrap: wrap;\n                }\n                .team-lineup {\n                    width: 49%;\n                    margin-bottom: 20px;\n                    border: 1px solid #ccc;\n                    padding: 5px;\n                }\n                .team-lineup h3 {\n                    text-align: center;\n                    margin-bottom: 10px;\n                }\n                .players-container {\n                    display: flex;\n                    justify-content: space-between;\n                }\n                .players-container div {\n                    width: 100%;\n                }\n                .player {\n                    display: flex;\n                    align-items: center;\n                    margin-bottom: 5px;\n                }\n                .player img {\n                    width: 30px;\n                    height: 30px;\n                    border-radius: 50%;\n                    margin-right: 10px;\n                }\n                    @media (max-width: 600px) {\n                    .team-lineup {\n                        width: 100%;\n                    }\n                }\n                <\/style>\n<div class=\"team-lineup\">\n<h3>Valencia<\/h3>\n<p><img decoding=\"async\" src=\"https:\/\/media.api-sports.io\/football\/teams\/532.png\" alt=\"Valencia\" style=\"width: 50px; height: 50px;\"><\/p>\n<div class=\"players-container\">\n<div>\n<h4>Titulares:<\/h4>\n<div class=\"player\"><a href=\"https:\/\/soccer.aidatasports.com\/es\/players\/Stole-Dimitrievski-47527\"><img decoding=\"async\" src=\"https:\/\/soccer.aidatasports.com\/images\/players\/47527.png\" alt=\"Stole Dimitrievski\" onerror=\"this.onerror=null;this.src='https:\/\/soccer.aidatasports.com\/images\/players\/default-player.png';\"><span>Stole Dimitrievski<\/span><\/a><\/div>\n<div class=\"player\"><a href=\"https:\/\/soccer.aidatasports.com\/es\/players\/Thierry-Correia-1482\"><img decoding=\"async\" src=\"https:\/\/soccer.aidatasports.com\/images\/players\/1482.png\" alt=\"Thierry Correia\" onerror=\"this.onerror=null;this.src='https:\/\/soccer.aidatasports.com\/images\/players\/default-player.png';\"><span>Thierry Correia<\/span><\/a><\/div>\n<div class=\"player\"><a href=\"https:\/\/soccer.aidatasports.com\/es\/players\/Unai-N\u00fa\u00f1ez-47277\"><img decoding=\"async\" src=\"https:\/\/soccer.aidatasports.com\/images\/players\/47277.png\" alt=\"Unai N\u00fa\u00f1ez\" onerror=\"this.onerror=null;this.src='https:\/\/soccer.aidatasports.com\/images\/players\/default-player.png';\"><span>Unai N\u00fa\u00f1ez<\/span><\/a><\/div>\n<div class=\"player\"><a href=\"https:\/\/soccer.aidatasports.com\/es\/players\/Eray-C\u00f6mert-48372\"><img decoding=\"async\" src=\"https:\/\/soccer.aidatasports.com\/images\/players\/48372.png\" alt=\"Eray C\u00f6mert\" onerror=\"this.onerror=null;this.src='https:\/\/soccer.aidatasports.com\/images\/players\/default-player.png';\"><span>Eray C\u00f6mert<\/span><\/a><\/div>\n<div class=\"player\"><a href=\"https:\/\/soccer.aidatasports.com\/es\/players\/Jos\u00e9-Luis-Gay\u00e0-918\"><img decoding=\"async\" src=\"https:\/\/soccer.aidatasports.com\/images\/players\/918.png\" alt=\"Jos\u00e9 Luis Gay\u00e0\" onerror=\"this.onerror=null;this.src='https:\/\/soccer.aidatasports.com\/images\/players\/default-player.png';\"><span>Jos\u00e9 Luis Gay\u00e0<\/span><\/a><\/div>\n<div class=\"player\"><a href=\"https:\/\/soccer.aidatasports.com\/es\/players\/Largie-Ramazani-138776\"><img decoding=\"async\" src=\"https:\/\/soccer.aidatasports.com\/images\/players\/138776.png\" alt=\"Largie Ramazani\" onerror=\"this.onerror=null;this.src='https:\/\/soccer.aidatasports.com\/images\/players\/default-player.png';\"><span>Largie Ramazani<\/span><\/a><\/div>\n<div class=\"player\"><a href=\"https:\/\/soccer.aidatasports.com\/es\/players\/Javier-Guerra-315699\"><img decoding=\"async\" src=\"https:\/\/soccer.aidatasports.com\/images\/players\/315699.png\" alt=\"Javier Guerra\" onerror=\"this.onerror=null;this.src='https:\/\/soccer.aidatasports.com\/images\/players\/default-player.png';\"><span>Javier Guerra<\/span><\/a><\/div>\n<div class=\"player\"><a href=\"https:\/\/soccer.aidatasports.com\/es\/players\/Guido-Rodr\u00edguez-2476\"><img decoding=\"async\" src=\"https:\/\/soccer.aidatasports.com\/images\/players\/2476.png\" alt=\"Guido Rodr\u00edguez\" onerror=\"this.onerror=null;this.src='https:\/\/soccer.aidatasports.com\/images\/players\/default-player.png';\"><span>Guido Rodr\u00edguez<\/span><\/a><\/div>\n<div class=\"player\"><a href=\"https:\/\/soccer.aidatasports.com\/es\/players\/Luis-Rioja-46933\"><img decoding=\"async\" src=\"https:\/\/soccer.aidatasports.com\/images\/players\/46933.png\" alt=\"Luis Rioja\" onerror=\"this.onerror=null;this.src='https:\/\/soccer.aidatasports.com\/images\/players\/default-player.png';\"><span>Luis Rioja<\/span><\/a><\/div>\n<div class=\"player\"><a href=\"https:\/\/soccer.aidatasports.com\/es\/players\/Umar-Sadiq-31406\"><img decoding=\"async\" src=\"https:\/\/soccer.aidatasports.com\/images\/players\/31406.png\" alt=\"Umar Sadiq\" onerror=\"this.onerror=null;this.src='https:\/\/soccer.aidatasports.com\/images\/players\/default-player.png';\"><span>Umar Sadiq<\/span><\/a><\/div>\n<div class=\"player\"><a href=\"https:\/\/soccer.aidatasports.com\/es\/players\/Filip-Ugrini\u0107-48465\"><img decoding=\"async\" src=\"https:\/\/soccer.aidatasports.com\/images\/players\/48465.png\" alt=\"Filip Ugrini\u0107\" onerror=\"this.onerror=null;this.src='https:\/\/soccer.aidatasports.com\/images\/players\/default-player.png';\"><span>Filip Ugrini\u0107<\/span><\/a><\/div>\n<\/div>\n<div>\n<h4>Suplentes:<\/h4>\n<div class=\"player\"><a href=\"https:\/\/soccer.aidatasports.com\/es\/players\/Arnaut-Danjuma-83\"><img decoding=\"async\" src=\"https:\/\/soccer.aidatasports.com\/images\/players\/83.png\" alt=\"Arnaut Danjuma\" onerror=\"this.onerror=null;this.src='https:\/\/soccer.aidatasports.com\/images\/players\/default-player.png';\"><span>Arnaut Danjuma<\/span><\/a><\/div>\n<div class=\"player\"><a href=\"https:\/\/soccer.aidatasports.com\/es\/players\/Vicent-Abril-401983\"><img decoding=\"async\" src=\"https:\/\/soccer.aidatasports.com\/images\/players\/401983.png\" alt=\"Vicent Abril\" onerror=\"this.onerror=null;this.src='https:\/\/soccer.aidatasports.com\/images\/players\/default-player.png';\"><span>Vicent Abril<\/span><\/a><\/div>\n<div class=\"player\"><a href=\"https:\/\/soccer.aidatasports.com\/es\/players\/Cristian-Rivero-913\"><img decoding=\"async\" src=\"https:\/\/soccer.aidatasports.com\/images\/players\/913.png\" alt=\"Cristian Rivero\" onerror=\"this.onerror=null;this.src='https:\/\/soccer.aidatasports.com\/images\/players\/default-player.png';\"><span>Cristian Rivero<\/span><\/a><\/div>\n<div class=\"player\"><a href=\"https:\/\/soccer.aidatasports.com\/es\/players\/C\u00e9sar-T\u00e1rrega-333672\"><img decoding=\"async\" src=\"https:\/\/soccer.aidatasports.com\/images\/players\/333672.png\" alt=\"C\u00e9sar T\u00e1rrega\" onerror=\"this.onerror=null;this.src='https:\/\/soccer.aidatasports.com\/images\/players\/default-player.png';\"><span>C\u00e9sar T\u00e1rrega<\/span><\/a><\/div>\n<div class=\"player\"><a href=\"https:\/\/soccer.aidatasports.com\/es\/players\/Jes\u00fas-V\u00e1zquez-162175\"><img decoding=\"async\" src=\"https:\/\/soccer.aidatasports.com\/images\/players\/162175.png\" alt=\"Jes\u00fas V\u00e1zquez\" onerror=\"this.onerror=null;this.src='https:\/\/soccer.aidatasports.com\/images\/players\/default-player.png';\"><span>Jes\u00fas V\u00e1zquez<\/span><\/a><\/div>\n<div class=\"player\"><a href=\"https:\/\/soccer.aidatasports.com\/es\/players\/Diego-L\u00f3pez-162127\"><img decoding=\"async\" src=\"https:\/\/soccer.aidatasports.com\/images\/players\/162127.png\" alt=\"Diego L\u00f3pez\" onerror=\"this.onerror=null;this.src='https:\/\/soccer.aidatasports.com\/images\/players\/default-player.png';\"><span>Diego L\u00f3pez<\/span><\/a><\/div>\n<div class=\"player\"><a href=\"https:\/\/soccer.aidatasports.com\/es\/players\/Pepelu-47463\"><img decoding=\"async\" src=\"https:\/\/soccer.aidatasports.com\/images\/players\/47463.png\" alt=\"Pepelu\" onerror=\"this.onerror=null;this.src='https:\/\/soccer.aidatasports.com\/images\/players\/default-player.png';\"><span>Pepelu<\/span><\/a><\/div>\n<div class=\"player\"><a href=\"https:\/\/soccer.aidatasports.com\/es\/players\/Baptiste-Santamaria-21153\"><img decoding=\"async\" src=\"https:\/\/soccer.aidatasports.com\/images\/players\/21153.png\" alt=\"Baptiste Santamaria\" onerror=\"this.onerror=null;this.src='https:\/\/soccer.aidatasports.com\/images\/players\/default-player.png';\"><span>Baptiste Santamaria<\/span><\/a><\/div>\n<div class=\"player\"><a href=\"https:\/\/soccer.aidatasports.com\/es\/players\/Andr\u00e9-Almeida-41157\"><img decoding=\"async\" src=\"https:\/\/soccer.aidatasports.com\/images\/players\/41157.png\" alt=\"Andr\u00e9 Almeida\" onerror=\"this.onerror=null;this.src='https:\/\/soccer.aidatasports.com\/images\/players\/default-player.png';\"><span>Andr\u00e9 Almeida<\/span><\/a><\/div>\n<div class=\"player\"><a href=\"https:\/\/soccer.aidatasports.com\/es\/players\/Dani-Raba-1708\"><img decoding=\"async\" src=\"https:\/\/soccer.aidatasports.com\/images\/players\/1708.png\" alt=\"Dani Raba\" onerror=\"this.onerror=null;this.src='https:\/\/soccer.aidatasports.com\/images\/players\/default-player.png';\"><span>Dani Raba<\/span><\/a><\/div>\n<div class=\"player\"><a href=\"https:\/\/soccer.aidatasports.com\/es\/players\/David-Otorbi-439578\"><img decoding=\"async\" src=\"https:\/\/soccer.aidatasports.com\/images\/players\/439578.png\" alt=\"David Otorbi\" onerror=\"this.onerror=null;this.src='https:\/\/soccer.aidatasports.com\/images\/players\/default-player.png';\"><span>David Otorbi<\/span><\/a><\/div>\n<div class=\"player\"><a href=\"https:\/\/soccer.aidatasports.com\/es\/players\/Hugo-Duro-47264\"><img decoding=\"async\" src=\"https:\/\/soccer.aidatasports.com\/images\/players\/47264.png\" alt=\"Hugo Duro\" onerror=\"this.onerror=null;this.src='https:\/\/soccer.aidatasports.com\/images\/players\/default-player.png';\"><span>Hugo Duro<\/span><\/a><\/div>\n<\/div>\n<\/div>\n<\/div>\n<div class=\"team-lineup\">\n<h3>Osasuna<\/h3>\n<p><img decoding=\"async\" src=\"https:\/\/media.api-sports.io\/football\/teams\/727.png\" alt=\"Osasuna\" style=\"width: 50px; height: 50px;\"><\/p>\n<div class=\"players-container\">\n<div>\n<h4>Titulares:<\/h4>\n<div class=\"player\"><a href=\"https:\/\/soccer.aidatasports.com\/es\/players\/Sergio-Herrera-46646\"><img decoding=\"async\" src=\"https:\/\/soccer.aidatasports.com\/images\/players\/46646.png\" alt=\"Sergio Herrera\" onerror=\"this.onerror=null;this.src='https:\/\/soccer.aidatasports.com\/images\/players\/default-player.png';\"><span>Sergio Herrera<\/span><\/a><\/div>\n<div class=\"player\"><a href=\"https:\/\/soccer.aidatasports.com\/es\/players\/Valentin-Rosier-21701\"><img decoding=\"async\" src=\"https:\/\/soccer.aidatasports.com\/images\/players\/21701.png\" alt=\"Valentin Rosier\" onerror=\"this.onerror=null;this.src='https:\/\/soccer.aidatasports.com\/images\/players\/default-player.png';\"><span>Valentin Rosier<\/span><\/a><\/div>\n<div class=\"player\"><a href=\"https:\/\/soccer.aidatasports.com\/es\/players\/Alejandro-Catena-47533\"><img decoding=\"async\" src=\"https:\/\/soccer.aidatasports.com\/images\/players\/47533.png\" alt=\"Alejandro Catena\" onerror=\"this.onerror=null;this.src='https:\/\/soccer.aidatasports.com\/images\/players\/default-player.png';\"><span>Alejandro Catena<\/span><\/a><\/div>\n<div class=\"player\"><a href=\"https:\/\/soccer.aidatasports.com\/es\/players\/Jorge-Herrando-182592\"><img decoding=\"async\" src=\"https:\/\/soccer.aidatasports.com\/images\/players\/182592.png\" alt=\"Jorge Herrando\" onerror=\"this.onerror=null;this.src='https:\/\/soccer.aidatasports.com\/images\/players\/default-player.png';\"><span>Jorge Herrando<\/span><\/a><\/div>\n<div class=\"player\"><a href=\"https:\/\/soccer.aidatasports.com\/es\/players\/Javi-Gal\u00e1n-47566\"><img decoding=\"async\" src=\"https:\/\/soccer.aidatasports.com\/images\/players\/47566.png\" alt=\"Javi Gal\u00e1n\" onerror=\"this.onerror=null;this.src='https:\/\/soccer.aidatasports.com\/images\/players\/default-player.png';\"><span>Javi Gal\u00e1n<\/span><\/a><\/div>\n<div class=\"player\"><a href=\"https:\/\/soccer.aidatasports.com\/es\/players\/Lucas-Torr\u00f3-1825\"><img decoding=\"async\" src=\"https:\/\/soccer.aidatasports.com\/images\/players\/1825.png\" alt=\"Lucas Torr\u00f3\" onerror=\"this.onerror=null;this.src='https:\/\/soccer.aidatasports.com\/images\/players\/default-player.png';\"><span>Lucas Torr\u00f3<\/span><\/a><\/div>\n<div class=\"player\"><a href=\"https:\/\/soccer.aidatasports.com\/es\/players\/Jon-Moncayola-46662\"><img decoding=\"async\" src=\"https:\/\/soccer.aidatasports.com\/images\/players\/46662.png\" alt=\"Jon Moncayola\" onerror=\"this.onerror=null;this.src='https:\/\/soccer.aidatasports.com\/images\/players\/default-player.png';\"><span>Jon Moncayola<\/span><\/a><\/div>\n<div class=\"player\"><a href=\"https:\/\/soccer.aidatasports.com\/es\/players\/Rub\u00e9n-Garc\u00eda-46658\"><img decoding=\"async\" src=\"https:\/\/soccer.aidatasports.com\/images\/players\/46658.png\" alt=\"Rub\u00e9n Garc\u00eda\" onerror=\"this.onerror=null;this.src='https:\/\/soccer.aidatasports.com\/images\/players\/default-player.png';\"><span>Rub\u00e9n Garc\u00eda<\/span><\/a><\/div>\n<div class=\"player\"><a href=\"https:\/\/soccer.aidatasports.com\/es\/players\/Victor-Mu\u00f1oz-338751\"><img decoding=\"async\" src=\"https:\/\/soccer.aidatasports.com\/images\/players\/338751.png\" alt=\"Victor Mu\u00f1oz\" onerror=\"this.onerror=null;this.src='https:\/\/soccer.aidatasports.com\/images\/players\/default-player.png';\"><span>Victor Mu\u00f1oz<\/span><\/a><\/div>\n<div class=\"player\"><a href=\"https:\/\/soccer.aidatasports.com\/es\/players\/Ra\u00fal-Moro-264470\"><img decoding=\"async\" src=\"https:\/\/soccer.aidatasports.com\/images\/players\/264470.png\" alt=\"Ra\u00fal Moro\" onerror=\"this.onerror=null;this.src='https:\/\/soccer.aidatasports.com\/images\/players\/default-player.png';\"><span>Ra\u00fal Moro<\/span><\/a><\/div>\n<div class=\"player\"><a href=\"https:\/\/soccer.aidatasports.com\/es\/players\/Ante-Budimir-46746\"><img decoding=\"async\" src=\"https:\/\/soccer.aidatasports.com\/images\/players\/46746.png\" alt=\"Ante Budimir\" onerror=\"this.onerror=null;this.src='https:\/\/soccer.aidatasports.com\/images\/players\/default-player.png';\"><span>Ante Budimir<\/span><\/a><\/div>\n<\/div>\n<div>\n<h4>Suplentes:<\/h4>\n<div class=\"player\"><a href=\"https:\/\/soccer.aidatasports.com\/es\/players\/Aitor-Fern\u00e1ndez-47448\"><img decoding=\"async\" src=\"https:\/\/soccer.aidatasports.com\/images\/players\/47448.png\" alt=\"Aitor Fern\u00e1ndez\" onerror=\"this.onerror=null;this.src='https:\/\/soccer.aidatasports.com\/images\/players\/default-player.png';\"><span>Aitor Fern\u00e1ndez<\/span><\/a><\/div>\n<div class=\"player\"><a href=\"https:\/\/soccer.aidatasports.com\/es\/players\/I\u00f1igo-Arguibide-421044\"><img decoding=\"async\" src=\"https:\/\/soccer.aidatasports.com\/images\/players\/421044.png\" alt=\"I\u00f1igo Arguibide\" onerror=\"this.onerror=null;this.src='https:\/\/soccer.aidatasports.com\/images\/players\/default-player.png';\"><span>I\u00f1igo Arguibide<\/span><\/a><\/div>\n<div class=\"player\"><a href=\"https:\/\/soccer.aidatasports.com\/es\/players\/Flavien-Boyomo-279822\"><img decoding=\"async\" src=\"https:\/\/soccer.aidatasports.com\/images\/players\/279822.png\" alt=\"Flavien Boyomo\" onerror=\"this.onerror=null;this.src='https:\/\/soccer.aidatasports.com\/images\/players\/default-player.png';\"><span>Flavien Boyomo<\/span><\/a><\/div>\n<div class=\"player\"><a href=\"https:\/\/soccer.aidatasports.com\/es\/players\/Juan-Cruz-46967\"><img decoding=\"async\" src=\"https:\/\/soccer.aidatasports.com\/images\/players\/46967.png\" alt=\"Juan Cruz\" onerror=\"this.onerror=null;this.src='https:\/\/soccer.aidatasports.com\/images\/players\/default-player.png';\"><span>Juan Cruz<\/span><\/a><\/div>\n<div class=\"player\"><a href=\"https:\/\/soccer.aidatasports.com\/es\/players\/Abel-Bretones-181259\"><img decoding=\"async\" src=\"https:\/\/soccer.aidatasports.com\/images\/players\/181259.png\" alt=\"Abel Bretones\" onerror=\"this.onerror=null;this.src='https:\/\/soccer.aidatasports.com\/images\/players\/default-player.png';\"><span>Abel Bretones<\/span><\/a><\/div>\n<div class=\"player\"><a href=\"https:\/\/soccer.aidatasports.com\/es\/players\/Asier-Osambela-381197\"><img decoding=\"async\" src=\"https:\/\/soccer.aidatasports.com\/images\/players\/381197.png\" alt=\"Asier Osambela\" onerror=\"this.onerror=null;this.src='https:\/\/soccer.aidatasports.com\/images\/players\/default-player.png';\"><span>Asier Osambela<\/span><\/a><\/div>\n<div class=\"player\"><a href=\"https:\/\/soccer.aidatasports.com\/es\/players\/Moi-G\u00f3mez-47574\"><img decoding=\"async\" src=\"https:\/\/soccer.aidatasports.com\/images\/players\/47574.png\" alt=\"Moi G\u00f3mez\" onerror=\"this.onerror=null;this.src='https:\/\/soccer.aidatasports.com\/images\/players\/default-player.png';\"><span>Moi G\u00f3mez<\/span><\/a><\/div>\n<div class=\"player\"><a href=\"https:\/\/soccer.aidatasports.com\/es\/players\/Iker-Mu\u00f1oz-182621\"><img decoding=\"async\" src=\"https:\/\/soccer.aidatasports.com\/images\/players\/182621.png\" alt=\"Iker Mu\u00f1oz\" onerror=\"this.onerror=null;this.src='https:\/\/soccer.aidatasports.com\/images\/players\/default-player.png';\"><span>Iker Mu\u00f1oz<\/span><\/a><\/div>\n<div class=\"player\"><a href=\"https:\/\/soccer.aidatasports.com\/es\/players\/Kike-Barja-46667\"><img decoding=\"async\" src=\"https:\/\/soccer.aidatasports.com\/images\/players\/46667.png\" alt=\"Kike Barja\" onerror=\"this.onerror=null;this.src='https:\/\/soccer.aidatasports.com\/images\/players\/default-player.png';\"><span>Kike Barja<\/span><\/a><\/div>\n<div class=\"player\"><a href=\"https:\/\/soccer.aidatasports.com\/es\/players\/Ra\u00fal-Garc\u00eda-de-Haro-146751\"><img decoding=\"async\" src=\"https:\/\/soccer.aidatasports.com\/images\/players\/146751.png\" alt=\"Ra\u00fal Garc\u00eda de Haro\" onerror=\"this.onerror=null;this.src='https:\/\/soccer.aidatasports.com\/images\/players\/default-player.png';\"><span>Ra\u00fal Garc\u00eda de Haro<\/span><\/a><\/div>\n<\/div>\n<\/div>\n<\/div>\n<\/div>\n<div id=\"wg-api-football-game\"\n                    data-host=\"xxxxx\"\n                    data-key=\"xxxx\"\n                    data-id=\"1391078\"\n                    data-theme=\"\"\n                    data-refresh=\"15\"\n                    data-show-errors=\"false\"\n                    data-show-logos=\"true\"><br \/>\n                    class=\u00bbwg_loader\u00bb>\n                <\/div>\n<div id=\"wg-api-football-standings\"\n                    data-host=\"xxxx\"\n                    data-key=\"ddddd\"\n                    data-league=\"140\"\n                    data-team=\"\"\n                    data-season=\"2025\"\n                    data-theme=\"\"\n                    data-show-errors=\"false\"\n                    data-show-logos=\"true\"\n                    class=\"wg_loader\">\n                <\/div>\n<p>                <script\n                    type=\"module\"\n                    src=\"https:\/\/soccer.aidatasports.com\/wp-content\/customjs\/widgetslocal.js\">\n                <\/script><\/p>\n","protected":false},"excerpt":{"rendered":"<p>Espa\u00f1ol Valencia se lleva la victoria en un disputado encuentro ante Osasuna en Mestalla En&hellip;<\/p>\n","protected":false},"author":1,"featured_media":161999,"comment_status":"open","ping_status":"open","sticky":false,"template":"","format":"standard","meta":{"content-type":"","_lmt_disableupdate":"","_lmt_disable":"","_league":15837,"_fixture":1391078,"penci_pfeatured_image_ratio":"","penci_single_style":"","footnotes":""},"categories":[15837],"tags":[812,643],"class_list":["post-162000","post","type-post","status-publish","format-standard","has-post-thumbnail","hentry","category-matches","tag-osasuna-spain-727","tag-valencia-spain-532"],"_links":{"self":[{"href":"https:\/\/soccer.aidatasports.com\/es\/wp-json\/wp\/v2\/posts\/162000"}],"collection":[{"href":"https:\/\/soccer.aidatasports.com\/es\/wp-json\/wp\/v2\/posts"}],"about":[{"href":"https:\/\/soccer.aidatasports.com\/es\/wp-json\/wp\/v2\/types\/post"}],"author":[{"embeddable":true,"href":"https:\/\/soccer.aidatasports.com\/es\/wp-json\/wp\/v2\/users\/1"}],"replies":[{"embeddable":true,"href":"https:\/\/soccer.aidatasports.com\/es\/wp-json\/wp\/v2\/comments?post=162000"}],"version-history":[{"count":0,"href":"https:\/\/soccer.aidatasports.com\/es\/wp-json\/wp\/v2\/posts\/162000\/revisions"}],"wp:featuredmedia":[{"embeddable":true,"href":"https:\/\/soccer.aidatasports.com\/es\/wp-json\/wp\/v2\/media\/161999"}],"wp:attachment":[{"href":"https:\/\/soccer.aidatasports.com\/es\/wp-json\/wp\/v2\/media?parent=162000"}],"wp:term":[{"taxonomy":"category","embeddable":true,"href":"https:\/\/soccer.aidatasports.com\/es\/wp-json\/wp\/v2\/categories?post=162000"},{"taxonomy":"post_tag","embeddable":true,"href":"https:\/\/soccer.aidatasports.com\/es\/wp-json\/wp\/v2\/tags?post=162000"}],"curies":[{"name":"wp","href":"https:\/\/api.w.org\/{rel}","templated":true}]}}