{"id":161733,"date":"2026-02-28T19:32:00","date_gmt":"2026-02-28T19:32:00","guid":{"rendered":"https:\/\/soccer.aidatasports.com\/es\/uncategorized\/granada-cf-vs-malaga-feb-28-2026-1730-utc\/"},"modified":"2026-02-28T19:32:00","modified_gmt":"2026-02-28T19:32:00","slug":"granada-cf-vs-malaga-feb-28-2026-1730-utc","status":"publish","type":"post","link":"https:\/\/soccer.aidatasports.com\/es\/matches\/granada-cf-vs-malaga-feb-28-2026-1730-utc\/","title":{"rendered":"Granada CF vs Malaga Feb 28 2026 17:30 UTC"},"content":{"rendered":"<p><strong>Espa\u00f1ol<\/strong><\/p>\n<p><strong>Empate sin goles en el Nuevo Los C\u00e1rmenes entre Granada CF y M\u00e1laga<\/strong><\/p>\n<p>En un encuentro disputado en el Estadio Nuevo Los C\u00e1rmenes de Granada, Granada CF y M\u00e1laga empataron sin goles en un partido correspondiente a la jornada 28 de la Segunda Divisi\u00f3n espa\u00f1ola. El encuentro, arbitrado por Germ\u00e1n Cid Camacho, se caracteriz\u00f3 por la intensidad y las numerosas tarjetas amarillas mostradas.<\/p>\n<p>El M\u00e1laga domin\u00f3 la posesi\u00f3n del bal\u00f3n con un 58% frente al 42% del Granada CF. Sin embargo, la posesi\u00f3n no se tradujo en goles. El M\u00e1laga intent\u00f3 m\u00e1s veces el remate a porter\u00eda, con 14 tiros totales (5 a puerta y 5 fuera), mientras que el Granada CF solo logr\u00f3 11 tiros (1 a puerta y 9 fuera). Un penalti fallado por Chupe en el minuto 29 priv\u00f3 al M\u00e1laga de adelantarse en el marcador.<\/p>\n<p>La primera mitad estuvo marcada por las tarjetas amarillas, con amonestaciones para C. Puga del M\u00e1laga, y M. Lama y P. Alem\u00e1n del Granada CF. La segunda mitad sigui\u00f3 un guion similar, con m\u00e1s tarjetas amarillas para B. Diallo del Granada CF y Rafita del M\u00e1laga. Un tanto de D. Larrubia en el minuto 86 puso el 0-1 final. El partido termin\u00f3 con un empate a cero, dejando un sabor agridulce a ambos equipos en su lucha por sus respectivos objetivos en la liga.<\/p>\n<p>Sustituciones en el equipo de granada cf: en el minuto 57 ingres\u00f3 P. Aleman y sali\u00f3 D. Hormigo, en el minuto 66 ingres\u00f3 G. Petit y sali\u00f3 M. Trigueros, en el minuto 67 ingres\u00f3 B. Diocou y sali\u00f3 S. Rodelas, en el minuto 67 ingres\u00f3 O. Naasei y sali\u00f3 A. Lemos, en el minuto 80 ingres\u00f3 J. M. Arnaiz y sali\u00f3 J. Pascual <\/p>\n<p>Sustituciones en el equipo de malaga: en el minuto 63 ingres\u00f3 J. Lobete y sali\u00f3 J. Dorrio, en el minuto 77 ingres\u00f3 Chupe y sali\u00f3 A. Nino, en el minuto 77 ingres\u00f3 I. Merino y sali\u00f3 R. Rodriguez, en el minuto 77 ingres\u00f3 C. Dotor y sali\u00f3 A. Ochoa, en el minuto 90 ingres\u00f3 D. Larrubia y sali\u00f3 J. Gabilondo <\/p>\n<p>Los equipos alinearon de la siguiente manera:<\/p>\n<div class=\"lineups-container\">\n<style>\n                .lineups-container {\n                    display: flex;\n                    justify-content: space-around;\n                    flex-wrap: wrap;\n                }\n                .team-lineup {\n                    width: 49%;\n                    margin-bottom: 20px;\n                    border: 1px solid #ccc;\n                    padding: 5px;\n                }\n                .team-lineup h3 {\n                    text-align: center;\n                    margin-bottom: 10px;\n                }\n                .players-container {\n                    display: flex;\n                    justify-content: space-between;\n                }\n                .players-container div {\n                    width: 100%;\n                }\n                .player {\n                    display: flex;\n                    align-items: center;\n                    margin-bottom: 5px;\n                }\n                .player img {\n                    width: 30px;\n                    height: 30px;\n                    border-radius: 50%;\n                    margin-right: 10px;\n                }\n                    @media (max-width: 600px) {\n                    .team-lineup {\n                        width: 100%;\n                    }\n                }\n                <\/style>\n<div class=\"team-lineup\">\n<h3>Granada CF<\/h3>\n<p><img decoding=\"async\" src=\"https:\/\/media.api-sports.io\/football\/teams\/715.png\" alt=\"Granada CF\" style=\"width: 50px; height: 50px;\"><\/p>\n<div class=\"players-container\">\n<div>\n<h4>Titulares:<\/h4>\n<div class=\"player\"><a href=\"https:\/\/soccer.aidatasports.com\/es\/players\/Luca-Zidane-732\"><img decoding=\"async\" src=\"https:\/\/soccer.aidatasports.com\/images\/players\/732.png\" alt=\"Luca Zidane\" onerror=\"this.onerror=null;this.src='https:\/\/soccer.aidatasports.com\/images\/players\/default-player.png';\"><span>Luca Zidane<\/span><\/a><\/div>\n<div class=\"player\"><a href=\"https:\/\/soccer.aidatasports.com\/es\/players\/Oscar-Naasei-440194\"><img decoding=\"async\" src=\"https:\/\/soccer.aidatasports.com\/images\/players\/440194.png\" alt=\"Oscar Naasei\" onerror=\"this.onerror=null;this.src='https:\/\/soccer.aidatasports.com\/images\/players\/default-player.png';\"><span>Oscar Naasei<\/span><\/a><\/div>\n<div class=\"player\"><a href=\"https:\/\/soccer.aidatasports.com\/es\/players\/Manuel-Lama-162545\"><img decoding=\"async\" src=\"https:\/\/soccer.aidatasports.com\/images\/players\/162545.png\" alt=\"Manuel Lama\" onerror=\"this.onerror=null;this.src='https:\/\/soccer.aidatasports.com\/images\/players\/default-player.png';\"><span>Manuel Lama<\/span><\/a><\/div>\n<div class=\"player\"><a href=\"https:\/\/soccer.aidatasports.com\/es\/players\/Lo\u00efc-Williams-323816\"><img decoding=\"async\" src=\"https:\/\/soccer.aidatasports.com\/images\/players\/323816.png\" alt=\"Lo\u00efc Williams\" onerror=\"this.onerror=null;this.src='https:\/\/soccer.aidatasports.com\/images\/players\/default-player.png';\"><span>Lo\u00efc Williams<\/span><\/a><\/div>\n<div class=\"player\"><a href=\"https:\/\/soccer.aidatasports.com\/es\/players\/Ba\u00efla-Diallo-275959\"><img decoding=\"async\" src=\"https:\/\/soccer.aidatasports.com\/images\/players\/275959.png\" alt=\"Ba\u00efla Diallo\" onerror=\"this.onerror=null;this.src='https:\/\/soccer.aidatasports.com\/images\/players\/default-player.png';\"><span>Ba\u00efla Diallo<\/span><\/a><\/div>\n<div class=\"player\"><a href=\"https:\/\/soccer.aidatasports.com\/es\/players\/Pedro-Alema\u00f1-161873\"><img decoding=\"async\" src=\"https:\/\/soccer.aidatasports.com\/images\/players\/161873.png\" alt=\"Pedro Alema\u00f1\" onerror=\"this.onerror=null;this.src='https:\/\/soccer.aidatasports.com\/images\/players\/default-player.png';\"><span>Pedro Alema\u00f1<\/span><\/a><\/div>\n<div class=\"player\"><a href=\"https:\/\/soccer.aidatasports.com\/es\/players\/Izan-Gonz\u00e1lez-548670\"><img decoding=\"async\" src=\"https:\/\/soccer.aidatasports.com\/images\/players\/548670.png\" alt=\"Izan Gonz\u00e1lez\" onerror=\"this.onerror=null;this.src='https:\/\/soccer.aidatasports.com\/images\/players\/default-player.png';\"><span>Izan Gonz\u00e1lez<\/span><\/a><\/div>\n<div class=\"player\"><a href=\"https:\/\/soccer.aidatasports.com\/es\/players\/Jos\u00e9-Manuel-Arn\u00e1iz-47419\"><img decoding=\"async\" src=\"https:\/\/soccer.aidatasports.com\/images\/players\/47419.png\" alt=\"Jos\u00e9 Manuel Arn\u00e1iz\" onerror=\"this.onerror=null;this.src='https:\/\/soccer.aidatasports.com\/images\/players\/default-player.png';\"><span>Jos\u00e9 Manuel Arn\u00e1iz<\/span><\/a><\/div>\n<div class=\"player\"><a href=\"https:\/\/soccer.aidatasports.com\/es\/players\/\u00c1lex-Sola-47306\"><img decoding=\"async\" src=\"https:\/\/soccer.aidatasports.com\/images\/players\/47306.png\" alt=\"\u00c1lex Sola\" onerror=\"this.onerror=null;this.src='https:\/\/soccer.aidatasports.com\/images\/players\/default-player.png';\"><span>\u00c1lex Sola<\/span><\/a><\/div>\n<div class=\"player\"><a href=\"https:\/\/soccer.aidatasports.com\/es\/players\/Gonzalo-Petit-414442\"><img decoding=\"async\" src=\"https:\/\/soccer.aidatasports.com\/images\/players\/414442.png\" alt=\"Gonzalo Petit\" onerror=\"this.onerror=null;this.src='https:\/\/soccer.aidatasports.com\/images\/players\/default-player.png';\"><span>Gonzalo Petit<\/span><\/a><\/div>\n<div class=\"player\"><a href=\"https:\/\/soccer.aidatasports.com\/es\/players\/Baba-560939\"><img decoding=\"async\" src=\"https:\/\/soccer.aidatasports.com\/images\/players\/560939.png\" alt=\"Baba\" onerror=\"this.onerror=null;this.src='https:\/\/soccer.aidatasports.com\/images\/players\/default-player.png';\"><span>Baba<\/span><\/a><\/div>\n<\/div>\n<div>\n<h4>Suplentes:<\/h4>\n<div class=\"player\"><a href=\"https:\/\/soccer.aidatasports.com\/es\/players\/Diego-Hormigo-335037\"><img decoding=\"async\" src=\"https:\/\/soccer.aidatasports.com\/images\/players\/335037.png\" alt=\"Diego Hormigo\" onerror=\"this.onerror=null;this.src='https:\/\/soccer.aidatasports.com\/images\/players\/default-player.png';\"><span>Diego Hormigo<\/span><\/a><\/div>\n<div class=\"player\"><a href=\"https:\/\/soccer.aidatasports.com\/es\/players\/\u00c1lvaro-Lemos-46996\"><img decoding=\"async\" src=\"https:\/\/soccer.aidatasports.com\/images\/players\/46996.png\" alt=\"\u00c1lvaro Lemos\" onerror=\"this.onerror=null;this.src='https:\/\/soccer.aidatasports.com\/images\/players\/default-player.png';\"><span>\u00c1lvaro Lemos<\/span><\/a><\/div>\n<div class=\"player\"><a href=\"https:\/\/soccer.aidatasports.com\/es\/players\/Manu-Trigueros-1705\"><img decoding=\"async\" src=\"https:\/\/soccer.aidatasports.com\/images\/players\/1705.png\" alt=\"Manu Trigueros\" onerror=\"this.onerror=null;this.src='https:\/\/soccer.aidatasports.com\/images\/players\/default-player.png';\"><span>Manu Trigueros<\/span><\/a><\/div>\n<div class=\"player\"><a href=\"https:\/\/soccer.aidatasports.com\/es\/players\/Sergio-Rodelas-403498\"><img decoding=\"async\" src=\"https:\/\/soccer.aidatasports.com\/images\/players\/403498.png\" alt=\"Sergio Rodelas\" onerror=\"this.onerror=null;this.src='https:\/\/soccer.aidatasports.com\/images\/players\/default-player.png';\"><span>Sergio Rodelas<\/span><\/a><\/div>\n<div class=\"player\"><a href=\"https:\/\/soccer.aidatasports.com\/es\/players\/Ander-Astralaga-336653\"><img decoding=\"async\" src=\"https:\/\/soccer.aidatasports.com\/images\/players\/336653.png\" alt=\"Ander Astralaga\" onerror=\"this.onerror=null;this.src='https:\/\/soccer.aidatasports.com\/images\/players\/default-player.png';\"><span>Ander Astralaga<\/span><\/a><\/div>\n<div class=\"player\"><a href=\"https:\/\/soccer.aidatasports.com\/es\/players\/Bambo-Diaby-8746\"><img decoding=\"async\" src=\"https:\/\/soccer.aidatasports.com\/images\/players\/8746.png\" alt=\"Bambo Diaby\" onerror=\"this.onerror=null;this.src='https:\/\/soccer.aidatasports.com\/images\/players\/default-player.png';\"><span>Bambo Diaby<\/span><\/a><\/div>\n<div class=\"player\"><a href=\"https:\/\/soccer.aidatasports.com\/es\/players\/Luka-Gagnidze-290118\"><img decoding=\"async\" src=\"https:\/\/soccer.aidatasports.com\/images\/players\/290118.png\" alt=\"Luka Gagnidze\" onerror=\"this.onerror=null;this.src='https:\/\/soccer.aidatasports.com\/images\/players\/default-player.png';\"><span>Luka Gagnidze<\/span><\/a><\/div>\n<div class=\"player\"><a href=\"https:\/\/soccer.aidatasports.com\/es\/players\/Jorge-Pascual-290482\"><img decoding=\"async\" src=\"https:\/\/soccer.aidatasports.com\/images\/players\/290482.png\" alt=\"Jorge Pascual\" onerror=\"this.onerror=null;this.src='https:\/\/soccer.aidatasports.com\/images\/players\/default-player.png';\"><span>Jorge Pascual<\/span><\/a><\/div>\n<div class=\"player\"><a href=\"https:\/\/soccer.aidatasports.com\/es\/players\/Rayan-Zinebi-Talbi-577349\"><img decoding=\"async\" src=\"https:\/\/soccer.aidatasports.com\/images\/players\/577349.png\" alt=\"Rayan Zinebi Talbi\" onerror=\"this.onerror=null;this.src='https:\/\/soccer.aidatasports.com\/images\/players\/default-player.png';\"><span>Rayan Zinebi Talbi<\/span><\/a><\/div>\n<\/div>\n<\/div>\n<\/div>\n<div class=\"team-lineup\">\n<h3>Malaga<\/h3>\n<p><img decoding=\"async\" src=\"https:\/\/media.api-sports.io\/football\/teams\/535.png\" alt=\"Malaga\" style=\"width: 50px; height: 50px;\"><\/p>\n<div class=\"players-container\">\n<div>\n<h4>Titulares:<\/h4>\n<div class=\"player\"><a href=\"https:\/\/soccer.aidatasports.com\/es\/players\/Alfonso-Herrero-46843\"><img decoding=\"async\" src=\"https:\/\/soccer.aidatasports.com\/images\/players\/46843.png\" alt=\"Alfonso Herrero\" onerror=\"this.onerror=null;this.src='https:\/\/soccer.aidatasports.com\/images\/players\/default-player.png';\"><span>Alfonso Herrero<\/span><\/a><\/div>\n<div class=\"player\"><a href=\"https:\/\/soccer.aidatasports.com\/es\/players\/Carlos-Puga-185096\"><img decoding=\"async\" src=\"https:\/\/soccer.aidatasports.com\/images\/players\/185096.png\" alt=\"Carlos Puga\" onerror=\"this.onerror=null;this.src='https:\/\/soccer.aidatasports.com\/images\/players\/default-player.png';\"><span>Carlos Puga<\/span><\/a><\/div>\n<div class=\"player\"><a href=\"https:\/\/soccer.aidatasports.com\/es\/players\/Diego-Murillo-185234\"><img decoding=\"async\" src=\"https:\/\/soccer.aidatasports.com\/images\/players\/185234.png\" alt=\"Diego Murillo\" onerror=\"this.onerror=null;this.src='https:\/\/soccer.aidatasports.com\/images\/players\/default-player.png';\"><span>Diego Murillo<\/span><\/a><\/div>\n<div class=\"player\"><a href=\"https:\/\/soccer.aidatasports.com\/es\/players\/Francisco-Montero-35\"><img decoding=\"async\" src=\"https:\/\/soccer.aidatasports.com\/images\/players\/35.png\" alt=\"Francisco Montero\" onerror=\"this.onerror=null;this.src='https:\/\/soccer.aidatasports.com\/images\/players\/default-player.png';\"><span>Francisco Montero<\/span><\/a><\/div>\n<div class=\"player\"><a href=\"https:\/\/soccer.aidatasports.com\/es\/players\/Rafa-Garrido-551403\"><img decoding=\"async\" src=\"https:\/\/soccer.aidatasports.com\/images\/players\/551403.png\" alt=\"Rafa Garrido\" onerror=\"this.onerror=null;this.src='https:\/\/soccer.aidatasports.com\/images\/players\/default-player.png';\"><span>Rafa Garrido<\/span><\/a><\/div>\n<div class=\"player\"><a href=\"https:\/\/soccer.aidatasports.com\/es\/players\/Izan-Merino-394372\"><img decoding=\"async\" src=\"https:\/\/soccer.aidatasports.com\/images\/players\/394372.png\" alt=\"Izan Merino\" onerror=\"this.onerror=null;this.src='https:\/\/soccer.aidatasports.com\/images\/players\/default-player.png';\"><span>Izan Merino<\/span><\/a><\/div>\n<div class=\"player\"><a href=\"https:\/\/soccer.aidatasports.com\/es\/players\/Dani-Lorenzo-337523\"><img decoding=\"async\" src=\"https:\/\/soccer.aidatasports.com\/images\/players\/337523.png\" alt=\"Dani Lorenzo\" onerror=\"this.onerror=null;this.src='https:\/\/soccer.aidatasports.com\/images\/players\/default-player.png';\"><span>Dani Lorenzo<\/span><\/a><\/div>\n<div class=\"player\"><a href=\"https:\/\/soccer.aidatasports.com\/es\/players\/David-Larrubia-190253\"><img decoding=\"async\" src=\"https:\/\/soccer.aidatasports.com\/images\/players\/190253.png\" alt=\"David Larrubia\" onerror=\"this.onerror=null;this.src='https:\/\/soccer.aidatasports.com\/images\/players\/default-player.png';\"><span>David Larrubia<\/span><\/a><\/div>\n<div class=\"player\"><a href=\"https:\/\/soccer.aidatasports.com\/es\/players\/Carlos-Dotor-162034\"><img decoding=\"async\" src=\"https:\/\/soccer.aidatasports.com\/images\/players\/162034.png\" alt=\"Carlos Dotor\" onerror=\"this.onerror=null;this.src='https:\/\/soccer.aidatasports.com\/images\/players\/default-player.png';\"><span>Carlos Dotor<\/span><\/a><\/div>\n<div class=\"player\"><a href=\"https:\/\/soccer.aidatasports.com\/es\/players\/Julen-Lobete-182602\"><img decoding=\"async\" src=\"https:\/\/soccer.aidatasports.com\/images\/players\/182602.png\" alt=\"Julen Lobete\" onerror=\"this.onerror=null;this.src='https:\/\/soccer.aidatasports.com\/images\/players\/default-player.png';\"><span>Julen Lobete<\/span><\/a><\/div>\n<div class=\"player\"><a href=\"https:\/\/soccer.aidatasports.com\/es\/players\/Chupete-376401\"><img decoding=\"async\" src=\"https:\/\/soccer.aidatasports.com\/images\/players\/376401.png\" alt=\"Chupete\" onerror=\"this.onerror=null;this.src='https:\/\/soccer.aidatasports.com\/images\/players\/default-player.png';\"><span>Chupete<\/span><\/a><\/div>\n<\/div>\n<div>\n<h4>Suplentes:<\/h4>\n<div class=\"player\"><a href=\"https:\/\/soccer.aidatasports.com\/es\/players\/Josu\u00e9-Dorrio-104850\"><img decoding=\"async\" src=\"https:\/\/soccer.aidatasports.com\/images\/players\/104850.png\" alt=\"Josu\u00e9 Dorrio\" onerror=\"this.onerror=null;this.src='https:\/\/soccer.aidatasports.com\/images\/players\/default-player.png';\"><span>Josu\u00e9 Dorrio<\/span><\/a><\/div>\n<div class=\"player\"><a href=\"https:\/\/soccer.aidatasports.com\/es\/players\/Rafa-Rodriguez-335221\"><img decoding=\"async\" src=\"https:\/\/soccer.aidatasports.com\/images\/players\/335221.png\" alt=\"Rafa Rodriguez\" onerror=\"this.onerror=null;this.src='https:\/\/soccer.aidatasports.com\/images\/players\/default-player.png';\"><span>Rafa Rodriguez<\/span><\/a><\/div>\n<div class=\"player\"><a href=\"https:\/\/soccer.aidatasports.com\/es\/players\/Aar\u00f3n-Ochoa-444451\"><img decoding=\"async\" src=\"https:\/\/soccer.aidatasports.com\/images\/players\/444451.png\" alt=\"Aar\u00f3n Ochoa\" onerror=\"this.onerror=null;this.src='https:\/\/soccer.aidatasports.com\/images\/players\/default-player.png';\"><span>Aar\u00f3n Ochoa<\/span><\/a><\/div>\n<div class=\"player\"><a href=\"https:\/\/soccer.aidatasports.com\/es\/players\/Adri\u00e1n-Ni\u00f1o-386850\"><img decoding=\"async\" src=\"https:\/\/soccer.aidatasports.com\/images\/players\/386850.png\" alt=\"Adri\u00e1n Ni\u00f1o\" onerror=\"this.onerror=null;this.src='https:\/\/soccer.aidatasports.com\/images\/players\/default-player.png';\"><span>Adri\u00e1n Ni\u00f1o<\/span><\/a><\/div>\n<div class=\"player\"><a href=\"https:\/\/soccer.aidatasports.com\/es\/players\/Carlos-Lopez-344746\"><img decoding=\"async\" src=\"https:\/\/soccer.aidatasports.com\/images\/players\/344746.png\" alt=\"Carlos Lopez\" onerror=\"this.onerror=null;this.src='https:\/\/soccer.aidatasports.com\/images\/players\/default-player.png';\"><span>Carlos Lopez<\/span><\/a><\/div>\n<div class=\"player\"><a href=\"https:\/\/soccer.aidatasports.com\/es\/players\/Victor-Garcia-Marin-122574\"><img decoding=\"async\" src=\"https:\/\/soccer.aidatasports.com\/images\/players\/122574.png\" alt=\"Victor Garcia Marin\" onerror=\"this.onerror=null;this.src='https:\/\/soccer.aidatasports.com\/images\/players\/default-player.png';\"><span>Victor Garcia Marin<\/span><\/a><\/div>\n<div class=\"player\"><a href=\"https:\/\/soccer.aidatasports.com\/es\/players\/Jokin-Gabilondo-182658\"><img decoding=\"async\" src=\"https:\/\/soccer.aidatasports.com\/images\/players\/182658.png\" alt=\"Jokin Gabilondo\" onerror=\"this.onerror=null;this.src='https:\/\/soccer.aidatasports.com\/images\/players\/default-player.png';\"><span>Jokin Gabilondo<\/span><\/a><\/div>\n<div class=\"player\"><a href=\"https:\/\/soccer.aidatasports.com\/es\/players\/\u00c1ngel-Recio-316115\"><img decoding=\"async\" src=\"https:\/\/soccer.aidatasports.com\/images\/players\/316115.png\" alt=\"\u00c1ngel Recio\" onerror=\"this.onerror=null;this.src='https:\/\/soccer.aidatasports.com\/images\/players\/default-player.png';\"><span>\u00c1ngel Recio<\/span><\/a><\/div>\n<div class=\"player\"><a href=\"https:\/\/soccer.aidatasports.com\/es\/players\/Juanpe-182786\"><img decoding=\"async\" src=\"https:\/\/soccer.aidatasports.com\/images\/players\/182786.png\" alt=\"Juanpe\" onerror=\"this.onerror=null;this.src='https:\/\/soccer.aidatasports.com\/images\/players\/default-player.png';\"><span>Juanpe<\/span><\/a><\/div>\n<div class=\"player\"><a href=\"https:\/\/soccer.aidatasports.com\/es\/players\/Haitam-Abaida-296695\"><img decoding=\"async\" src=\"https:\/\/soccer.aidatasports.com\/images\/players\/296695.png\" alt=\"Haitam Abaida\" onerror=\"this.onerror=null;this.src='https:\/\/soccer.aidatasports.com\/images\/players\/default-player.png';\"><span>Haitam Abaida<\/span><\/a><\/div>\n<div class=\"player\"><a href=\"https:\/\/soccer.aidatasports.com\/es\/players\/Eneko-Jauregi-104903\"><img decoding=\"async\" src=\"https:\/\/soccer.aidatasports.com\/images\/players\/104903.png\" alt=\"Eneko Jauregi\" onerror=\"this.onerror=null;this.src='https:\/\/soccer.aidatasports.com\/images\/players\/default-player.png';\"><span>Eneko Jauregi<\/span><\/a><\/div>\n<div class=\"player\"><a href=\"https:\/\/soccer.aidatasports.com\/es\/players\/Joaqu\u00edn-Mu\u00f1oz-60\"><img decoding=\"async\" src=\"https:\/\/soccer.aidatasports.com\/images\/players\/60.png\" alt=\"Joaqu\u00edn Mu\u00f1oz\" onerror=\"this.onerror=null;this.src='https:\/\/soccer.aidatasports.com\/images\/players\/default-player.png';\"><span>Joaqu\u00edn Mu\u00f1oz<\/span><\/a><\/div>\n<\/div>\n<\/div>\n<\/div>\n<\/div>\n<div id=\"wg-api-football-game\"\n                    data-host=\"xxxxx\"\n                    data-key=\"xxxx\"\n                    data-id=\"1392072\"\n                    data-theme=\"\"\n                    data-refresh=\"15\"\n                    data-show-errors=\"false\"\n                    data-show-logos=\"true\"><br \/>\n                    class=\u00bbwg_loader\u00bb>\n                <\/div>\n<div id=\"wg-api-football-standings\"\n                    data-host=\"xxxx\"\n                    data-key=\"ddddd\"\n                    data-league=\"141\"\n                    data-team=\"\"\n                    data-season=\"2025\"\n                    data-theme=\"\"\n                    data-show-errors=\"false\"\n                    data-show-logos=\"true\"\n                    class=\"wg_loader\">\n                <\/div>\n<p>                <script\n                    type=\"module\"\n                    src=\"https:\/\/soccer.aidatasports.com\/wp-content\/customjs\/widgetslocal.js\">\n                <\/script><\/p>\n","protected":false},"excerpt":{"rendered":"<p>Espa\u00f1ol Empate sin goles en el Nuevo Los C\u00e1rmenes entre Granada CF y M\u00e1laga En&hellip;<\/p>\n","protected":false},"author":1,"featured_media":161732,"comment_status":"open","ping_status":"open","sticky":false,"template":"","format":"standard","meta":{"content-type":"","_lmt_disableupdate":"","_lmt_disable":"","_league":15837,"_fixture":1392072,"penci_pfeatured_image_ratio":"","penci_single_style":"","footnotes":""},"categories":[15837],"tags":[801,646],"class_list":["post-161733","post","type-post","status-publish","format-standard","has-post-thumbnail","hentry","category-matches","tag-granada-cf-spain-715","tag-malaga-spain-535"],"_links":{"self":[{"href":"https:\/\/soccer.aidatasports.com\/es\/wp-json\/wp\/v2\/posts\/161733"}],"collection":[{"href":"https:\/\/soccer.aidatasports.com\/es\/wp-json\/wp\/v2\/posts"}],"about":[{"href":"https:\/\/soccer.aidatasports.com\/es\/wp-json\/wp\/v2\/types\/post"}],"author":[{"embeddable":true,"href":"https:\/\/soccer.aidatasports.com\/es\/wp-json\/wp\/v2\/users\/1"}],"replies":[{"embeddable":true,"href":"https:\/\/soccer.aidatasports.com\/es\/wp-json\/wp\/v2\/comments?post=161733"}],"version-history":[{"count":0,"href":"https:\/\/soccer.aidatasports.com\/es\/wp-json\/wp\/v2\/posts\/161733\/revisions"}],"wp:featuredmedia":[{"embeddable":true,"href":"https:\/\/soccer.aidatasports.com\/es\/wp-json\/wp\/v2\/media\/161732"}],"wp:attachment":[{"href":"https:\/\/soccer.aidatasports.com\/es\/wp-json\/wp\/v2\/media?parent=161733"}],"wp:term":[{"taxonomy":"category","embeddable":true,"href":"https:\/\/soccer.aidatasports.com\/es\/wp-json\/wp\/v2\/categories?post=161733"},{"taxonomy":"post_tag","embeddable":true,"href":"https:\/\/soccer.aidatasports.com\/es\/wp-json\/wp\/v2\/tags?post=161733"}],"curies":[{"name":"wp","href":"https:\/\/api.w.org\/{rel}","templated":true}]}}