{"id":161054,"date":"2026-02-26T19:41:08","date_gmt":"2026-02-26T19:41:08","guid":{"rendered":"https:\/\/soccer.aidatasports.com\/es\/uncategorized\/celje-vs-drita-feb-26-2026-1745-utc\/"},"modified":"2026-02-26T19:41:08","modified_gmt":"2026-02-26T19:41:08","slug":"celje-vs-drita-feb-26-2026-1745-utc","status":"publish","type":"post","link":"https:\/\/soccer.aidatasports.com\/es\/matches\/celje-vs-drita-feb-26-2026-1745-utc\/","title":{"rendered":"Celje vs Drita Feb 26 2026 17:45 UTC"},"content":{"rendered":"<p><strong>Espa\u00f1ol:<\/strong><\/p>\n<p><strong>Emocionante Encuentro en Celje: Victoria Ajustada del Equipo Local<\/strong><\/p>\n<p>Celje, 26 de febrero de 2026 &#8211; En un partido vibrante y disputado en el Arena Z\u2019dezele, el Celje logr\u00f3 una victoria ajustada ante el Drita en el marco de la UEFA Europa Conference League. El encuentro, arbitrado por el polaco Damian Sylwestrzak, estuvo cargado de emociones desde el inicio.<\/p>\n<p>El Celje se adelant\u00f3 temprano con un gol de S. Seslar en el minuto 19, gracias a una asistencia de A. Kucys. Poco despu\u00e9s, D. Hrka ampli\u00f3 la ventaja en el minuto 23. Sin embargo, el Drita reaccion\u00f3 r\u00e1pidamente, con un gol de B. Krasniqi en el minuto 26, quien se encarg\u00f3 de anotar y asistir. Antes del descanso, S. Seslar volvi\u00f3 a marcar para el Celje, esta vez de penal, en el minuto 43.<\/p>\n<p>En la segunda mitad, el Drita demostr\u00f3 su capacidad de lucha y recort\u00f3 distancias con un gol de A. Dabiqaj en el minuto 51, con asistencia de L. Balaj. El partido se caracteriz\u00f3 por la intensidad en el mediocampo, reflejada en las numerosas faltas cometidas por ambos equipos (17 del Celje y 21 del Drita). El colegiado se vio obligado a mostrar varias tarjetas amarillas: tres para el Celje (L. Bejger, D. Vuklisevic, Z. Leban) y cuatro para el Drita (E. Bejtulai, J. Pellumbi, B. Krasniqi, A. Dabiqaj).<\/p>\n<p>En t\u00e9rminos de posesi\u00f3n, ambos equipos estuvieron igualados con un 50%. El Drita gener\u00f3 un mayor n\u00famero de disparos (17) en comparaci\u00f3n con el Celje (12), aunque el Celje fue m\u00e1s preciso, con 8 tiros a puerta frente a 7 del Drita. El Celje sac\u00f3 4 corners, mientras que el Drita tuvo 5. Finalmente, el Celje se llev\u00f3 la victoria en este emocionante encuentro en casa.<\/p>\n<p>Sustituciones en el equipo de celje: en el minuto 62 ingres\u00f3 R. Pozeg y sali\u00f3 M. Avdyli, en el minuto 76 ingres\u00f3 M. Kvesic y sali\u00f3 I. Vidovic, en el minuto 88 ingres\u00f3 A. Kucys y sali\u00f3 M. Poplatnik, en el minuto 88 ingres\u00f3 I. Calusic y sali\u00f3 P. Daniel <\/p>\n<p>Sustituciones en el equipo de drita: en el minuto 68 ingres\u00f3 V. Limaj y sali\u00f3 K. Nguena, en el minuto 68 ingres\u00f3 L. Balaj y sali\u00f3 A. Ajzeraj, en el minuto 68 ingres\u00f3 B. Sheji y sali\u00f3 K. Abazaj, en el minuto 87 ingres\u00f3 V. Tusha y sali\u00f3 O. Grezda <\/p>\n<p>Los equipos alinearon de la siguiente manera:<\/p>\n<div class=\"lineups-container\">\n<style>\n                .lineups-container {\n                    display: flex;\n                    justify-content: space-around;\n                    flex-wrap: wrap;\n                }\n                .team-lineup {\n                    width: 49%;\n                    margin-bottom: 20px;\n                    border: 1px solid #ccc;\n                    padding: 5px;\n                }\n                .team-lineup h3 {\n                    text-align: center;\n                    margin-bottom: 10px;\n                }\n                .players-container {\n                    display: flex;\n                    justify-content: space-between;\n                }\n                .players-container div {\n                    width: 100%;\n                }\n                .player {\n                    display: flex;\n                    align-items: center;\n                    margin-bottom: 5px;\n                }\n                .player img {\n                    width: 30px;\n                    height: 30px;\n                    border-radius: 50%;\n                    margin-right: 10px;\n                }\n                    @media (max-width: 600px) {\n                    .team-lineup {\n                        width: 100%;\n                    }\n                }\n                <\/style>\n<div class=\"team-lineup\">\n<h3>Celje<\/h3>\n<p><img decoding=\"async\" src=\"https:\/\/media.api-sports.io\/football\/teams\/4360.png\" alt=\"Celje\" style=\"width: 50px; height: 50px;\"><\/p>\n<div class=\"players-container\">\n<div>\n<h4>Titulares:<\/h4>\n<div class=\"player\"><a href=\"https:\/\/soccer.aidatasports.com\/es\/players\/Zan-Luk-Leban-284326\"><img decoding=\"async\" src=\"https:\/\/soccer.aidatasports.com\/images\/players\/284326.png\" alt=\"Zan Luk Leban\" onerror=\"this.onerror=null;this.src='https:\/\/soccer.aidatasports.com\/images\/players\/default-player.png';\"><span>Zan Luk Leban<\/span><\/a><\/div>\n<div class=\"player\"><a href=\"https:\/\/soccer.aidatasports.com\/es\/players\/\u0141ukasz-Bejger-163053\"><img decoding=\"async\" src=\"https:\/\/soccer.aidatasports.com\/images\/players\/163053.png\" alt=\"\u0141ukasz Bejger\" onerror=\"this.onerror=null;this.src='https:\/\/soccer.aidatasports.com\/images\/players\/default-player.png';\"><span>\u0141ukasz Bejger<\/span><\/a><\/div>\n<div class=\"player\"><a href=\"https:\/\/soccer.aidatasports.com\/es\/players\/Damjan-Vukli\u0161evi\u0107-66040\"><img decoding=\"async\" src=\"https:\/\/soccer.aidatasports.com\/images\/players\/66040.png\" alt=\"Damjan Vukli\u0161evi\u0107\" onerror=\"this.onerror=null;this.src='https:\/\/soccer.aidatasports.com\/images\/players\/default-player.png';\"><span>Damjan Vukli\u0161evi\u0107<\/span><\/a><\/div>\n<div class=\"player\"><a href=\"https:\/\/soccer.aidatasports.com\/es\/players\/Juanjo-Nieto-105034\"><img decoding=\"async\" src=\"https:\/\/soccer.aidatasports.com\/images\/players\/105034.png\" alt=\"Juanjo Nieto\" onerror=\"this.onerror=null;this.src='https:\/\/soccer.aidatasports.com\/images\/players\/default-player.png';\"><span>Juanjo Nieto<\/span><\/a><\/div>\n<div class=\"player\"><a href=\"https:\/\/soccer.aidatasports.com\/es\/players\/Svit-Se\u0161lar-109987\"><img decoding=\"async\" src=\"https:\/\/soccer.aidatasports.com\/images\/players\/109987.png\" alt=\"Svit Se\u0161lar\" onerror=\"this.onerror=null;this.src='https:\/\/soccer.aidatasports.com\/images\/players\/default-player.png';\"><span>Svit Se\u0161lar<\/span><\/a><\/div>\n<div class=\"player\"><a href=\"https:\/\/soccer.aidatasports.com\/es\/players\/Darko-Hrka-110057\"><img decoding=\"async\" src=\"https:\/\/soccer.aidatasports.com\/images\/players\/110057.png\" alt=\"Darko Hrka\" onerror=\"this.onerror=null;this.src='https:\/\/soccer.aidatasports.com\/images\/players\/default-player.png';\"><span>Darko Hrka<\/span><\/a><\/div>\n<div class=\"player\"><a href=\"https:\/\/soccer.aidatasports.com\/es\/players\/Ivan-\u0106alu\u0161i\u0107-126314\"><img decoding=\"async\" src=\"https:\/\/soccer.aidatasports.com\/images\/players\/126314.png\" alt=\"Ivan \u0106alu\u0161i\u0107\" onerror=\"this.onerror=null;this.src='https:\/\/soccer.aidatasports.com\/images\/players\/default-player.png';\"><span>Ivan \u0106alu\u0161i\u0107<\/span><\/a><\/div>\n<div class=\"player\"><a href=\"https:\/\/soccer.aidatasports.com\/es\/players\/Rudi-Po\u017eeg-Vanca\u0161-109685\"><img decoding=\"async\" src=\"https:\/\/soccer.aidatasports.com\/images\/players\/109685.png\" alt=\"Rudi Po\u017eeg Vanca\u0161\" onerror=\"this.onerror=null;this.src='https:\/\/soccer.aidatasports.com\/images\/players\/default-player.png';\"><span>Rudi Po\u017eeg Vanca\u0161<\/span><\/a><\/div>\n<div class=\"player\"><a href=\"https:\/\/soccer.aidatasports.com\/es\/players\/Mario-Kvesi\u0107-25102\"><img decoding=\"async\" src=\"https:\/\/soccer.aidatasports.com\/images\/players\/25102.png\" alt=\"Mario Kvesi\u0107\" onerror=\"this.onerror=null;this.src='https:\/\/soccer.aidatasports.com\/images\/players\/default-player.png';\"><span>Mario Kvesi\u0107<\/span><\/a><\/div>\n<div class=\"player\"><a href=\"https:\/\/soccer.aidatasports.com\/es\/players\/Nikita-Iosifov-162053\"><img decoding=\"async\" src=\"https:\/\/soccer.aidatasports.com\/images\/players\/162053.png\" alt=\"Nikita Iosifov\" onerror=\"this.onerror=null;this.src='https:\/\/soccer.aidatasports.com\/images\/players\/default-player.png';\"><span>Nikita Iosifov<\/span><\/a><\/div>\n<div class=\"player\"><a href=\"https:\/\/soccer.aidatasports.com\/es\/players\/Armandas-Ku\u010dys-70044\"><img decoding=\"async\" src=\"https:\/\/soccer.aidatasports.com\/images\/players\/70044.png\" alt=\"Armandas Ku\u010dys\" onerror=\"this.onerror=null;this.src='https:\/\/soccer.aidatasports.com\/images\/players\/default-player.png';\"><span>Armandas Ku\u010dys<\/span><\/a><\/div>\n<\/div>\n<div>\n<h4>Suplentes:<\/h4>\n<div class=\"player\"><a href=\"https:\/\/soccer.aidatasports.com\/es\/players\/Milot-Avdyli-278810\"><img decoding=\"async\" src=\"https:\/\/soccer.aidatasports.com\/images\/players\/278810.png\" alt=\"Milot Avdyli\" onerror=\"this.onerror=null;this.src='https:\/\/soccer.aidatasports.com\/images\/players\/default-player.png';\"><span>Milot Avdyli<\/span><\/a><\/div>\n<div class=\"player\"><a href=\"https:\/\/soccer.aidatasports.com\/es\/players\/Ivica-Vidovi\u0107-328308\"><img decoding=\"async\" src=\"https:\/\/soccer.aidatasports.com\/images\/players\/328308.png\" alt=\"Ivica Vidovi\u0107\" onerror=\"this.onerror=null;this.src='https:\/\/soccer.aidatasports.com\/images\/players\/default-player.png';\"><span>Ivica Vidovi\u0107<\/span><\/a><\/div>\n<div class=\"player\"><a href=\"https:\/\/soccer.aidatasports.com\/es\/players\/Papa-Daniel-301642\"><img decoding=\"async\" src=\"https:\/\/soccer.aidatasports.com\/images\/players\/301642.png\" alt=\"Papa Daniel\" onerror=\"this.onerror=null;this.src='https:\/\/soccer.aidatasports.com\/images\/players\/default-player.png';\"><span>Papa Daniel<\/span><\/a><\/div>\n<div class=\"player\"><a href=\"https:\/\/soccer.aidatasports.com\/es\/players\/Matej-Poplatnik-60138\"><img decoding=\"async\" src=\"https:\/\/soccer.aidatasports.com\/images\/players\/60138.png\" alt=\"Matej Poplatnik\" onerror=\"this.onerror=null;this.src='https:\/\/soccer.aidatasports.com\/images\/players\/default-player.png';\"><span>Matej Poplatnik<\/span><\/a><\/div>\n<div class=\"player\"><a href=\"https:\/\/soccer.aidatasports.com\/es\/players\/Luka-Kolar-348848\"><img decoding=\"async\" src=\"https:\/\/soccer.aidatasports.com\/images\/players\/348848.png\" alt=\"Luka Kolar\" onerror=\"this.onerror=null;this.src='https:\/\/soccer.aidatasports.com\/images\/players\/default-player.png';\"><span>Luka Kolar<\/span><\/a><\/div>\n<div class=\"player\"><a href=\"https:\/\/soccer.aidatasports.com\/es\/players\/Simon-Sluga-2759\"><img decoding=\"async\" src=\"https:\/\/soccer.aidatasports.com\/images\/players\/2759.png\" alt=\"Simon Sluga\" onerror=\"this.onerror=null;this.src='https:\/\/soccer.aidatasports.com\/images\/players\/default-player.png';\"><span>Simon Sluga<\/span><\/a><\/div>\n<div class=\"player\"><a href=\"https:\/\/soccer.aidatasports.com\/es\/players\/Ga\u0161per-Vodeb-293550\"><img decoding=\"async\" src=\"https:\/\/soccer.aidatasports.com\/images\/players\/293550.png\" alt=\"Ga\u0161per Vodeb\" onerror=\"this.onerror=null;this.src='https:\/\/soccer.aidatasports.com\/images\/players\/default-player.png';\"><span>Ga\u0161per Vodeb<\/span><\/a><\/div>\n<div class=\"player\"><a href=\"https:\/\/soccer.aidatasports.com\/es\/players\/Artemijus-Tuty\u0161kinas-325384\"><img decoding=\"async\" src=\"https:\/\/soccer.aidatasports.com\/images\/players\/325384.png\" alt=\"Artemijus Tuty\u0161kinas\" onerror=\"this.onerror=null;this.src='https:\/\/soccer.aidatasports.com\/images\/players\/default-player.png';\"><span>Artemijus Tuty\u0161kinas<\/span><\/a><\/div>\n<div class=\"player\"><a href=\"https:\/\/soccer.aidatasports.com\/es\/players\/David-Castro-135385\"><img decoding=\"async\" src=\"https:\/\/soccer.aidatasports.com\/images\/players\/135385.png\" alt=\"David Castro\" onerror=\"this.onerror=null;this.src='https:\/\/soccer.aidatasports.com\/images\/players\/default-player.png';\"><span>David Castro<\/span><\/a><\/div>\n<div class=\"player\"><a href=\"https:\/\/soccer.aidatasports.com\/es\/players\/Florjan-Jevsenak-462244\"><img decoding=\"async\" src=\"https:\/\/soccer.aidatasports.com\/images\/players\/462244.png\" alt=\"Florjan Jevsenak\" onerror=\"this.onerror=null;this.src='https:\/\/soccer.aidatasports.com\/images\/players\/default-player.png';\"><span>Florjan Jevsenak<\/span><\/a><\/div>\n<div class=\"player\"><a href=\"https:\/\/soccer.aidatasports.com\/es\/players\/Andrej-Kotnik-91447\"><img decoding=\"async\" src=\"https:\/\/soccer.aidatasports.com\/images\/players\/91447.png\" alt=\"Andrej Kotnik\" onerror=\"this.onerror=null;this.src='https:\/\/soccer.aidatasports.com\/images\/players\/default-player.png';\"><span>Andrej Kotnik<\/span><\/a><\/div>\n<\/div>\n<\/div>\n<\/div>\n<div class=\"team-lineup\">\n<h3>Drita<\/h3>\n<p><img decoding=\"async\" src=\"https:\/\/media.api-sports.io\/football\/teams\/14281.png\" alt=\"Drita\" style=\"width: 50px; height: 50px;\"><\/p>\n<div class=\"players-container\">\n<div>\n<h4>Titulares:<\/h4>\n<div class=\"player\"><a href=\"https:\/\/soccer.aidatasports.com\/es\/players\/Faton-Maloku-3487\"><img decoding=\"async\" src=\"https:\/\/soccer.aidatasports.com\/images\/players\/3487.png\" alt=\"Faton Maloku\" onerror=\"this.onerror=null;this.src='https:\/\/soccer.aidatasports.com\/images\/players\/default-player.png';\"><span>Faton Maloku<\/span><\/a><\/div>\n<div class=\"player\"><a href=\"https:\/\/soccer.aidatasports.com\/es\/players\/Besnik-Krasniqi-74563\"><img decoding=\"async\" src=\"https:\/\/soccer.aidatasports.com\/images\/players\/74563.png\" alt=\"Besnik Krasniqi\" onerror=\"this.onerror=null;this.src='https:\/\/soccer.aidatasports.com\/images\/players\/default-player.png';\"><span>Besnik Krasniqi<\/span><\/a><\/div>\n<div class=\"player\"><a href=\"https:\/\/soccer.aidatasports.com\/es\/players\/Egzon-Bejtulai-105475\"><img decoding=\"async\" src=\"https:\/\/soccer.aidatasports.com\/images\/players\/105475.png\" alt=\"Egzon Bejtulai\" onerror=\"this.onerror=null;this.src='https:\/\/soccer.aidatasports.com\/images\/players\/default-player.png';\"><span>Egzon Bejtulai<\/span><\/a><\/div>\n<div class=\"player\"><a href=\"https:\/\/soccer.aidatasports.com\/es\/players\/Jorgo-P\u00ebllumbi-3605\"><img decoding=\"async\" src=\"https:\/\/soccer.aidatasports.com\/images\/players\/3605.png\" alt=\"Jorgo P\u00ebllumbi\" onerror=\"this.onerror=null;this.src='https:\/\/soccer.aidatasports.com\/images\/players\/default-player.png';\"><span>Jorgo P\u00ebllumbi<\/span><\/a><\/div>\n<div class=\"player\"><a href=\"https:\/\/soccer.aidatasports.com\/es\/players\/Raddy-Ovouka-317018\"><img decoding=\"async\" src=\"https:\/\/soccer.aidatasports.com\/images\/players\/317018.png\" alt=\"Raddy Ovouka\" onerror=\"this.onerror=null;this.src='https:\/\/soccer.aidatasports.com\/images\/players\/default-player.png';\"><span>Raddy Ovouka<\/span><\/a><\/div>\n<div class=\"player\"><a href=\"https:\/\/soccer.aidatasports.com\/es\/players\/Blerton-Sheji-154896\"><img decoding=\"async\" src=\"https:\/\/soccer.aidatasports.com\/images\/players\/154896.png\" alt=\"Blerton Sheji\" onerror=\"this.onerror=null;this.src='https:\/\/soccer.aidatasports.com\/images\/players\/default-player.png';\"><span>Blerton Sheji<\/span><\/a><\/div>\n<div class=\"player\"><a href=\"https:\/\/soccer.aidatasports.com\/es\/players\/Liridon-Balaj-127596\"><img decoding=\"async\" src=\"https:\/\/soccer.aidatasports.com\/images\/players\/127596.png\" alt=\"Liridon Balaj\" onerror=\"this.onerror=null;this.src='https:\/\/soccer.aidatasports.com\/images\/players\/default-player.png';\"><span>Liridon Balaj<\/span><\/a><\/div>\n<div class=\"player\"><a href=\"https:\/\/soccer.aidatasports.com\/es\/players\/Albert-Dabiqaj-113566\"><img decoding=\"async\" src=\"https:\/\/soccer.aidatasports.com\/images\/players\/113566.png\" alt=\"Albert Dabiqaj\" onerror=\"this.onerror=null;this.src='https:\/\/soccer.aidatasports.com\/images\/players\/default-player.png';\"><span>Albert Dabiqaj<\/span><\/a><\/div>\n<div class=\"player\"><a href=\"https:\/\/soccer.aidatasports.com\/es\/players\/Vesel-Limaj-3502\"><img decoding=\"async\" src=\"https:\/\/soccer.aidatasports.com\/images\/players\/3502.png\" alt=\"Vesel Limaj\" onerror=\"this.onerror=null;this.src='https:\/\/soccer.aidatasports.com\/images\/players\/default-player.png';\"><span>Vesel Limaj<\/span><\/a><\/div>\n<div class=\"player\"><a href=\"https:\/\/soccer.aidatasports.com\/es\/players\/Blerim-Krasniqi-3613\"><img decoding=\"async\" src=\"https:\/\/soccer.aidatasports.com\/images\/players\/3613.png\" alt=\"Blerim Krasniqi\" onerror=\"this.onerror=null;this.src='https:\/\/soccer.aidatasports.com\/images\/players\/default-player.png';\"><span>Blerim Krasniqi<\/span><\/a><\/div>\n<div class=\"player\"><a href=\"https:\/\/soccer.aidatasports.com\/es\/players\/Veton-Tusha-215855\"><img decoding=\"async\" src=\"https:\/\/soccer.aidatasports.com\/images\/players\/215855.png\" alt=\"Veton Tusha\" onerror=\"this.onerror=null;this.src='https:\/\/soccer.aidatasports.com\/images\/players\/default-player.png';\"><span>Veton Tusha<\/span><\/a><\/div>\n<\/div>\n<div>\n<h4>Suplentes:<\/h4>\n<div class=\"player\"><a href=\"https:\/\/soccer.aidatasports.com\/es\/players\/Almir-Ajzeraj-107484\"><img decoding=\"async\" src=\"https:\/\/soccer.aidatasports.com\/images\/players\/107484.png\" alt=\"Almir Ajzeraj\" onerror=\"this.onerror=null;this.src='https:\/\/soccer.aidatasports.com\/images\/players\/default-player.png';\"><span>Almir Ajzeraj<\/span><\/a><\/div>\n<div class=\"player\"><a href=\"https:\/\/soccer.aidatasports.com\/es\/players\/Kemelho-Nguena-191185\"><img decoding=\"async\" src=\"https:\/\/soccer.aidatasports.com\/images\/players\/191185.png\" alt=\"Kemelho Nguena\" onerror=\"this.onerror=null;this.src='https:\/\/soccer.aidatasports.com\/images\/players\/default-player.png';\"><span>Kemelho Nguena<\/span><\/a><\/div>\n<div class=\"player\"><a href=\"https:\/\/soccer.aidatasports.com\/es\/players\/Kristal-Abazaj-14317\"><img decoding=\"async\" src=\"https:\/\/soccer.aidatasports.com\/images\/players\/14317.png\" alt=\"Kristal Abazaj\" onerror=\"this.onerror=null;this.src='https:\/\/soccer.aidatasports.com\/images\/players\/default-player.png';\"><span>Kristal Abazaj<\/span><\/a><\/div>\n<div class=\"player\"><a href=\"https:\/\/soccer.aidatasports.com\/es\/players\/Laurit-Behluli-270697\"><img decoding=\"async\" src=\"https:\/\/soccer.aidatasports.com\/images\/players\/270697.png\" alt=\"Laurit Behluli\" onerror=\"this.onerror=null;this.src='https:\/\/soccer.aidatasports.com\/images\/players\/default-player.png';\"><span>Laurit Behluli<\/span><\/a><\/div>\n<div class=\"player\"><a href=\"https:\/\/soccer.aidatasports.com\/es\/players\/Leutrim-Rexhepi-157191\"><img decoding=\"async\" src=\"https:\/\/soccer.aidatasports.com\/images\/players\/157191.png\" alt=\"Leutrim Rexhepi\" onerror=\"this.onerror=null;this.src='https:\/\/soccer.aidatasports.com\/images\/players\/default-player.png';\"><span>Leutrim Rexhepi<\/span><\/a><\/div>\n<div class=\"player\"><a href=\"https:\/\/soccer.aidatasports.com\/es\/players\/Florent-Ramadani-163586\"><img decoding=\"async\" src=\"https:\/\/soccer.aidatasports.com\/images\/players\/163586.png\" alt=\"Florent Ramadani\" onerror=\"this.onerror=null;this.src='https:\/\/soccer.aidatasports.com\/images\/players\/default-player.png';\"><span>Florent Ramadani<\/span><\/a><\/div>\n<div class=\"player\"><a href=\"https:\/\/soccer.aidatasports.com\/es\/players\/Engjell-Sylejmani-489058\"><img decoding=\"async\" src=\"https:\/\/soccer.aidatasports.com\/images\/players\/489058.png\" alt=\"Engjell Sylejmani\" onerror=\"this.onerror=null;this.src='https:\/\/soccer.aidatasports.com\/images\/players\/default-player.png';\"><span>Engjell Sylejmani<\/span><\/a><\/div>\n<div class=\"player\"><a href=\"https:\/\/soccer.aidatasports.com\/es\/players\/Ben-Zidane-474592\"><img decoding=\"async\" src=\"https:\/\/soccer.aidatasports.com\/images\/players\/474592.png\" alt=\"Ben Zidane\" onerror=\"this.onerror=null;this.src='https:\/\/soccer.aidatasports.com\/images\/players\/default-player.png';\"><span>Ben Zidane<\/span><\/a><\/div>\n<div class=\"player\"><a href=\"https:\/\/soccer.aidatasports.com\/es\/players\/Oniks-Grezda-577171\"><img decoding=\"async\" src=\"https:\/\/soccer.aidatasports.com\/images\/players\/577171.png\" alt=\"Oniks Grezda\" onerror=\"this.onerror=null;this.src='https:\/\/soccer.aidatasports.com\/images\/players\/default-player.png';\"><span>Oniks Grezda<\/span><\/a><\/div>\n<\/div>\n<\/div>\n<\/div>\n<\/div>\n<div id=\"wg-api-football-game\"\n                    data-host=\"xxxxx\"\n                    data-key=\"xxxx\"\n                    data-id=\"1508940\"\n                    data-theme=\"\"\n                    data-refresh=\"15\"\n                    data-show-errors=\"false\"\n                    data-show-logos=\"true\"><br \/>\n                    class=\u00bbwg_loader\u00bb>\n                <\/div>\n<div id=\"wg-api-football-standings\"\n                    data-host=\"xxxx\"\n                    data-key=\"ddddd\"\n                    data-league=\"848\"\n                    data-team=\"\"\n                    data-season=\"2025\"\n                    data-theme=\"\"\n                    data-show-errors=\"false\"\n                    data-show-logos=\"true\"\n                    class=\"wg_loader\">\n                <\/div>\n<p>                <script\n                    type=\"module\"\n                    src=\"https:\/\/soccer.aidatasports.com\/wp-content\/customjs\/widgetslocal.js\">\n                <\/script><\/p>\n","protected":false},"excerpt":{"rendered":"<p>Espa\u00f1ol: Emocionante Encuentro en Celje: Victoria Ajustada del Equipo Local Celje, 26 de febrero de&hellip;<\/p>\n","protected":false},"author":1,"featured_media":161053,"comment_status":"open","ping_status":"open","sticky":false,"template":"","format":"standard","meta":{"content-type":"","_lmt_disableupdate":"","_lmt_disable":"","_league":15837,"_fixture":1508940,"penci_pfeatured_image_ratio":"","penci_single_style":"","footnotes":""},"categories":[15837],"tags":[3408,8776],"class_list":["post-161054","post","type-post","status-publish","format-standard","has-post-thumbnail","hentry","category-matches","tag-celje-slovenia-4360","tag-drita-kosovo-14281"],"_links":{"self":[{"href":"https:\/\/soccer.aidatasports.com\/es\/wp-json\/wp\/v2\/posts\/161054"}],"collection":[{"href":"https:\/\/soccer.aidatasports.com\/es\/wp-json\/wp\/v2\/posts"}],"about":[{"href":"https:\/\/soccer.aidatasports.com\/es\/wp-json\/wp\/v2\/types\/post"}],"author":[{"embeddable":true,"href":"https:\/\/soccer.aidatasports.com\/es\/wp-json\/wp\/v2\/users\/1"}],"replies":[{"embeddable":true,"href":"https:\/\/soccer.aidatasports.com\/es\/wp-json\/wp\/v2\/comments?post=161054"}],"version-history":[{"count":0,"href":"https:\/\/soccer.aidatasports.com\/es\/wp-json\/wp\/v2\/posts\/161054\/revisions"}],"wp:featuredmedia":[{"embeddable":true,"href":"https:\/\/soccer.aidatasports.com\/es\/wp-json\/wp\/v2\/media\/161053"}],"wp:attachment":[{"href":"https:\/\/soccer.aidatasports.com\/es\/wp-json\/wp\/v2\/media?parent=161054"}],"wp:term":[{"taxonomy":"category","embeddable":true,"href":"https:\/\/soccer.aidatasports.com\/es\/wp-json\/wp\/v2\/categories?post=161054"},{"taxonomy":"post_tag","embeddable":true,"href":"https:\/\/soccer.aidatasports.com\/es\/wp-json\/wp\/v2\/tags?post=161054"}],"curies":[{"name":"wp","href":"https:\/\/api.w.org\/{rel}","templated":true}]}}