{"id":160707,"date":"2026-02-22T21:02:08","date_gmt":"2026-02-22T21:02:08","guid":{"rendered":"https:\/\/soccer.aidatasports.com\/es\/uncategorized\/feyenoord-vs-telstar-feb-22-2026-1900-utc\/"},"modified":"2026-02-22T21:02:08","modified_gmt":"2026-02-22T21:02:08","slug":"feyenoord-vs-telstar-feb-22-2026-1900-utc","status":"publish","type":"post","link":"https:\/\/soccer.aidatasports.com\/es\/matches\/feyenoord-vs-telstar-feb-22-2026-1900-utc\/","title":{"rendered":"Feyenoord vs Telstar Feb 22 2026 19:00 UTC"},"content":{"rendered":"<p><strong>Espa\u00f1ol<\/strong><\/p>\n<p><strong>Feyenoord se impone al Telstar en un disputado encuentro en De Kuip<\/strong><\/p>\n<p>Rotterdam, 22 de febrero de 2026 &#8211; El Feyenoord venci\u00f3 al Telstar en un partido correspondiente a la jornada 24 de la Eredivisie disputado en el estadio De Kuip. El encuentro, arbitrado por Sander van der Eijk, result\u00f3 m\u00e1s disputado de lo que el resultado final pudiera indicar.<\/p>\n<p>El Telstar sorprendi\u00f3 inicialmente, adelant\u00e1ndose en el marcador en el minuto 14 gracias a un gol de J. Ritmeester van de Kamp, asistido por N. Ogidi Nwankwo. Sin embargo, la alegr\u00eda dur\u00f3 poco, ya que A. Hadj Moussa, con dos goles en los minutos 30 y 39, ambos con asistencia de J. Bos, dio la vuelta al marcador antes del descanso.<\/p>\n<p>La segunda mitad transcurri\u00f3 con el Feyenoord controlando la posesi\u00f3n del bal\u00f3n (52% frente al 48% del Telstar), aunque sin crear excesivas ocasiones de peligro. El Telstar, por su parte, busc\u00f3 el empate, pero se top\u00f3 con una defensa bien organizada.<\/p>\n<p>En t\u00e9rminos estad\u00edsticos, el Feyenoord realiz\u00f3 18 disparos, de los cuales 10 fueron a puerta, mientras que el Telstar dispar\u00f3 8 veces, con 5 de ellos dirigidos a la porter\u00eda. El Feyenoord dispuso de 5 corners por uno solo del Telstar. El partido fue relativamente limpio, con 7 faltas cometidas por el Feyenoord y 15 por el Telstar, sald\u00e1ndose con una tarjeta amarilla para cada equipo.<\/p>\n<p>Sustituciones en el equipo de feyenoord: en el minuto 46 ingres\u00f3 J. Bos y sali\u00f3 B. Nieuwkoop, en el minuto 46 ingres\u00f3 A. Ahmedhodzic y sali\u00f3 J. St. Juste, en el minuto 62 ingres\u00f3 G. Smal y sali\u00f3 R. Sterling, en el minuto 62 ingres\u00f3 A. Ueda y sali\u00f3 C. Tengstedt, en el minuto 76 ingres\u00f3 J. St. Juste y sali\u00f3 J. Lotomba, en el minuto 90 ingres\u00f3 Hwang In-Beom y sali\u00f3 T. van den Elshout <\/p>\n<p>Sustituciones en el equipo de telstar: en el minuto 67 ingres\u00f3 S. van Duijn y sali\u00f3 P. Brouwer, en el minuto 67 ingres\u00f3 C. Hatenboer y sali\u00f3 J. Seedorf, en el minuto 67 ingres\u00f3 N. Thorisson y sali\u00f3 S. Hetli, en el minuto 72 ingres\u00f3 G. Alders y sali\u00f3 T. Noslin <\/p>\n<p>Los equipos alinearon de la siguiente manera:<\/p>\n<div class=\"lineups-container\">\n<style>\n                .lineups-container {\n                    display: flex;\n                    justify-content: space-around;\n                    flex-wrap: wrap;\n                }\n                .team-lineup {\n                    width: 49%;\n                    margin-bottom: 20px;\n                    border: 1px solid #ccc;\n                    padding: 5px;\n                }\n                .team-lineup h3 {\n                    text-align: center;\n                    margin-bottom: 10px;\n                }\n                .players-container {\n                    display: flex;\n                    justify-content: space-between;\n                }\n                .players-container div {\n                    width: 100%;\n                }\n                .player {\n                    display: flex;\n                    align-items: center;\n                    margin-bottom: 5px;\n                }\n                .player img {\n                    width: 30px;\n                    height: 30px;\n                    border-radius: 50%;\n                    margin-right: 10px;\n                }\n                    @media (max-width: 600px) {\n                    .team-lineup {\n                        width: 100%;\n                    }\n                }\n                <\/style>\n<div class=\"team-lineup\">\n<h3>Feyenoord<\/h3>\n<p><img decoding=\"async\" src=\"https:\/\/media.api-sports.io\/football\/teams\/209.png\" alt=\"Feyenoord\" style=\"width: 50px; height: 50px;\"><\/p>\n<div class=\"players-container\">\n<div>\n<h4>Titulares:<\/h4>\n<div class=\"player\"><a href=\"https:\/\/soccer.aidatasports.com\/es\/players\/Timon-Wellenreuther-36776\"><img decoding=\"async\" src=\"https:\/\/soccer.aidatasports.com\/images\/players\/36776.png\" alt=\"Timon Wellenreuther\" onerror=\"this.onerror=null;this.src='https:\/\/soccer.aidatasports.com\/images\/players\/default-player.png';\"><span>Timon Wellenreuther<\/span><\/a><\/div>\n<div class=\"player\"><a href=\"https:\/\/soccer.aidatasports.com\/es\/players\/Mats-Deijl-37451\"><img decoding=\"async\" src=\"https:\/\/soccer.aidatasports.com\/images\/players\/37451.png\" alt=\"Mats Deijl\" onerror=\"this.onerror=null;this.src='https:\/\/soccer.aidatasports.com\/images\/players\/default-player.png';\"><span>Mats Deijl<\/span><\/a><\/div>\n<div class=\"player\"><a href=\"https:\/\/soccer.aidatasports.com\/es\/players\/Tsuyoshi-Watanabe-32858\"><img decoding=\"async\" src=\"https:\/\/soccer.aidatasports.com\/images\/players\/32858.png\" alt=\"Tsuyoshi Watanabe\" onerror=\"this.onerror=null;this.src='https:\/\/soccer.aidatasports.com\/images\/players\/default-player.png';\"><span>Tsuyoshi Watanabe<\/span><\/a><\/div>\n<div class=\"player\"><a href=\"https:\/\/soccer.aidatasports.com\/es\/players\/Anel-Ahmedhod\u017ei\u0107-1949\"><img decoding=\"async\" src=\"https:\/\/soccer.aidatasports.com\/images\/players\/1949.png\" alt=\"Anel Ahmedhod\u017ei\u0107\" onerror=\"this.onerror=null;this.src='https:\/\/soccer.aidatasports.com\/images\/players\/default-player.png';\"><span>Anel Ahmedhod\u017ei\u0107<\/span><\/a><\/div>\n<div class=\"player\"><a href=\"https:\/\/soccer.aidatasports.com\/es\/players\/Gijs-Smal-37742\"><img decoding=\"async\" src=\"https:\/\/soccer.aidatasports.com\/images\/players\/37742.png\" alt=\"Gijs Smal\" onerror=\"this.onerror=null;this.src='https:\/\/soccer.aidatasports.com\/images\/players\/default-player.png';\"><span>Gijs Smal<\/span><\/a><\/div>\n<div class=\"player\"><a href=\"https:\/\/soccer.aidatasports.com\/es\/players\/In-Beom-Hwang-2901\"><img decoding=\"async\" src=\"https:\/\/soccer.aidatasports.com\/images\/players\/2901.png\" alt=\"In-Beom Hwang\" onerror=\"this.onerror=null;this.src='https:\/\/soccer.aidatasports.com\/images\/players\/default-player.png';\"><span>In-Beom Hwang<\/span><\/a><\/div>\n<div class=\"player\"><a href=\"https:\/\/soccer.aidatasports.com\/es\/players\/Luciano-Valente-314266\"><img decoding=\"async\" src=\"https:\/\/soccer.aidatasports.com\/images\/players\/314266.png\" alt=\"Luciano Valente\" onerror=\"this.onerror=null;this.src='https:\/\/soccer.aidatasports.com\/images\/players\/default-player.png';\"><span>Luciano Valente<\/span><\/a><\/div>\n<div class=\"player\"><a href=\"https:\/\/soccer.aidatasports.com\/es\/players\/Anis-Hadj-Moussa-326067\"><img decoding=\"async\" src=\"https:\/\/soccer.aidatasports.com\/images\/players\/326067.png\" alt=\"Anis Hadj Moussa\" onerror=\"this.onerror=null;this.src='https:\/\/soccer.aidatasports.com\/images\/players\/default-player.png';\"><span>Anis Hadj Moussa<\/span><\/a><\/div>\n<div class=\"player\"><a href=\"https:\/\/soccer.aidatasports.com\/es\/players\/Jakub-Moder-40911\"><img decoding=\"async\" src=\"https:\/\/soccer.aidatasports.com\/images\/players\/40911.png\" alt=\"Jakub Moder\" onerror=\"this.onerror=null;this.src='https:\/\/soccer.aidatasports.com\/images\/players\/default-player.png';\"><span>Jakub Moder<\/span><\/a><\/div>\n<div class=\"player\"><a href=\"https:\/\/soccer.aidatasports.com\/es\/players\/Jordan-Bos-337587\"><img decoding=\"async\" src=\"https:\/\/soccer.aidatasports.com\/images\/players\/337587.png\" alt=\"Jordan Bos\" onerror=\"this.onerror=null;this.src='https:\/\/soccer.aidatasports.com\/images\/players\/default-player.png';\"><span>Jordan Bos<\/span><\/a><\/div>\n<div class=\"player\"><a href=\"https:\/\/soccer.aidatasports.com\/es\/players\/Ayase-Ueda-72155\"><img decoding=\"async\" src=\"https:\/\/soccer.aidatasports.com\/images\/players\/72155.png\" alt=\"Ayase Ueda\" onerror=\"this.onerror=null;this.src='https:\/\/soccer.aidatasports.com\/images\/players\/default-player.png';\"><span>Ayase Ueda<\/span><\/a><\/div>\n<\/div>\n<div>\n<h4>Suplentes:<\/h4>\n<div class=\"player\"><a href=\"https:\/\/soccer.aidatasports.com\/es\/players\/Jeremiah-St.-Juste-37148\"><img decoding=\"async\" src=\"https:\/\/soccer.aidatasports.com\/images\/players\/37148.png\" alt=\"Jeremiah St. Juste\" onerror=\"this.onerror=null;this.src='https:\/\/soccer.aidatasports.com\/images\/players\/default-player.png';\"><span>Jeremiah St. Juste<\/span><\/a><\/div>\n<div class=\"player\"><a href=\"https:\/\/soccer.aidatasports.com\/es\/players\/Bart-Nieuwkoop-37147\"><img decoding=\"async\" src=\"https:\/\/soccer.aidatasports.com\/images\/players\/37147.png\" alt=\"Bart Nieuwkoop\" onerror=\"this.onerror=null;this.src='https:\/\/soccer.aidatasports.com\/images\/players\/default-player.png';\"><span>Bart Nieuwkoop<\/span><\/a><\/div>\n<div class=\"player\"><a href=\"https:\/\/soccer.aidatasports.com\/es\/players\/Raheem-Sterling-645\"><img decoding=\"async\" src=\"https:\/\/soccer.aidatasports.com\/images\/players\/645.png\" alt=\"Raheem Sterling\" onerror=\"this.onerror=null;this.src='https:\/\/soccer.aidatasports.com\/images\/players\/default-player.png';\"><span>Raheem Sterling<\/span><\/a><\/div>\n<div class=\"player\"><a href=\"https:\/\/soccer.aidatasports.com\/es\/players\/Casper-Tengstedt-162703\"><img decoding=\"async\" src=\"https:\/\/soccer.aidatasports.com\/images\/players\/162703.png\" alt=\"Casper Tengstedt\" onerror=\"this.onerror=null;this.src='https:\/\/soccer.aidatasports.com\/images\/players\/default-player.png';\"><span>Casper Tengstedt<\/span><\/a><\/div>\n<div class=\"player\"><a href=\"https:\/\/soccer.aidatasports.com\/es\/players\/Jordan-Lotomba-945\"><img decoding=\"async\" src=\"https:\/\/soccer.aidatasports.com\/images\/players\/945.png\" alt=\"Jordan Lotomba\" onerror=\"this.onerror=null;this.src='https:\/\/soccer.aidatasports.com\/images\/players\/default-player.png';\"><span>Jordan Lotomba<\/span><\/a><\/div>\n<div class=\"player\"><a href=\"https:\/\/soccer.aidatasports.com\/es\/players\/Liam-Bossin-198483\"><img decoding=\"async\" src=\"https:\/\/soccer.aidatasports.com\/images\/players\/198483.png\" alt=\"Liam Bossin\" onerror=\"this.onerror=null;this.src='https:\/\/soccer.aidatasports.com\/images\/players\/default-player.png';\"><span>Liam Bossin<\/span><\/a><\/div>\n<div class=\"player\"><a href=\"https:\/\/soccer.aidatasports.com\/es\/players\/Steven-Benda-19312\"><img decoding=\"async\" src=\"https:\/\/soccer.aidatasports.com\/images\/players\/19312.png\" alt=\"Steven Benda\" onerror=\"this.onerror=null;this.src='https:\/\/soccer.aidatasports.com\/images\/players\/default-player.png';\"><span>Steven Benda<\/span><\/a><\/div>\n<div class=\"player\"><a href=\"https:\/\/soccer.aidatasports.com\/es\/players\/Tobias-van-den-Elshout-491239\"><img decoding=\"async\" src=\"https:\/\/soccer.aidatasports.com\/images\/players\/491239.png\" alt=\"Tobias van den Elshout\" onerror=\"this.onerror=null;this.src='https:\/\/soccer.aidatasports.com\/images\/players\/default-player.png';\"><span>Tobias van den Elshout<\/span><\/a><\/div>\n<div class=\"player\"><a href=\"https:\/\/soccer.aidatasports.com\/es\/players\/Arman-Nahany-632814\"><img decoding=\"async\" src=\"https:\/\/soccer.aidatasports.com\/images\/players\/632814.png\" alt=\"Arman Nahany\" onerror=\"this.onerror=null;this.src='https:\/\/soccer.aidatasports.com\/images\/players\/default-player.png';\"><span>Arman Nahany<\/span><\/a><\/div>\n<div class=\"player\"><a href=\"https:\/\/soccer.aidatasports.com\/es\/players\/Aymen-Sliti-412873\"><img decoding=\"async\" src=\"https:\/\/soccer.aidatasports.com\/images\/players\/412873.png\" alt=\"Aymen Sliti\" onerror=\"this.onerror=null;this.src='https:\/\/soccer.aidatasports.com\/images\/players\/default-player.png';\"><span>Aymen Sliti<\/span><\/a><\/div>\n<div class=\"player\"><a href=\"https:\/\/soccer.aidatasports.com\/es\/players\/Gon\u00e7alo-Borges-128385\"><img decoding=\"async\" src=\"https:\/\/soccer.aidatasports.com\/images\/players\/128385.png\" alt=\"Gon\u00e7alo Borges\" onerror=\"this.onerror=null;this.src='https:\/\/soccer.aidatasports.com\/images\/players\/default-player.png';\"><span>Gon\u00e7alo Borges<\/span><\/a><\/div>\n<\/div>\n<\/div>\n<\/div>\n<div class=\"team-lineup\">\n<h3>Telstar<\/h3>\n<p><img decoding=\"async\" src=\"https:\/\/media.api-sports.io\/football\/teams\/427.png\" alt=\"Telstar\" style=\"width: 50px; height: 50px;\"><\/p>\n<div class=\"players-container\">\n<div>\n<h4>Titulares:<\/h4>\n<div class=\"player\"><a href=\"https:\/\/soccer.aidatasports.com\/es\/players\/Ronald-Koeman-Jr-37817\"><img decoding=\"async\" src=\"https:\/\/soccer.aidatasports.com\/images\/players\/37817.png\" alt=\"Ronald Koeman Jr\" onerror=\"this.onerror=null;this.src='https:\/\/soccer.aidatasports.com\/images\/players\/default-player.png';\"><span>Ronald Koeman Jr<\/span><\/a><\/div>\n<div class=\"player\"><a href=\"https:\/\/soccer.aidatasports.com\/es\/players\/Neville-Nwankwo-70442\"><img decoding=\"async\" src=\"https:\/\/soccer.aidatasports.com\/images\/players\/70442.png\" alt=\"Neville Nwankwo\" onerror=\"this.onerror=null;this.src='https:\/\/soccer.aidatasports.com\/images\/players\/default-player.png';\"><span>Neville Nwankwo<\/span><\/a><\/div>\n<div class=\"player\"><a href=\"https:\/\/soccer.aidatasports.com\/es\/players\/Guus-Offerhaus-272539\"><img decoding=\"async\" src=\"https:\/\/soccer.aidatasports.com\/images\/players\/272539.png\" alt=\"Guus Offerhaus\" onerror=\"this.onerror=null;this.src='https:\/\/soccer.aidatasports.com\/images\/players\/default-player.png';\"><span>Guus Offerhaus<\/span><\/a><\/div>\n<div class=\"player\"><a href=\"https:\/\/soccer.aidatasports.com\/es\/players\/Danny-Bakker-37928\"><img decoding=\"async\" src=\"https:\/\/soccer.aidatasports.com\/images\/players\/37928.png\" alt=\"Danny Bakker\" onerror=\"this.onerror=null;this.src='https:\/\/soccer.aidatasports.com\/images\/players\/default-player.png';\"><span>Danny Bakker<\/span><\/a><\/div>\n<div class=\"player\"><a href=\"https:\/\/soccer.aidatasports.com\/es\/players\/Gerald-Alders-393191\"><img decoding=\"async\" src=\"https:\/\/soccer.aidatasports.com\/images\/players\/393191.png\" alt=\"Gerald Alders\" onerror=\"this.onerror=null;this.src='https:\/\/soccer.aidatasports.com\/images\/players\/default-player.png';\"><span>Gerald Alders<\/span><\/a><\/div>\n<div class=\"player\"><a href=\"https:\/\/soccer.aidatasports.com\/es\/players\/Cedric-Hatenboer-453957\"><img decoding=\"async\" src=\"https:\/\/soccer.aidatasports.com\/images\/players\/453957.png\" alt=\"Cedric Hatenboer\" onerror=\"this.onerror=null;this.src='https:\/\/soccer.aidatasports.com\/images\/players\/default-player.png';\"><span>Cedric Hatenboer<\/span><\/a><\/div>\n<div class=\"player\"><a href=\"https:\/\/soccer.aidatasports.com\/es\/players\/Nils-Rossen-349560\"><img decoding=\"async\" src=\"https:\/\/soccer.aidatasports.com\/images\/players\/349560.png\" alt=\"Nils Rossen\" onerror=\"this.onerror=null;this.src='https:\/\/soccer.aidatasports.com\/images\/players\/default-player.png';\"><span>Nils Rossen<\/span><\/a><\/div>\n<div class=\"player\"><a href=\"https:\/\/soccer.aidatasports.com\/es\/players\/Jeff-Hardeveld-37252\"><img decoding=\"async\" src=\"https:\/\/soccer.aidatasports.com\/images\/players\/37252.png\" alt=\"Jeff Hardeveld\" onerror=\"this.onerror=null;this.src='https:\/\/soccer.aidatasports.com\/images\/players\/default-player.png';\"><span>Jeff Hardeveld<\/span><\/a><\/div>\n<div class=\"player\"><a href=\"https:\/\/soccer.aidatasports.com\/es\/players\/Sem-van-Duijn-330261\"><img decoding=\"async\" src=\"https:\/\/soccer.aidatasports.com\/images\/players\/330261.png\" alt=\"Sem van Duijn\" onerror=\"this.onerror=null;this.src='https:\/\/soccer.aidatasports.com\/images\/players\/default-player.png';\"><span>Sem van Duijn<\/span><\/a><\/div>\n<div class=\"player\"><a href=\"https:\/\/soccer.aidatasports.com\/es\/players\/Jochem-Ritmeester-van-de-Kamp-345155\"><img decoding=\"async\" src=\"https:\/\/soccer.aidatasports.com\/images\/players\/345155.png\" alt=\"Jochem Ritmeester van de Kamp\" onerror=\"this.onerror=null;this.src='https:\/\/soccer.aidatasports.com\/images\/players\/default-player.png';\"><span>Jochem Ritmeester van de Kamp<\/span><\/a><\/div>\n<div class=\"player\"><a href=\"https:\/\/soccer.aidatasports.com\/es\/players\/N\u00f6kkvi-\u00de\u00f3risson-28786\"><img decoding=\"async\" src=\"https:\/\/soccer.aidatasports.com\/images\/players\/28786.png\" alt=\"N\u00f6kkvi \u00de\u00f3risson\" onerror=\"this.onerror=null;this.src='https:\/\/soccer.aidatasports.com\/images\/players\/default-player.png';\"><span>N\u00f6kkvi \u00de\u00f3risson<\/span><\/a><\/div>\n<\/div>\n<div>\n<h4>Suplentes:<\/h4>\n<div class=\"player\"><a href=\"https:\/\/soccer.aidatasports.com\/es\/players\/Soufiane-Hetli-379487\"><img decoding=\"async\" src=\"https:\/\/soccer.aidatasports.com\/images\/players\/379487.png\" alt=\"Soufiane Hetli\" onerror=\"this.onerror=null;this.src='https:\/\/soccer.aidatasports.com\/images\/players\/default-player.png';\"><span>Soufiane Hetli<\/span><\/a><\/div>\n<div class=\"player\"><a href=\"https:\/\/soccer.aidatasports.com\/es\/players\/Jelani-Seedorf-502436\"><img decoding=\"async\" src=\"https:\/\/soccer.aidatasports.com\/images\/players\/502436.png\" alt=\"Jelani Seedorf\" onerror=\"this.onerror=null;this.src='https:\/\/soccer.aidatasports.com\/images\/players\/default-player.png';\"><span>Jelani Seedorf<\/span><\/a><\/div>\n<div class=\"player\"><a href=\"https:\/\/soccer.aidatasports.com\/es\/players\/Patrick-Brouwer-194815\"><img decoding=\"async\" src=\"https:\/\/soccer.aidatasports.com\/images\/players\/194815.png\" alt=\"Patrick Brouwer\" onerror=\"this.onerror=null;this.src='https:\/\/soccer.aidatasports.com\/images\/players\/default-player.png';\"><span>Patrick Brouwer<\/span><\/a><\/div>\n<div class=\"player\"><a href=\"https:\/\/soccer.aidatasports.com\/es\/players\/Tyrese-Noslin-406846\"><img decoding=\"async\" src=\"https:\/\/soccer.aidatasports.com\/images\/players\/406846.png\" alt=\"Tyrese Noslin\" onerror=\"this.onerror=null;this.src='https:\/\/soccer.aidatasports.com\/images\/players\/default-player.png';\"><span>Tyrese Noslin<\/span><\/a><\/div>\n<div class=\"player\"><a href=\"https:\/\/soccer.aidatasports.com\/es\/players\/Tyrick-Bodak-214129\"><img decoding=\"async\" src=\"https:\/\/soccer.aidatasports.com\/images\/players\/214129.png\" alt=\"Tyrick Bodak\" onerror=\"this.onerror=null;this.src='https:\/\/soccer.aidatasports.com\/images\/players\/default-player.png';\"><span>Tyrick Bodak<\/span><\/a><\/div>\n<div class=\"player\"><a href=\"https:\/\/soccer.aidatasports.com\/es\/players\/Daan-Reiziger-38731\"><img decoding=\"async\" src=\"https:\/\/soccer.aidatasports.com\/images\/players\/38731.png\" alt=\"Daan Reiziger\" onerror=\"this.onerror=null;this.src='https:\/\/soccer.aidatasports.com\/images\/players\/default-player.png';\"><span>Daan Reiziger<\/span><\/a><\/div>\n<div class=\"player\"><a href=\"https:\/\/soccer.aidatasports.com\/es\/players\/Dion-Malone-37935\"><img decoding=\"async\" src=\"https:\/\/soccer.aidatasports.com\/images\/players\/37935.png\" alt=\"Dion Malone\" onerror=\"this.onerror=null;this.src='https:\/\/soccer.aidatasports.com\/images\/players\/default-player.png';\"><span>Dion Malone<\/span><\/a><\/div>\n<div class=\"player\"><a href=\"https:\/\/soccer.aidatasports.com\/es\/players\/Amin-Bouchouari-None\"><img decoding=\"async\" src=\"https:\/\/soccer.aidatasports.com\/images\/players\/None.png\" alt=\"Amin Bouchouari\" onerror=\"this.onerror=null;this.src='https:\/\/soccer.aidatasports.com\/images\/players\/default-player.png';\"><span>Amin Bouchouari<\/span><\/a><\/div>\n<div class=\"player\"><a href=\"https:\/\/soccer.aidatasports.com\/es\/players\/Dylan-Mertens-38799\"><img decoding=\"async\" src=\"https:\/\/soccer.aidatasports.com\/images\/players\/38799.png\" alt=\"Dylan Mertens\" onerror=\"this.onerror=null;this.src='https:\/\/soccer.aidatasports.com\/images\/players\/default-player.png';\"><span>Dylan Mertens<\/span><\/a><\/div>\n<\/div>\n<\/div>\n<\/div>\n<\/div>\n<div id=\"wg-api-football-game\"\n                    data-host=\"xxxxx\"\n                    data-key=\"xxxx\"\n                    data-id=\"1381076\"\n                    data-theme=\"\"\n                    data-refresh=\"15\"\n                    data-show-errors=\"false\"\n                    data-show-logos=\"true\"><br \/>\n                    class=\u00bbwg_loader\u00bb>\n                <\/div>\n<div id=\"wg-api-football-standings\"\n                    data-host=\"xxxx\"\n                    data-key=\"ddddd\"\n                    data-league=\"88\"\n                    data-team=\"\"\n                    data-season=\"2025\"\n                    data-theme=\"\"\n                    data-show-errors=\"false\"\n                    data-show-logos=\"true\"\n                    class=\"wg_loader\">\n                <\/div>\n<p>                <script\n                    type=\"module\"\n                    src=\"https:\/\/soccer.aidatasports.com\/wp-content\/customjs\/widgetslocal.js\">\n                <\/script><\/p>\n","protected":false},"excerpt":{"rendered":"<p>Espa\u00f1ol Feyenoord se impone al Telstar en un disputado encuentro en De Kuip Rotterdam, 22&hellip;<\/p>\n","protected":false},"author":1,"featured_media":160706,"comment_status":"open","ping_status":"open","sticky":false,"template":"","format":"standard","meta":{"content-type":"","_lmt_disableupdate":"","_lmt_disable":"","_league":15837,"_fixture":1381076,"penci_pfeatured_image_ratio":"","penci_single_style":"","footnotes":""},"categories":[15837],"tags":[332,541],"class_list":["post-160707","post","type-post","status-publish","format-standard","has-post-thumbnail","hentry","category-matches","tag-feyenoord-netherlands-209","tag-telstar-netherlands-427"],"_links":{"self":[{"href":"https:\/\/soccer.aidatasports.com\/es\/wp-json\/wp\/v2\/posts\/160707"}],"collection":[{"href":"https:\/\/soccer.aidatasports.com\/es\/wp-json\/wp\/v2\/posts"}],"about":[{"href":"https:\/\/soccer.aidatasports.com\/es\/wp-json\/wp\/v2\/types\/post"}],"author":[{"embeddable":true,"href":"https:\/\/soccer.aidatasports.com\/es\/wp-json\/wp\/v2\/users\/1"}],"replies":[{"embeddable":true,"href":"https:\/\/soccer.aidatasports.com\/es\/wp-json\/wp\/v2\/comments?post=160707"}],"version-history":[{"count":0,"href":"https:\/\/soccer.aidatasports.com\/es\/wp-json\/wp\/v2\/posts\/160707\/revisions"}],"wp:featuredmedia":[{"embeddable":true,"href":"https:\/\/soccer.aidatasports.com\/es\/wp-json\/wp\/v2\/media\/160706"}],"wp:attachment":[{"href":"https:\/\/soccer.aidatasports.com\/es\/wp-json\/wp\/v2\/media?parent=160707"}],"wp:term":[{"taxonomy":"category","embeddable":true,"href":"https:\/\/soccer.aidatasports.com\/es\/wp-json\/wp\/v2\/categories?post=160707"},{"taxonomy":"post_tag","embeddable":true,"href":"https:\/\/soccer.aidatasports.com\/es\/wp-json\/wp\/v2\/tags?post=160707"}],"curies":[{"name":"wp","href":"https:\/\/api.w.org\/{rel}","templated":true}]}}