{"id":157693,"date":"2026-02-07T13:30:30","date_gmt":"2026-02-07T13:30:30","guid":{"rendered":"https:\/\/soccer.aidatasports.com\/es\/uncategorized\/fatih-karagumruk-vs-antalyaspor-feb-07-2026-1130-utc\/"},"modified":"2026-02-07T13:30:30","modified_gmt":"2026-02-07T13:30:30","slug":"fatih-karagumruk-vs-antalyaspor-feb-07-2026-1130-utc","status":"publish","type":"post","link":"https:\/\/soccer.aidatasports.com\/es\/matches\/fatih-karagumruk-vs-antalyaspor-feb-07-2026-1130-utc\/","title":{"rendered":"Fatih Karag\u00fcmr\u00fck vs Antalyaspor Feb 07 2026 11:30 UTC"},"content":{"rendered":"<p><strong>Espa\u00f1ol:<\/strong><\/p>\n<p><strong>Fatih Karag\u00fcmr\u00fck se impone en un disputado encuentro ante Antalyaspor<\/strong><\/p>\n<p>Estambul, Turqu\u00eda \u2013 En un encuentro jugado en el Atat\u00fcrk Olimpiyat Stad\u0131, el Fatih Karag\u00fcmr\u00fck logr\u00f3 una valiosa victoria frente al Antalyaspor en la jornada 21 de la S\u00fcper Lig 2025\/2026. El partido, arbitrado por Cihan Aydin, se desarroll\u00f3 en un ambiente tenso, evidenciado por las numerosas tarjetas amarillas mostradas a ambos equipos.<\/p>\n<p>El Fatih Karag\u00fcmr\u00fck abri\u00f3 el marcador tempranamente, al minuto 5, con un gol de Serginho asistido por S. Babicka. A pesar de tener menos posesi\u00f3n del bal\u00f3n (42% frente al 58% del Antalyaspor), el Karag\u00fcmr\u00fck fue m\u00e1s efectivo de cara al arco, con 15 tiros totales (4 a puerta) en comparaci\u00f3n con los 8 tiros del Antalyaspor (2 a puerta). El Antalyaspor busc\u00f3 insistentemente el empate, pero la defensa del Karag\u00fcmr\u00fck se mantuvo s\u00f3lida. El encuentro se caracteriz\u00f3 por un juego f\u00edsico, con 21 faltas cometidas por el Fatih Karag\u00fcmr\u00fck y 12 por el Antalyaspor. Finalmente, el marcador se mantuvo sin cambios.<\/p>\n<p>Fatih Karag\u00fcmr\u00fck 1 &#8211; 0 Antalyaspor<\/p>\n<p>Sustituciones en el equipo de antalyaspor: en el minuto 46 ingres\u00f3 S. Karakoc y sali\u00f3 D. Sinik, en el minuto 61 ingres\u00f3 R. Safuri y sali\u00f3 N. Storm, en el minuto 76 ingres\u00f3 D. Saric y sali\u00f3 Y. Boli, en el minuto 90 ingres\u00f3 H. Turkmen y sali\u00f3 L. Giannetti <\/p>\n<p>Sustituciones en el equipo de fatih karag\u00fcmr\u00fck: en el minuto 67 ingres\u00f3 F. Mladenovic y sali\u00f3 C. Kurukalip, en el minuto 73 ingres\u00f3 S. Larsson y sali\u00f3 B. Elmaz, en el minuto 73 ingres\u00f3 S. Babicka y sali\u00f3 T. Ahmed, en el minuto 87 ingres\u00f3 Serginho y sali\u00f3 Kone <\/p>\n<p>Los equipos alinearon de la siguiente manera:<\/p>\n<div class=\"lineups-container\">\n<style>\n                .lineups-container {\n                    display: flex;\n                    justify-content: space-around;\n                    flex-wrap: wrap;\n                }\n                .team-lineup {\n                    width: 49%;\n                    margin-bottom: 20px;\n                    border: 1px solid #ccc;\n                    padding: 5px;\n                }\n                .team-lineup h3 {\n                    text-align: center;\n                    margin-bottom: 10px;\n                }\n                .players-container {\n                    display: flex;\n                    justify-content: space-between;\n                }\n                .players-container div {\n                    width: 100%;\n                }\n                .player {\n                    display: flex;\n                    align-items: center;\n                    margin-bottom: 5px;\n                }\n                .player img {\n                    width: 30px;\n                    height: 30px;\n                    border-radius: 50%;\n                    margin-right: 10px;\n                }\n                    @media (max-width: 600px) {\n                    .team-lineup {\n                        width: 100%;\n                    }\n                }\n                <\/style>\n<div class=\"team-lineup\">\n<h3>Fatih Karag\u00fcmr\u00fck<\/h3>\n<p><img decoding=\"async\" src=\"https:\/\/media.api-sports.io\/football\/teams\/3589.png\" alt=\"Fatih Karag\u00fcmr\u00fck\" style=\"width: 50px; height: 50px;\"><\/p>\n<div class=\"players-container\">\n<div>\n<h4>Titulares:<\/h4>\n<div class=\"player\"><a href=\"https:\/\/soccer.aidatasports.com\/es\/players\/Ivo-Grbi\u0107-14382\"><img decoding=\"async\" src=\"https:\/\/soccer.aidatasports.com\/images\/players\/14382.png\" alt=\"Ivo Grbi\u0107\" onerror=\"this.onerror=null;this.src='https:\/\/soccer.aidatasports.com\/images\/players\/default-player.png';\"><span>Ivo Grbi\u0107<\/span><\/a><\/div>\n<div class=\"player\"><a href=\"https:\/\/soccer.aidatasports.com\/es\/players\/Ricardo-Esgaio-41099\"><img decoding=\"async\" src=\"https:\/\/soccer.aidatasports.com\/images\/players\/41099.png\" alt=\"Ricardo Esgaio\" onerror=\"this.onerror=null;this.src='https:\/\/soccer.aidatasports.com\/images\/players\/default-player.png';\"><span>Ricardo Esgaio<\/span><\/a><\/div>\n<div class=\"player\"><a href=\"https:\/\/soccer.aidatasports.com\/es\/players\/Davide-Biraschi-30769\"><img decoding=\"async\" src=\"https:\/\/soccer.aidatasports.com\/images\/players\/30769.png\" alt=\"Davide Biraschi\" onerror=\"this.onerror=null;this.src='https:\/\/soccer.aidatasports.com\/images\/players\/default-player.png';\"><span>Davide Biraschi<\/span><\/a><\/div>\n<div class=\"player\"><a href=\"https:\/\/soccer.aidatasports.com\/es\/players\/Igor-Lichnovsky-2552\"><img decoding=\"async\" src=\"https:\/\/soccer.aidatasports.com\/images\/players\/2552.png\" alt=\"Igor Lichnovsky\" onerror=\"this.onerror=null;this.src='https:\/\/soccer.aidatasports.com\/images\/players\/default-player.png';\"><span>Igor Lichnovsky<\/span><\/a><\/div>\n<div class=\"player\"><a href=\"https:\/\/soccer.aidatasports.com\/es\/players\/Filip-Mladenovi\u0107-2820\"><img decoding=\"async\" src=\"https:\/\/soccer.aidatasports.com\/images\/players\/2820.png\" alt=\"Filip Mladenovi\u0107\" onerror=\"this.onerror=null;this.src='https:\/\/soccer.aidatasports.com\/images\/players\/default-player.png';\"><span>Filip Mladenovi\u0107<\/span><\/a><\/div>\n<div class=\"player\"><a href=\"https:\/\/soccer.aidatasports.com\/es\/players\/Mat\u00edas-Kranevitter-1211\"><img decoding=\"async\" src=\"https:\/\/soccer.aidatasports.com\/images\/players\/1211.png\" alt=\"Mat\u00edas Kranevitter\" onerror=\"this.onerror=null;this.src='https:\/\/soccer.aidatasports.com\/images\/players\/default-player.png';\"><span>Mat\u00edas Kranevitter<\/span><\/a><\/div>\n<div class=\"player\"><a href=\"https:\/\/soccer.aidatasports.com\/es\/players\/Berkay-\u00d6zcan-24885\"><img decoding=\"async\" src=\"https:\/\/soccer.aidatasports.com\/images\/players\/24885.png\" alt=\"Berkay \u00d6zcan\" onerror=\"this.onerror=null;this.src='https:\/\/soccer.aidatasports.com\/images\/players\/default-player.png';\"><span>Berkay \u00d6zcan<\/span><\/a><\/div>\n<div class=\"player\"><a href=\"https:\/\/soccer.aidatasports.com\/es\/players\/Shavy-Warren-Babicka-328648\"><img decoding=\"async\" src=\"https:\/\/soccer.aidatasports.com\/images\/players\/328648.png\" alt=\"Shavy Warren Babicka\" onerror=\"this.onerror=null;this.src='https:\/\/soccer.aidatasports.com\/images\/players\/default-player.png';\"><span>Shavy Warren Babicka<\/span><\/a><\/div>\n<div class=\"player\"><a href=\"https:\/\/soccer.aidatasports.com\/es\/players\/Sam-Larsson-2865\"><img decoding=\"async\" src=\"https:\/\/soccer.aidatasports.com\/images\/players\/2865.png\" alt=\"Sam Larsson\" onerror=\"this.onerror=null;this.src='https:\/\/soccer.aidatasports.com\/images\/players\/default-player.png';\"><span>Sam Larsson<\/span><\/a><\/div>\n<div class=\"player\"><a href=\"https:\/\/soccer.aidatasports.com\/es\/players\/Baris-Kalayci-366016\"><img decoding=\"async\" src=\"https:\/\/soccer.aidatasports.com\/images\/players\/366016.png\" alt=\"Baris Kalayci\" onerror=\"this.onerror=null;this.src='https:\/\/soccer.aidatasports.com\/images\/players\/default-player.png';\"><span>Baris Kalayci<\/span><\/a><\/div>\n<div class=\"player\"><a href=\"https:\/\/soccer.aidatasports.com\/es\/players\/Serginho-109559\"><img decoding=\"async\" src=\"https:\/\/soccer.aidatasports.com\/images\/players\/109559.png\" alt=\"Serginho\" onerror=\"this.onerror=null;this.src='https:\/\/soccer.aidatasports.com\/images\/players\/default-player.png';\"><span>Serginho<\/span><\/a><\/div>\n<\/div>\n<div>\n<h4>Suplentes:<\/h4>\n<div class=\"player\"><a href=\"https:\/\/soccer.aidatasports.com\/es\/players\/\u00c7a\u011ftay-Kurukal\u0131p-50059\"><img decoding=\"async\" src=\"https:\/\/soccer.aidatasports.com\/images\/players\/50059.png\" alt=\"\u00c7a\u011ftay Kurukal\u0131p\" onerror=\"this.onerror=null;this.src='https:\/\/soccer.aidatasports.com\/images\/players\/default-player.png';\"><span>\u00c7a\u011ftay Kurukal\u0131p<\/span><\/a><\/div>\n<div class=\"player\"><a href=\"https:\/\/soccer.aidatasports.com\/es\/players\/Ahmed-Traore-631627\"><img decoding=\"async\" src=\"https:\/\/soccer.aidatasports.com\/images\/players\/631627.png\" alt=\"Ahmed Traore\" onerror=\"this.onerror=null;this.src='https:\/\/soccer.aidatasports.com\/images\/players\/default-player.png';\"><span>Ahmed Traore<\/span><\/a><\/div>\n<div class=\"player\"><a href=\"https:\/\/soccer.aidatasports.com\/es\/players\/Furkan-Beklevi\u00e7-50133\"><img decoding=\"async\" src=\"https:\/\/soccer.aidatasports.com\/images\/players\/50133.png\" alt=\"Furkan Beklevi\u00e7\" onerror=\"this.onerror=null;this.src='https:\/\/soccer.aidatasports.com\/images\/players\/default-player.png';\"><span>Furkan Beklevi\u00e7<\/span><\/a><\/div>\n<div class=\"player\"><a href=\"https:\/\/soccer.aidatasports.com\/es\/players\/Burhan-Ersoy-551023\"><img decoding=\"async\" src=\"https:\/\/soccer.aidatasports.com\/images\/players\/551023.png\" alt=\"Burhan Ersoy\" onerror=\"this.onerror=null;this.src='https:\/\/soccer.aidatasports.com\/images\/players\/default-player.png';\"><span>Burhan Ersoy<\/span><\/a><\/div>\n<div class=\"player\"><a href=\"https:\/\/soccer.aidatasports.com\/es\/players\/An\u0131l-Yi\u011fit-\u00c7\u0131nar-362488\"><img decoding=\"async\" src=\"https:\/\/soccer.aidatasports.com\/images\/players\/362488.png\" alt=\"An\u0131l Yi\u011fit \u00c7\u0131nar\" onerror=\"this.onerror=null;this.src='https:\/\/soccer.aidatasports.com\/images\/players\/default-player.png';\"><span>An\u0131l Yi\u011fit \u00c7\u0131nar<\/span><\/a><\/div>\n<div class=\"player\"><a href=\"https:\/\/soccer.aidatasports.com\/es\/players\/Fatih-Kurucuk-62409\"><img decoding=\"async\" src=\"https:\/\/soccer.aidatasports.com\/images\/players\/62409.png\" alt=\"Fatih Kurucuk\" onerror=\"this.onerror=null;this.src='https:\/\/soccer.aidatasports.com\/images\/players\/default-player.png';\"><span>Fatih Kurucuk<\/span><\/a><\/div>\n<div class=\"player\"><a href=\"https:\/\/soccer.aidatasports.com\/es\/players\/Yaya-Onogo-None\"><img decoding=\"async\" src=\"https:\/\/soccer.aidatasports.com\/images\/players\/None.png\" alt=\"Yaya Onogo\" onerror=\"this.onerror=null;this.src='https:\/\/soccer.aidatasports.com\/images\/players\/default-player.png';\"><span>Yaya Onogo<\/span><\/a><\/div>\n<div class=\"player\"><a href=\"https:\/\/soccer.aidatasports.com\/es\/players\/Bartu\u011f-Elmaz-162004\"><img decoding=\"async\" src=\"https:\/\/soccer.aidatasports.com\/images\/players\/162004.png\" alt=\"Bartu\u011f Elmaz\" onerror=\"this.onerror=null;this.src='https:\/\/soccer.aidatasports.com\/images\/players\/default-player.png';\"><span>Bartu\u011f Elmaz<\/span><\/a><\/div>\n<div class=\"player\"><a href=\"https:\/\/soccer.aidatasports.com\/es\/players\/Daniele-Verde-47500\"><img decoding=\"async\" src=\"https:\/\/soccer.aidatasports.com\/images\/players\/47500.png\" alt=\"Daniele Verde\" onerror=\"this.onerror=null;this.src='https:\/\/soccer.aidatasports.com\/images\/players\/default-player.png';\"><span>Daniele Verde<\/span><\/a><\/div>\n<div class=\"player\"><a href=\"https:\/\/soccer.aidatasports.com\/es\/players\/Abdul-Kader-Moussa-Kone-631629\"><img decoding=\"async\" src=\"https:\/\/soccer.aidatasports.com\/images\/players\/631629.png\" alt=\"Abdul Kader Moussa Kone\" onerror=\"this.onerror=null;this.src='https:\/\/soccer.aidatasports.com\/images\/players\/default-player.png';\"><span>Abdul Kader Moussa Kone<\/span><\/a><\/div>\n<\/div>\n<\/div>\n<\/div>\n<div class=\"team-lineup\">\n<h3>Antalyaspor<\/h3>\n<p><img decoding=\"async\" src=\"https:\/\/media.api-sports.io\/football\/teams\/1005.png\" alt=\"Antalyaspor\" style=\"width: 50px; height: 50px;\"><\/p>\n<div class=\"players-container\">\n<div>\n<h4>Titulares:<\/h4>\n<div class=\"player\"><a href=\"https:\/\/soccer.aidatasports.com\/es\/players\/Juli\u00e1n-Cuesta-68180\"><img decoding=\"async\" src=\"https:\/\/soccer.aidatasports.com\/images\/players\/68180.png\" alt=\"Juli\u00e1n Cuesta\" onerror=\"this.onerror=null;this.src='https:\/\/soccer.aidatasports.com\/images\/players\/default-player.png';\"><span>Juli\u00e1n Cuesta<\/span><\/a><\/div>\n<div class=\"player\"><a href=\"https:\/\/soccer.aidatasports.com\/es\/players\/B\u00fcnyamin-Balc\u0131-49969\"><img decoding=\"async\" src=\"https:\/\/soccer.aidatasports.com\/images\/players\/49969.png\" alt=\"B\u00fcnyamin Balc\u0131\" onerror=\"this.onerror=null;this.src='https:\/\/soccer.aidatasports.com\/images\/players\/default-player.png';\"><span>B\u00fcnyamin Balc\u0131<\/span><\/a><\/div>\n<div class=\"player\"><a href=\"https:\/\/soccer.aidatasports.com\/es\/players\/Veysel-Sar\u0131-50061\"><img decoding=\"async\" src=\"https:\/\/soccer.aidatasports.com\/images\/players\/50061.png\" alt=\"Veysel Sar\u0131\" onerror=\"this.onerror=null;this.src='https:\/\/soccer.aidatasports.com\/images\/players\/default-player.png';\"><span>Veysel Sar\u0131<\/span><\/a><\/div>\n<div class=\"player\"><a href=\"https:\/\/soccer.aidatasports.com\/es\/players\/H\u00fcseyin-T\u00fcrkmen-49876\"><img decoding=\"async\" src=\"https:\/\/soccer.aidatasports.com\/images\/players\/49876.png\" alt=\"H\u00fcseyin T\u00fcrkmen\" onerror=\"this.onerror=null;this.src='https:\/\/soccer.aidatasports.com\/images\/players\/default-player.png';\"><span>H\u00fcseyin T\u00fcrkmen<\/span><\/a><\/div>\n<div class=\"player\"><a href=\"https:\/\/soccer.aidatasports.com\/es\/players\/Kenneth-Paal-36921\"><img decoding=\"async\" src=\"https:\/\/soccer.aidatasports.com\/images\/players\/36921.png\" alt=\"Kenneth Paal\" onerror=\"this.onerror=null;this.src='https:\/\/soccer.aidatasports.com\/images\/players\/default-player.png';\"><span>Kenneth Paal<\/span><\/a><\/div>\n<div class=\"player\"><a href=\"https:\/\/soccer.aidatasports.com\/es\/players\/Soner-Dikmen-62915\"><img decoding=\"async\" src=\"https:\/\/soccer.aidatasports.com\/images\/players\/62915.png\" alt=\"Soner Dikmen\" onerror=\"this.onerror=null;this.src='https:\/\/soccer.aidatasports.com\/images\/players\/default-player.png';\"><span>Soner Dikmen<\/span><\/a><\/div>\n<div class=\"player\"><a href=\"https:\/\/soccer.aidatasports.com\/es\/players\/Samuel-Ballet-152609\"><img decoding=\"async\" src=\"https:\/\/soccer.aidatasports.com\/images\/players\/152609.png\" alt=\"Samuel Ballet\" onerror=\"this.onerror=null;this.src='https:\/\/soccer.aidatasports.com\/images\/players\/default-player.png';\"><span>Samuel Ballet<\/span><\/a><\/div>\n<div class=\"player\"><a href=\"https:\/\/soccer.aidatasports.com\/es\/players\/Dario-\u0160ari\u0107-31241\"><img decoding=\"async\" src=\"https:\/\/soccer.aidatasports.com\/images\/players\/31241.png\" alt=\"Dario \u0160ari\u0107\" onerror=\"this.onerror=null;this.src='https:\/\/soccer.aidatasports.com\/images\/players\/default-player.png';\"><span>Dario \u0160ari\u0107<\/span><\/a><\/div>\n<div class=\"player\"><a href=\"https:\/\/soccer.aidatasports.com\/es\/players\/Ramzi-Safuri-111274\"><img decoding=\"async\" src=\"https:\/\/soccer.aidatasports.com\/images\/players\/111274.png\" alt=\"Ramzi Safuri\" onerror=\"this.onerror=null;this.src='https:\/\/soccer.aidatasports.com\/images\/players\/default-player.png';\"><span>Ramzi Safuri<\/span><\/a><\/div>\n<div class=\"player\"><a href=\"https:\/\/soccer.aidatasports.com\/es\/players\/Samet-Karakoc-550868\"><img decoding=\"async\" src=\"https:\/\/soccer.aidatasports.com\/images\/players\/550868.png\" alt=\"Samet Karakoc\" onerror=\"this.onerror=null;this.src='https:\/\/soccer.aidatasports.com\/images\/players\/default-player.png';\"><span>Samet Karakoc<\/span><\/a><\/div>\n<div class=\"player\"><a href=\"https:\/\/soccer.aidatasports.com\/es\/players\/Sander-van-de-Streek-37182\"><img decoding=\"async\" src=\"https:\/\/soccer.aidatasports.com\/images\/players\/37182.png\" alt=\"Sander van de Streek\" onerror=\"this.onerror=null;this.src='https:\/\/soccer.aidatasports.com\/images\/players\/default-player.png';\"><span>Sander van de Streek<\/span><\/a><\/div>\n<\/div>\n<div>\n<h4>Suplentes:<\/h4>\n<div class=\"player\"><a href=\"https:\/\/soccer.aidatasports.com\/es\/players\/Do\u011fukan-Sinik-49979\"><img decoding=\"async\" src=\"https:\/\/soccer.aidatasports.com\/images\/players\/49979.png\" alt=\"Do\u011fukan Sinik\" onerror=\"this.onerror=null;this.src='https:\/\/soccer.aidatasports.com\/images\/players\/default-player.png';\"><span>Do\u011fukan Sinik<\/span><\/a><\/div>\n<div class=\"player\"><a href=\"https:\/\/soccer.aidatasports.com\/es\/players\/Nikola-Storm-8946\"><img decoding=\"async\" src=\"https:\/\/soccer.aidatasports.com\/images\/players\/8946.png\" alt=\"Nikola Storm\" onerror=\"this.onerror=null;this.src='https:\/\/soccer.aidatasports.com\/images\/players\/default-player.png';\"><span>Nikola Storm<\/span><\/a><\/div>\n<div class=\"player\"><a href=\"https:\/\/soccer.aidatasports.com\/es\/players\/Abdullah-Yi\u011fiter-157911\"><img decoding=\"async\" src=\"https:\/\/soccer.aidatasports.com\/images\/players\/157911.png\" alt=\"Abdullah Yi\u011fiter\" onerror=\"this.onerror=null;this.src='https:\/\/soccer.aidatasports.com\/images\/players\/default-player.png';\"><span>Abdullah Yi\u011fiter<\/span><\/a><\/div>\n<div class=\"player\"><a href=\"https:\/\/soccer.aidatasports.com\/es\/players\/Lautaro-Giannetti-6050\"><img decoding=\"async\" src=\"https:\/\/soccer.aidatasports.com\/images\/players\/6050.png\" alt=\"Lautaro Giannetti\" onerror=\"this.onerror=null;this.src='https:\/\/soccer.aidatasports.com\/images\/players\/default-player.png';\"><span>Lautaro Giannetti<\/span><\/a><\/div>\n<div class=\"player\"><a href=\"https:\/\/soccer.aidatasports.com\/es\/players\/Georgiy-Dzhikiya-1772\"><img decoding=\"async\" src=\"https:\/\/soccer.aidatasports.com\/images\/players\/1772.png\" alt=\"Georgiy Dzhikiya\" onerror=\"this.onerror=null;this.src='https:\/\/soccer.aidatasports.com\/images\/players\/default-player.png';\"><span>Georgiy Dzhikiya<\/span><\/a><\/div>\n<div class=\"player\"><a href=\"https:\/\/soccer.aidatasports.com\/es\/players\/Bahad\u0131r-\u00d6zt\u00fcrk-49963\"><img decoding=\"async\" src=\"https:\/\/soccer.aidatasports.com\/images\/players\/49963.png\" alt=\"Bahad\u0131r \u00d6zt\u00fcrk\" onerror=\"this.onerror=null;this.src='https:\/\/soccer.aidatasports.com\/images\/players\/default-player.png';\"><span>Bahad\u0131r \u00d6zt\u00fcrk<\/span><\/a><\/div>\n<div class=\"player\"><a href=\"https:\/\/soccer.aidatasports.com\/es\/players\/Erdo\u011fan-Ye\u015filyurt-50098\"><img decoding=\"async\" src=\"https:\/\/soccer.aidatasports.com\/images\/players\/50098.png\" alt=\"Erdo\u011fan Ye\u015filyurt\" onerror=\"this.onerror=null;this.src='https:\/\/soccer.aidatasports.com\/images\/players\/default-player.png';\"><span>Erdo\u011fan Ye\u015filyurt<\/span><\/a><\/div>\n<div class=\"player\"><a href=\"https:\/\/soccer.aidatasports.com\/es\/players\/Jesper-Ceesay-201026\"><img decoding=\"async\" src=\"https:\/\/soccer.aidatasports.com\/images\/players\/201026.png\" alt=\"Jesper Ceesay\" onerror=\"this.onerror=null;this.src='https:\/\/soccer.aidatasports.com\/images\/players\/default-player.png';\"><span>Jesper Ceesay<\/span><\/a><\/div>\n<div class=\"player\"><a href=\"https:\/\/soccer.aidatasports.com\/es\/players\/Hasan-Yakub-\u0130l\u00e7in-513286\"><img decoding=\"async\" src=\"https:\/\/soccer.aidatasports.com\/images\/players\/513286.png\" alt=\"Hasan Yakub \u0130l\u00e7in\" onerror=\"this.onerror=null;this.src='https:\/\/soccer.aidatasports.com\/images\/players\/default-player.png';\"><span>Hasan Yakub \u0130l\u00e7in<\/span><\/a><\/div>\n<div class=\"player\"><a href=\"https:\/\/soccer.aidatasports.com\/es\/players\/Yohan-Boli-8513\"><img decoding=\"async\" src=\"https:\/\/soccer.aidatasports.com\/images\/players\/8513.png\" alt=\"Yohan Boli\" onerror=\"this.onerror=null;this.src='https:\/\/soccer.aidatasports.com\/images\/players\/default-player.png';\"><span>Yohan Boli<\/span><\/a><\/div>\n<\/div>\n<\/div>\n<\/div>\n<\/div>\n<div id=\"wg-api-football-game\"\n                    data-host=\"xxxxx\"\n                    data-key=\"xxxx\"\n                    data-id=\"1394617\"\n                    data-theme=\"\"\n                    data-refresh=\"15\"\n                    data-show-errors=\"false\"\n                    data-show-logos=\"true\"><br \/>\n                    class=\u00bbwg_loader\u00bb>\n                <\/div>\n<div id=\"wg-api-football-standings\"\n                    data-host=\"xxxx\"\n                    data-key=\"ddddd\"\n                    data-league=\"203\"\n                    data-team=\"\"\n                    data-season=\"2025\"\n                    data-theme=\"\"\n                    data-show-errors=\"false\"\n                    data-show-logos=\"true\"\n                    class=\"wg_loader\">\n                <\/div>\n<p>                <script\n                    type=\"module\"\n                    src=\"https:\/\/soccer.aidatasports.com\/wp-content\/customjs\/widgetslocal.js\">\n                <\/script><\/p>\n","protected":false},"excerpt":{"rendered":"<p>Espa\u00f1ol: Fatih Karag\u00fcmr\u00fck se impone en un disputado encuentro ante Antalyaspor Estambul, Turqu\u00eda \u2013 En&hellip;<\/p>\n","protected":false},"author":1,"featured_media":157692,"comment_status":"open","ping_status":"open","sticky":false,"template":"","format":"standard","meta":{"content-type":"","_lmt_disableupdate":"","_lmt_disable":"","_league":15837,"_fixture":1394617,"penci_pfeatured_image_ratio":"","penci_single_style":"","footnotes":""},"categories":[15837],"tags":[1040,2902],"class_list":["post-157693","post","type-post","status-publish","format-standard","has-post-thumbnail","hentry","category-matches","tag-antalyaspor-turkey-1005","tag-fatih-karagumruk-turkey-3589"],"_links":{"self":[{"href":"https:\/\/soccer.aidatasports.com\/es\/wp-json\/wp\/v2\/posts\/157693"}],"collection":[{"href":"https:\/\/soccer.aidatasports.com\/es\/wp-json\/wp\/v2\/posts"}],"about":[{"href":"https:\/\/soccer.aidatasports.com\/es\/wp-json\/wp\/v2\/types\/post"}],"author":[{"embeddable":true,"href":"https:\/\/soccer.aidatasports.com\/es\/wp-json\/wp\/v2\/users\/1"}],"replies":[{"embeddable":true,"href":"https:\/\/soccer.aidatasports.com\/es\/wp-json\/wp\/v2\/comments?post=157693"}],"version-history":[{"count":0,"href":"https:\/\/soccer.aidatasports.com\/es\/wp-json\/wp\/v2\/posts\/157693\/revisions"}],"wp:featuredmedia":[{"embeddable":true,"href":"https:\/\/soccer.aidatasports.com\/es\/wp-json\/wp\/v2\/media\/157692"}],"wp:attachment":[{"href":"https:\/\/soccer.aidatasports.com\/es\/wp-json\/wp\/v2\/media?parent=157693"}],"wp:term":[{"taxonomy":"category","embeddable":true,"href":"https:\/\/soccer.aidatasports.com\/es\/wp-json\/wp\/v2\/categories?post=157693"},{"taxonomy":"post_tag","embeddable":true,"href":"https:\/\/soccer.aidatasports.com\/es\/wp-json\/wp\/v2\/tags?post=157693"}],"curies":[{"name":"wp","href":"https:\/\/api.w.org\/{rel}","templated":true}]}}