{"id":155358,"date":"2026-01-24T16:04:27","date_gmt":"2026-01-24T16:04:27","guid":{"rendered":"https:\/\/soccer.aidatasports.com\/es\/uncategorized\/como-vs-torino-jan-24-2026-1400-utc\/"},"modified":"2026-01-24T16:04:27","modified_gmt":"2026-01-24T16:04:27","slug":"como-vs-torino-jan-24-2026-1400-utc","status":"publish","type":"post","link":"https:\/\/soccer.aidatasports.com\/es\/matches\/como-vs-torino-jan-24-2026-1400-utc\/","title":{"rendered":"Como vs Torino Jan 24 2026 14:00 UTC"},"content":{"rendered":"<p><strong>Espa\u00f1ol<\/strong><\/p>\n<p><strong>El Como Aplasta al Torino en Parma con una Exhibici\u00f3n Ofensiva<\/strong><\/p>\n<p>Parma, Italia \u2013 En un partido dominado de principio a fin por el Como, el equipo local demostr\u00f3 una superioridad innegable ante un desdibujado Torino en el Stadio Ennio Tardini. El encuentro, correspondiente a la jornada 22 de la Serie A, culmin\u00f3 con un contundente marcador que reflej\u00f3 la diferencia en el juego desplegado por ambos conjuntos.<\/p>\n<p>Desde el pitido inicial, el Como impuso su ritmo, controlando el bal\u00f3n con un 58% de posesi\u00f3n y generando constantes oportunidades de gol. Apenas hab\u00edan transcurrido ocho minutos cuando A. Douvikas abri\u00f3 el marcador, asistido por L. Da Cunha. Poco despu\u00e9s, M. Baturina ampli\u00f3 la ventaja gracias a una asistencia de A. Valle. El Torino se vio obligado a realizar un cambio t\u00e1ctico temprano, y M. Pedersen recibi\u00f3 una tarjeta amarilla.<\/p>\n<p>La segunda mitad fue una prolongaci\u00f3n del dominio del Como. L. Da Cunha convirti\u00f3 un penalti, seguido r\u00e1pidamente por otro gol de A. Douvikas, esta vez asistido por M. Baturina. El festival goleador continu\u00f3 con anotaciones de N. Kuhn y M. Caqueret, sellando una victoria aplastante para el Como.<\/p>\n<p>El Torino, por su parte, apenas pudo inquietar la porter\u00eda rival, registrando tan solo un remate a puerta. Su posesi\u00f3n del bal\u00f3n, un 42%, se tradujo en escasas ocasiones de peligro. A pesar de intentar reaccionar con m\u00faltiples sustituciones, el equipo visitante nunca encontr\u00f3 la f\u00f3rmula para contrarrestar el juego ofensivo del Como. El encuentro finaliz\u00f3 con un total de 17 tiros del Como, frente a los 6 del Torino, evidenciando la superioridad del equipo local.<\/p>\n<p>Sustituciones en el equipo de torino: en el minuto 21 ingres\u00f3 A. Ismajli y sali\u00f3 G. Maripan, en el minuto 67 ingres\u00f3 C. Ngonge y sali\u00f3 D. Zapata, en el minuto 67 ingres\u00f3 E. Ilkhan y sali\u00f3 F. Anjorin, en el minuto 67 ingres\u00f3 A. Tameze y sali\u00f3 R. Obrador <\/p>\n<p>Sustituciones en el equipo de como: en el minuto 67 ingres\u00f3 J. Rodriguez y sali\u00f3 N. Kuhn, en el minuto 68 ingres\u00f3 M. Perrone y sali\u00f3 S. Roberto, en el minuto 68 ingres\u00f3 M. Baturina y sali\u00f3 M. Caqueret, en el minuto 73 ingres\u00f3 A. Douvikas y sali\u00f3 A. Moreno, en el minuto 73 ingres\u00f3 N. Paz y sali\u00f3 I. Smolcic <\/p>\n<p>Los equipos alinearon de la siguiente manera:<\/p>\n<div class=\"lineups-container\">\n<style>\n                .lineups-container {\n                    display: flex;\n                    justify-content: space-around;\n                    flex-wrap: wrap;\n                }\n                .team-lineup {\n                    width: 49%;\n                    margin-bottom: 20px;\n                    border: 1px solid #ccc;\n                    padding: 5px;\n                }\n                .team-lineup h3 {\n                    text-align: center;\n                    margin-bottom: 10px;\n                }\n                .players-container {\n                    display: flex;\n                    justify-content: space-between;\n                }\n                .players-container div {\n                    width: 100%;\n                }\n                .player {\n                    display: flex;\n                    align-items: center;\n                    margin-bottom: 5px;\n                }\n                .player img {\n                    width: 30px;\n                    height: 30px;\n                    border-radius: 50%;\n                    margin-right: 10px;\n                }\n                    @media (max-width: 600px) {\n                    .team-lineup {\n                        width: 100%;\n                    }\n                }\n                <\/style>\n<div class=\"team-lineup\">\n<h3>Como<\/h3>\n<p><img decoding=\"async\" src=\"https:\/\/media.api-sports.io\/football\/teams\/895.png\" alt=\"Como\" style=\"width: 50px; height: 50px;\"><\/p>\n<div class=\"players-container\">\n<div>\n<h4>Titulares:<\/h4>\n<div class=\"player\"><a href=\"https:\/\/soccer.aidatasports.com\/es\/players\/Jean-Butez-8574\"><img decoding=\"async\" src=\"https:\/\/soccer.aidatasports.com\/images\/players\/8574.png\" alt=\"Jean Butez\" onerror=\"this.onerror=null;this.src='https:\/\/soccer.aidatasports.com\/images\/players\/default-player.png';\"><span>Jean Butez<\/span><\/a><\/div>\n<div class=\"player\"><a href=\"https:\/\/soccer.aidatasports.com\/es\/players\/M\u00ebrgim-Vojvoda-8586\"><img decoding=\"async\" src=\"https:\/\/soccer.aidatasports.com\/images\/players\/8586.png\" alt=\"M\u00ebrgim Vojvoda\" onerror=\"this.onerror=null;this.src='https:\/\/soccer.aidatasports.com\/images\/players\/default-player.png';\"><span>M\u00ebrgim Vojvoda<\/span><\/a><\/div>\n<div class=\"player\"><a href=\"https:\/\/soccer.aidatasports.com\/es\/players\/Jacobo-Ram\u00f3n-386305\"><img decoding=\"async\" src=\"https:\/\/soccer.aidatasports.com\/images\/players\/386305.png\" alt=\"Jacobo Ram\u00f3n\" onerror=\"this.onerror=null;this.src='https:\/\/soccer.aidatasports.com\/images\/players\/default-player.png';\"><span>Jacobo Ram\u00f3n<\/span><\/a><\/div>\n<div class=\"player\"><a href=\"https:\/\/soccer.aidatasports.com\/es\/players\/Marc-Oliver-Kempf-26301\"><img decoding=\"async\" src=\"https:\/\/soccer.aidatasports.com\/images\/players\/26301.png\" alt=\"Marc-Oliver Kempf\" onerror=\"this.onerror=null;this.src='https:\/\/soccer.aidatasports.com\/images\/players\/default-player.png';\"><span>Marc-Oliver Kempf<\/span><\/a><\/div>\n<div class=\"player\"><a href=\"https:\/\/soccer.aidatasports.com\/es\/players\/\u00c1lex-Valle-336560\"><img decoding=\"async\" src=\"https:\/\/soccer.aidatasports.com\/images\/players\/336560.png\" alt=\"\u00c1lex Valle\" onerror=\"this.onerror=null;this.src='https:\/\/soccer.aidatasports.com\/images\/players\/default-player.png';\"><span>\u00c1lex Valle<\/span><\/a><\/div>\n<div class=\"player\"><a href=\"https:\/\/soccer.aidatasports.com\/es\/players\/M\u00e1ximo-Perrone-288699\"><img decoding=\"async\" src=\"https:\/\/soccer.aidatasports.com\/images\/players\/288699.png\" alt=\"M\u00e1ximo Perrone\" onerror=\"this.onerror=null;this.src='https:\/\/soccer.aidatasports.com\/images\/players\/default-player.png';\"><span>M\u00e1ximo Perrone<\/span><\/a><\/div>\n<div class=\"player\"><a href=\"https:\/\/soccer.aidatasports.com\/es\/players\/Lucas-Da-Cunha-162266\"><img decoding=\"async\" src=\"https:\/\/soccer.aidatasports.com\/images\/players\/162266.png\" alt=\"Lucas Da Cunha\" onerror=\"this.onerror=null;this.src='https:\/\/soccer.aidatasports.com\/images\/players\/default-player.png';\"><span>Lucas Da Cunha<\/span><\/a><\/div>\n<div class=\"player\"><a href=\"https:\/\/soccer.aidatasports.com\/es\/players\/Jes\u00fas-Rodriguez-443162\"><img decoding=\"async\" src=\"https:\/\/soccer.aidatasports.com\/images\/players\/443162.png\" alt=\"Jes\u00fas Rodriguez\" onerror=\"this.onerror=null;this.src='https:\/\/soccer.aidatasports.com\/images\/players\/default-player.png';\"><span>Jes\u00fas Rodriguez<\/span><\/a><\/div>\n<div class=\"player\"><a href=\"https:\/\/soccer.aidatasports.com\/es\/players\/Nico-Paz-350037\"><img decoding=\"async\" src=\"https:\/\/soccer.aidatasports.com\/images\/players\/350037.png\" alt=\"Nico Paz\" onerror=\"this.onerror=null;this.src='https:\/\/soccer.aidatasports.com\/images\/players\/default-player.png';\"><span>Nico Paz<\/span><\/a><\/div>\n<div class=\"player\"><a href=\"https:\/\/soccer.aidatasports.com\/es\/players\/Martin-Baturina-295026\"><img decoding=\"async\" src=\"https:\/\/soccer.aidatasports.com\/images\/players\/295026.png\" alt=\"Martin Baturina\" onerror=\"this.onerror=null;this.src='https:\/\/soccer.aidatasports.com\/images\/players\/default-player.png';\"><span>Martin Baturina<\/span><\/a><\/div>\n<div class=\"player\"><a href=\"https:\/\/soccer.aidatasports.com\/es\/players\/Anastasios-Douvikas-26845\"><img decoding=\"async\" src=\"https:\/\/soccer.aidatasports.com\/images\/players\/26845.png\" alt=\"Anastasios Douvikas\" onerror=\"this.onerror=null;this.src='https:\/\/soccer.aidatasports.com\/images\/players\/default-player.png';\"><span>Anastasios Douvikas<\/span><\/a><\/div>\n<\/div>\n<div>\n<h4>Suplentes:<\/h4>\n<div class=\"player\"><a href=\"https:\/\/soccer.aidatasports.com\/es\/players\/Mauro-Vigorito-31719\"><img decoding=\"async\" src=\"https:\/\/soccer.aidatasports.com\/images\/players\/31719.png\" alt=\"Mauro Vigorito\" onerror=\"this.onerror=null;this.src='https:\/\/soccer.aidatasports.com\/images\/players\/default-player.png';\"><span>Mauro Vigorito<\/span><\/a><\/div>\n<div class=\"player\"><a href=\"https:\/\/soccer.aidatasports.com\/es\/players\/Noel-T\u00f6rnqvist-193328\"><img decoding=\"async\" src=\"https:\/\/soccer.aidatasports.com\/images\/players\/193328.png\" alt=\"Noel T\u00f6rnqvist\" onerror=\"this.onerror=null;this.src='https:\/\/soccer.aidatasports.com\/images\/players\/default-player.png';\"><span>Noel T\u00f6rnqvist<\/span><\/a><\/div>\n<div class=\"player\"><a href=\"https:\/\/soccer.aidatasports.com\/es\/players\/Ignace-Van-der-Brempt-129119\"><img decoding=\"async\" src=\"https:\/\/soccer.aidatasports.com\/images\/players\/129119.png\" alt=\"Ignace Van der Brempt\" onerror=\"this.onerror=null;this.src='https:\/\/soccer.aidatasports.com\/images\/players\/default-player.png';\"><span>Ignace Van der Brempt<\/span><\/a><\/div>\n<div class=\"player\"><a href=\"https:\/\/soccer.aidatasports.com\/es\/players\/Alberto-Moreno-288\"><img decoding=\"async\" src=\"https:\/\/soccer.aidatasports.com\/images\/players\/288.png\" alt=\"Alberto Moreno\" onerror=\"this.onerror=null;this.src='https:\/\/soccer.aidatasports.com\/images\/players\/default-player.png';\"><span>Alberto Moreno<\/span><\/a><\/div>\n<div class=\"player\"><a href=\"https:\/\/soccer.aidatasports.com\/es\/players\/Ivan-Smol\u010di\u0107-14266\"><img decoding=\"async\" src=\"https:\/\/soccer.aidatasports.com\/images\/players\/14266.png\" alt=\"Ivan Smol\u010di\u0107\" onerror=\"this.onerror=null;this.src='https:\/\/soccer.aidatasports.com\/images\/players\/default-player.png';\"><span>Ivan Smol\u010di\u0107<\/span><\/a><\/div>\n<div class=\"player\"><a href=\"https:\/\/soccer.aidatasports.com\/es\/players\/Diego-Carlos-21090\"><img decoding=\"async\" src=\"https:\/\/soccer.aidatasports.com\/images\/players\/21090.png\" alt=\"Diego Carlos\" onerror=\"this.onerror=null;this.src='https:\/\/soccer.aidatasports.com\/images\/players\/default-player.png';\"><span>Diego Carlos<\/span><\/a><\/div>\n<div class=\"player\"><a href=\"https:\/\/soccer.aidatasports.com\/es\/players\/Jayden-Addai-354533\"><img decoding=\"async\" src=\"https:\/\/soccer.aidatasports.com\/images\/players\/354533.png\" alt=\"Jayden Addai\" onerror=\"this.onerror=null;this.src='https:\/\/soccer.aidatasports.com\/images\/players\/default-player.png';\"><span>Jayden Addai<\/span><\/a><\/div>\n<div class=\"player\"><a href=\"https:\/\/soccer.aidatasports.com\/es\/players\/Sergi-Roberto-137\"><img decoding=\"async\" src=\"https:\/\/soccer.aidatasports.com\/images\/players\/137.png\" alt=\"Sergi Roberto\" onerror=\"this.onerror=null;this.src='https:\/\/soccer.aidatasports.com\/images\/players\/default-player.png';\"><span>Sergi Roberto<\/span><\/a><\/div>\n<div class=\"player\"><a href=\"https:\/\/soccer.aidatasports.com\/es\/players\/Maxence-Caqueret-659\"><img decoding=\"async\" src=\"https:\/\/soccer.aidatasports.com\/images\/players\/659.png\" alt=\"Maxence Caqueret\" onerror=\"this.onerror=null;this.src='https:\/\/soccer.aidatasports.com\/images\/players\/default-player.png';\"><span>Maxence Caqueret<\/span><\/a><\/div>\n<div class=\"player\"><a href=\"https:\/\/soccer.aidatasports.com\/es\/players\/Nicolas-Gerrit-K\u00fchn-38753\"><img decoding=\"async\" src=\"https:\/\/soccer.aidatasports.com\/images\/players\/38753.png\" alt=\"Nicolas-Gerrit K\u00fchn\" onerror=\"this.onerror=null;this.src='https:\/\/soccer.aidatasports.com\/images\/players\/default-player.png';\"><span>Nicolas-Gerrit K\u00fchn<\/span><\/a><\/div>\n<\/div>\n<\/div>\n<\/div>\n<div class=\"team-lineup\">\n<h3>Torino<\/h3>\n<p><img decoding=\"async\" src=\"https:\/\/media.api-sports.io\/football\/teams\/503.png\" alt=\"Torino\" style=\"width: 50px; height: 50px;\"><\/p>\n<div class=\"players-container\">\n<div>\n<h4>Titulares:<\/h4>\n<div class=\"player\"><a href=\"https:\/\/soccer.aidatasports.com\/es\/players\/Alberto-Paleari-30642\"><img decoding=\"async\" src=\"https:\/\/soccer.aidatasports.com\/images\/players\/30642.png\" alt=\"Alberto Paleari\" onerror=\"this.onerror=null;this.src='https:\/\/soccer.aidatasports.com\/images\/players\/default-player.png';\"><span>Alberto Paleari<\/span><\/a><\/div>\n<div class=\"player\"><a href=\"https:\/\/soccer.aidatasports.com\/es\/players\/Adrien-Tameze-22174\"><img decoding=\"async\" src=\"https:\/\/soccer.aidatasports.com\/images\/players\/22174.png\" alt=\"Adrien Tameze\" onerror=\"this.onerror=null;this.src='https:\/\/soccer.aidatasports.com\/images\/players\/default-player.png';\"><span>Adrien Tameze<\/span><\/a><\/div>\n<div class=\"player\"><a href=\"https:\/\/soccer.aidatasports.com\/es\/players\/Ardian-Ismajli-14329\"><img decoding=\"async\" src=\"https:\/\/soccer.aidatasports.com\/images\/players\/14329.png\" alt=\"Ardian Ismajli\" onerror=\"this.onerror=null;this.src='https:\/\/soccer.aidatasports.com\/images\/players\/default-player.png';\"><span>Ardian Ismajli<\/span><\/a><\/div>\n<div class=\"player\"><a href=\"https:\/\/soccer.aidatasports.com\/es\/players\/Sa\u00fal-Coco-122468\"><img decoding=\"async\" src=\"https:\/\/soccer.aidatasports.com\/images\/players\/122468.png\" alt=\"Sa\u00fal Coco\" onerror=\"this.onerror=null;this.src='https:\/\/soccer.aidatasports.com\/images\/players\/default-player.png';\"><span>Sa\u00fal Coco<\/span><\/a><\/div>\n<div class=\"player\"><a href=\"https:\/\/soccer.aidatasports.com\/es\/players\/Emirhan-\u0130lkhan-336573\"><img decoding=\"async\" src=\"https:\/\/soccer.aidatasports.com\/images\/players\/336573.png\" alt=\"Emirhan \u0130lkhan\" onerror=\"this.onerror=null;this.src='https:\/\/soccer.aidatasports.com\/images\/players\/default-player.png';\"><span>Emirhan \u0130lkhan<\/span><\/a><\/div>\n<div class=\"player\"><a href=\"https:\/\/soccer.aidatasports.com\/es\/players\/Marcus-Pedersen-39362\"><img decoding=\"async\" src=\"https:\/\/soccer.aidatasports.com\/images\/players\/39362.png\" alt=\"Marcus Pedersen\" onerror=\"this.onerror=null;this.src='https:\/\/soccer.aidatasports.com\/images\/players\/default-player.png';\"><span>Marcus Pedersen<\/span><\/a><\/div>\n<div class=\"player\"><a href=\"https:\/\/soccer.aidatasports.com\/es\/players\/Nikola-Vla\u0161i\u0107-842\"><img decoding=\"async\" src=\"https:\/\/soccer.aidatasports.com\/images\/players\/842.png\" alt=\"Nikola Vla\u0161i\u0107\" onerror=\"this.onerror=null;this.src='https:\/\/soccer.aidatasports.com\/images\/players\/default-player.png';\"><span>Nikola Vla\u0161i\u0107<\/span><\/a><\/div>\n<div class=\"player\"><a href=\"https:\/\/soccer.aidatasports.com\/es\/players\/Cesare-Casadei-270507\"><img decoding=\"async\" src=\"https:\/\/soccer.aidatasports.com\/images\/players\/270507.png\" alt=\"Cesare Casadei\" onerror=\"this.onerror=null;this.src='https:\/\/soccer.aidatasports.com\/images\/players\/default-player.png';\"><span>Cesare Casadei<\/span><\/a><\/div>\n<div class=\"player\"><a href=\"https:\/\/soccer.aidatasports.com\/es\/players\/Valentino-Lazaro-25353\"><img decoding=\"async\" src=\"https:\/\/soccer.aidatasports.com\/images\/players\/25353.png\" alt=\"Valentino Lazaro\" onerror=\"this.onerror=null;this.src='https:\/\/soccer.aidatasports.com\/images\/players\/default-player.png';\"><span>Valentino Lazaro<\/span><\/a><\/div>\n<div class=\"player\"><a href=\"https:\/\/soccer.aidatasports.com\/es\/players\/Cyril-Ngonge-85\"><img decoding=\"async\" src=\"https:\/\/soccer.aidatasports.com\/images\/players\/85.png\" alt=\"Cyril Ngonge\" onerror=\"this.onerror=null;this.src='https:\/\/soccer.aidatasports.com\/images\/players\/default-player.png';\"><span>Cyril Ngonge<\/span><\/a><\/div>\n<div class=\"player\"><a href=\"https:\/\/soccer.aidatasports.com\/es\/players\/Che-Adams-19524\"><img decoding=\"async\" src=\"https:\/\/soccer.aidatasports.com\/images\/players\/19524.png\" alt=\"Che Adams\" onerror=\"this.onerror=null;this.src='https:\/\/soccer.aidatasports.com\/images\/players\/default-player.png';\"><span>Che Adams<\/span><\/a><\/div>\n<\/div>\n<div>\n<h4>Suplentes:<\/h4>\n<div class=\"player\"><a href=\"https:\/\/soccer.aidatasports.com\/es\/players\/Guillermo-Marip\u00e1n-2553\"><img decoding=\"async\" src=\"https:\/\/soccer.aidatasports.com\/images\/players\/2553.png\" alt=\"Guillermo Marip\u00e1n\" onerror=\"this.onerror=null;this.src='https:\/\/soccer.aidatasports.com\/images\/players\/default-player.png';\"><span>Guillermo Marip\u00e1n<\/span><\/a><\/div>\n<div class=\"player\"><a href=\"https:\/\/soccer.aidatasports.com\/es\/players\/Lapo-Siviero-565709\"><img decoding=\"async\" src=\"https:\/\/soccer.aidatasports.com\/images\/players\/565709.png\" alt=\"Lapo Siviero\" onerror=\"this.onerror=null;this.src='https:\/\/soccer.aidatasports.com\/images\/players\/default-player.png';\"><span>Lapo Siviero<\/span><\/a><\/div>\n<div class=\"player\"><a href=\"https:\/\/soccer.aidatasports.com\/es\/players\/Franco-Israel-56266\"><img decoding=\"async\" src=\"https:\/\/soccer.aidatasports.com\/images\/players\/56266.png\" alt=\"Franco Israel\" onerror=\"this.onerror=null;this.src='https:\/\/soccer.aidatasports.com\/images\/players\/default-player.png';\"><span>Franco Israel<\/span><\/a><\/div>\n<div class=\"player\"><a href=\"https:\/\/soccer.aidatasports.com\/es\/players\/Mattia-Pellini-598593\"><img decoding=\"async\" src=\"https:\/\/soccer.aidatasports.com\/images\/players\/598593.png\" alt=\"Mattia Pellini\" onerror=\"this.onerror=null;this.src='https:\/\/soccer.aidatasports.com\/images\/players\/default-player.png';\"><span>Mattia Pellini<\/span><\/a><\/div>\n<div class=\"player\"><a href=\"https:\/\/soccer.aidatasports.com\/es\/players\/Rafael-Obrador-265722\"><img decoding=\"async\" src=\"https:\/\/soccer.aidatasports.com\/images\/players\/265722.png\" alt=\"Rafael Obrador\" onerror=\"this.onerror=null;this.src='https:\/\/soccer.aidatasports.com\/images\/players\/default-player.png';\"><span>Rafael Obrador<\/span><\/a><\/div>\n<div class=\"player\"><a href=\"https:\/\/soccer.aidatasports.com\/es\/players\/Faustino-Anjorin-138777\"><img decoding=\"async\" src=\"https:\/\/soccer.aidatasports.com\/images\/players\/138777.png\" alt=\"Faustino Anjorin\" onerror=\"this.onerror=null;this.src='https:\/\/soccer.aidatasports.com\/images\/players\/default-player.png';\"><span>Faustino Anjorin<\/span><\/a><\/div>\n<div class=\"player\"><a href=\"https:\/\/soccer.aidatasports.com\/es\/players\/Sergiu-Perciun-452430\"><img decoding=\"async\" src=\"https:\/\/soccer.aidatasports.com\/images\/players\/452430.png\" alt=\"Sergiu Perciun\" onerror=\"this.onerror=null;this.src='https:\/\/soccer.aidatasports.com\/images\/players\/default-player.png';\"><span>Sergiu Perciun<\/span><\/a><\/div>\n<div class=\"player\"><a href=\"https:\/\/soccer.aidatasports.com\/es\/players\/Wisdom-Acquah-613435\"><img decoding=\"async\" src=\"https:\/\/soccer.aidatasports.com\/images\/players\/613435.png\" alt=\"Wisdom Acquah\" onerror=\"this.onerror=null;this.src='https:\/\/soccer.aidatasports.com\/images\/players\/default-player.png';\"><span>Wisdom Acquah<\/span><\/a><\/div>\n<div class=\"player\"><a href=\"https:\/\/soccer.aidatasports.com\/es\/players\/Tommaso-Gabellini-437088\"><img decoding=\"async\" src=\"https:\/\/soccer.aidatasports.com\/images\/players\/437088.png\" alt=\"Tommaso Gabellini\" onerror=\"this.onerror=null;this.src='https:\/\/soccer.aidatasports.com\/images\/players\/default-player.png';\"><span>Tommaso Gabellini<\/span><\/a><\/div>\n<div class=\"player\"><a href=\"https:\/\/soccer.aidatasports.com\/es\/players\/Alieu-Njie-383006\"><img decoding=\"async\" src=\"https:\/\/soccer.aidatasports.com\/images\/players\/383006.png\" alt=\"Alieu Njie\" onerror=\"this.onerror=null;this.src='https:\/\/soccer.aidatasports.com\/images\/players\/default-player.png';\"><span>Alieu Njie<\/span><\/a><\/div>\n<div class=\"player\"><a href=\"https:\/\/soccer.aidatasports.com\/es\/players\/Duv\u00e1n-Zapata-2495\"><img decoding=\"async\" src=\"https:\/\/soccer.aidatasports.com\/images\/players\/2495.png\" alt=\"Duv\u00e1n Zapata\" onerror=\"this.onerror=null;this.src='https:\/\/soccer.aidatasports.com\/images\/players\/default-player.png';\"><span>Duv\u00e1n Zapata<\/span><\/a><\/div>\n<\/div>\n<\/div>\n<\/div>\n<\/div>\n<div id=\"wg-api-football-game\"\n                    data-host=\"xxxxx\"\n                    data-key=\"xxxx\"\n                    data-id=\"1378075\"\n                    data-theme=\"\"\n                    data-refresh=\"15\"\n                    data-show-errors=\"false\"\n                    data-show-logos=\"true\"><br \/>\n                    class=\u00bbwg_loader\u00bb>\n                <\/div>\n<div id=\"wg-api-football-standings\"\n                    data-host=\"xxxx\"\n                    data-key=\"ddddd\"\n                    data-league=\"135\"\n                    data-team=\"\"\n                    data-season=\"2025\"\n                    data-theme=\"\"\n                    data-show-errors=\"false\"\n                    data-show-logos=\"true\"\n                    class=\"wg_loader\">\n                <\/div>\n<p>                <script\n                    type=\"module\"\n                    src=\"https:\/\/soccer.aidatasports.com\/wp-content\/customjs\/widgetslocal.js\">\n                <\/script><\/p>\n","protected":false},"excerpt":{"rendered":"<p>Espa\u00f1ol El Como Aplasta al Torino en Parma con una Exhibici\u00f3n Ofensiva Parma, Italia \u2013&hellip;<\/p>\n","protected":false},"author":1,"featured_media":155357,"comment_status":"open","ping_status":"open","sticky":false,"template":"","format":"standard","meta":{"content-type":"","_lmt_disableupdate":"","_lmt_disable":"","_league":15837,"_fixture":1378075,"penci_pfeatured_image_ratio":"","penci_single_style":"","footnotes":""},"categories":[15837],"tags":[946,615],"class_list":["post-155358","post","type-post","status-publish","format-standard","has-post-thumbnail","hentry","category-matches","tag-como-italy-895","tag-torino-italy-503"],"_links":{"self":[{"href":"https:\/\/soccer.aidatasports.com\/es\/wp-json\/wp\/v2\/posts\/155358"}],"collection":[{"href":"https:\/\/soccer.aidatasports.com\/es\/wp-json\/wp\/v2\/posts"}],"about":[{"href":"https:\/\/soccer.aidatasports.com\/es\/wp-json\/wp\/v2\/types\/post"}],"author":[{"embeddable":true,"href":"https:\/\/soccer.aidatasports.com\/es\/wp-json\/wp\/v2\/users\/1"}],"replies":[{"embeddable":true,"href":"https:\/\/soccer.aidatasports.com\/es\/wp-json\/wp\/v2\/comments?post=155358"}],"version-history":[{"count":0,"href":"https:\/\/soccer.aidatasports.com\/es\/wp-json\/wp\/v2\/posts\/155358\/revisions"}],"wp:featuredmedia":[{"embeddable":true,"href":"https:\/\/soccer.aidatasports.com\/es\/wp-json\/wp\/v2\/media\/155357"}],"wp:attachment":[{"href":"https:\/\/soccer.aidatasports.com\/es\/wp-json\/wp\/v2\/media?parent=155358"}],"wp:term":[{"taxonomy":"category","embeddable":true,"href":"https:\/\/soccer.aidatasports.com\/es\/wp-json\/wp\/v2\/categories?post=155358"},{"taxonomy":"post_tag","embeddable":true,"href":"https:\/\/soccer.aidatasports.com\/es\/wp-json\/wp\/v2\/tags?post=155358"}],"curies":[{"name":"wp","href":"https:\/\/api.w.org\/{rel}","templated":true}]}}