{"id":155000,"date":"2026-01-22T19:51:50","date_gmt":"2026-01-22T19:51:50","guid":{"rendered":"https:\/\/soccer.aidatasports.com\/es\/uncategorized\/brann-vs-fc-midtjylland-jan-22-2026-1745-utc\/"},"modified":"2026-01-22T19:51:50","modified_gmt":"2026-01-22T19:51:50","slug":"brann-vs-fc-midtjylland-jan-22-2026-1745-utc","status":"publish","type":"post","link":"https:\/\/soccer.aidatasports.com\/es\/matches\/brann-vs-fc-midtjylland-jan-22-2026-1745-utc\/","title":{"rendered":"Brann vs FC Midtjylland Jan 22 2026 17:45 UTC"},"content":{"rendered":"<p><strong>Espa\u00f1ol:<\/strong><\/p>\n<p><strong>Emocionante empate entre Brann y FC Midtjylland en la Europa League<\/strong><\/p>\n<p>Bergen fue testigo de un vibrante encuentro de la Europa League entre el Brann y el FC Midtjylland, que termin\u00f3 con un marcador de 4 a 4. El partido, disputado en el Brann Stadion, estuvo lleno de alternativas y emociones desde el pitido inicial.<\/p>\n<p>El FC Midtjylland golpe\u00f3 primero, con un gol de M. Erlic en el minuto 4, tras una asistencia de P. Billing. Sin embargo, el Brann reaccion\u00f3 r\u00e1pidamente, igualando el marcador en el minuto 19 gracias a N. Holm, asistido por D. De Roeve. El Midtjylland volvi\u00f3 a adelantarse en el marcador en el minuto 31, con un tanto de Junior Brumado.<\/p>\n<p>La segunda mitad comenz\u00f3 con intensidad. El Brann logr\u00f3 igualar el marcador a trav\u00e9s de un penalti convertido por E. Kornvig en el minuto 68. Dos minutos despu\u00e9s, M. Erlic volvi\u00f3 a marcar para el Midtjylland, poniendo el 3 a 4 en el marcador. Cuando parec\u00eda que la victoria se iba para Dinamarca, el Brann consigui\u00f3 empatar de nuevo en el minuto 90 con otro penalti, esta vez anotado por J. Soltvedt, sellando un empate final.<\/p>\n<p>El partido se caracteriz\u00f3 por la igualdad en la posesi\u00f3n, con un 50% para cada equipo. El Brann fue m\u00e1s incisivo en ataque, con 23 tiros, 11 de ellos a puerta, mientras que el Midtjylland realiz\u00f3 10 disparos, 7 a puerta. La disciplina fue otro factor clave, con el Midtjylland cometiendo 16 faltas y recibiendo dos tarjetas amarillas, mientras que el Brann solo cometi\u00f3 9 faltas y no recibi\u00f3 ninguna amonestaci\u00f3n.<\/p>\n<p>Sustituciones en el equipo de fc midtjylland: en el minuto 52 ingres\u00f3 P. Billing y sali\u00f3 P. Bravo, en el minuto 63 ingres\u00f3 V. Byskov y sali\u00f3 D. Osorio, en el minuto 85 ingres\u00f3 A. Simsir y sali\u00f3 E. Chilufya <\/p>\n<p>Sustituciones en el equipo de brann: en el minuto 59 ingres\u00f3 M. Haaland y sali\u00f3 F. Myhre, en el minuto 76 ingres\u00f3 V. Dragsnes y sali\u00f3 J. Soltvedt, en el minuto 76 ingres\u00f3 T. Pedersen y sali\u00f3 B. Finne <\/p>\n<p>Los equipos alinearon de la siguiente manera:<\/p>\n<div class=\"lineups-container\">\n<style>\n                .lineups-container {\n                    display: flex;\n                    justify-content: space-around;\n                    flex-wrap: wrap;\n                }\n                .team-lineup {\n                    width: 49%;\n                    margin-bottom: 20px;\n                    border: 1px solid #ccc;\n                    padding: 5px;\n                }\n                .team-lineup h3 {\n                    text-align: center;\n                    margin-bottom: 10px;\n                }\n                .players-container {\n                    display: flex;\n                    justify-content: space-between;\n                }\n                .players-container div {\n                    width: 100%;\n                }\n                .player {\n                    display: flex;\n                    align-items: center;\n                    margin-bottom: 5px;\n                }\n                .player img {\n                    width: 30px;\n                    height: 30px;\n                    border-radius: 50%;\n                    margin-right: 10px;\n                }\n                    @media (max-width: 600px) {\n                    .team-lineup {\n                        width: 100%;\n                    }\n                }\n                <\/style>\n<div class=\"team-lineup\">\n<h3>Brann<\/h3>\n<p><img decoding=\"async\" src=\"https:\/\/media.api-sports.io\/football\/teams\/319.png\" alt=\"Brann\" style=\"width: 50px; height: 50px;\"><\/p>\n<div class=\"players-container\">\n<div>\n<h4>Titulares:<\/h4>\n<div class=\"player\"><a href=\"https:\/\/soccer.aidatasports.com\/es\/players\/Matias-Dyngeland-57429\"><img decoding=\"async\" src=\"https:\/\/soccer.aidatasports.com\/images\/players\/57429.png\" alt=\"Matias Dyngeland\" onerror=\"this.onerror=null;this.src='https:\/\/soccer.aidatasports.com\/images\/players\/default-player.png';\"><span>Matias Dyngeland<\/span><\/a><\/div>\n<div class=\"player\"><a href=\"https:\/\/soccer.aidatasports.com\/es\/players\/Denzel-De-Roeve-304373\"><img decoding=\"async\" src=\"https:\/\/soccer.aidatasports.com\/images\/players\/304373.png\" alt=\"Denzel De Roeve\" onerror=\"this.onerror=null;this.src='https:\/\/soccer.aidatasports.com\/images\/players\/default-player.png';\"><span>Denzel De Roeve<\/span><\/a><\/div>\n<div class=\"player\"><a href=\"https:\/\/soccer.aidatasports.com\/es\/players\/Fredrik-Pallesen-Knudsen-39232\"><img decoding=\"async\" src=\"https:\/\/soccer.aidatasports.com\/images\/players\/39232.png\" alt=\"Fredrik Pallesen Knudsen\" onerror=\"this.onerror=null;this.src='https:\/\/soccer.aidatasports.com\/images\/players\/default-player.png';\"><span>Fredrik Pallesen Knudsen<\/span><\/a><\/div>\n<div class=\"player\"><a href=\"https:\/\/soccer.aidatasports.com\/es\/players\/Nana-Kwame-Boakye-474826\"><img decoding=\"async\" src=\"https:\/\/soccer.aidatasports.com\/images\/players\/474826.png\" alt=\"Nana Kwame Boakye\" onerror=\"this.onerror=null;this.src='https:\/\/soccer.aidatasports.com\/images\/players\/default-player.png';\"><span>Nana Kwame Boakye<\/span><\/a><\/div>\n<div class=\"player\"><a href=\"https:\/\/soccer.aidatasports.com\/es\/players\/Vetle-Winger-Dragsnes-39194\"><img decoding=\"async\" src=\"https:\/\/soccer.aidatasports.com\/images\/players\/39194.png\" alt=\"Vetle Winger Dragsnes\" onerror=\"this.onerror=null;this.src='https:\/\/soccer.aidatasports.com\/images\/players\/default-player.png';\"><span>Vetle Winger Dragsnes<\/span><\/a><\/div>\n<div class=\"player\"><a href=\"https:\/\/soccer.aidatasports.com\/es\/players\/Emil-Kornvig-145953\"><img decoding=\"async\" src=\"https:\/\/soccer.aidatasports.com\/images\/players\/145953.png\" alt=\"Emil Kornvig\" onerror=\"this.onerror=null;this.src='https:\/\/soccer.aidatasports.com\/images\/players\/default-player.png';\"><span>Emil Kornvig<\/span><\/a><\/div>\n<div class=\"player\"><a href=\"https:\/\/soccer.aidatasports.com\/es\/players\/Jacob-Lungi-S\u00f8rensen-15832\"><img decoding=\"async\" src=\"https:\/\/soccer.aidatasports.com\/images\/players\/15832.png\" alt=\"Jacob Lungi S\u00f8rensen\" onerror=\"this.onerror=null;this.src='https:\/\/soccer.aidatasports.com\/images\/players\/default-player.png';\"><span>Jacob Lungi S\u00f8rensen<\/span><\/a><\/div>\n<div class=\"player\"><a href=\"https:\/\/soccer.aidatasports.com\/es\/players\/Thore-Baardsen-Pedersen-39239\"><img decoding=\"async\" src=\"https:\/\/soccer.aidatasports.com\/images\/players\/39239.png\" alt=\"Thore Baardsen Pedersen\" onerror=\"this.onerror=null;this.src='https:\/\/soccer.aidatasports.com\/images\/players\/default-player.png';\"><span>Thore Baardsen Pedersen<\/span><\/a><\/div>\n<div class=\"player\"><a href=\"https:\/\/soccer.aidatasports.com\/es\/players\/Markus-Haaland-319130\"><img decoding=\"async\" src=\"https:\/\/soccer.aidatasports.com\/images\/players\/319130.png\" alt=\"Markus Haaland\" onerror=\"this.onerror=null;this.src='https:\/\/soccer.aidatasports.com\/images\/players\/default-player.png';\"><span>Markus Haaland<\/span><\/a><\/div>\n<div class=\"player\"><a href=\"https:\/\/soccer.aidatasports.com\/es\/players\/Ulrik-Mathisen-98842\"><img decoding=\"async\" src=\"https:\/\/soccer.aidatasports.com\/images\/players\/98842.png\" alt=\"Ulrik Mathisen\" onerror=\"this.onerror=null;this.src='https:\/\/soccer.aidatasports.com\/images\/players\/default-player.png';\"><span>Ulrik Mathisen<\/span><\/a><\/div>\n<div class=\"player\"><a href=\"https:\/\/soccer.aidatasports.com\/es\/players\/Noah-Jean-Holm-161943\"><img decoding=\"async\" src=\"https:\/\/soccer.aidatasports.com\/images\/players\/161943.png\" alt=\"Noah Jean Holm\" onerror=\"this.onerror=null;this.src='https:\/\/soccer.aidatasports.com\/images\/players\/default-player.png';\"><span>Noah Jean Holm<\/span><\/a><\/div>\n<\/div>\n<div>\n<h4>Suplentes:<\/h4>\n<div class=\"player\"><a href=\"https:\/\/soccer.aidatasports.com\/es\/players\/Felix-Horn-Myhre-39066\"><img decoding=\"async\" src=\"https:\/\/soccer.aidatasports.com\/images\/players\/39066.png\" alt=\"Felix Horn Myhre\" onerror=\"this.onerror=null;this.src='https:\/\/soccer.aidatasports.com\/images\/players\/default-player.png';\"><span>Felix Horn Myhre<\/span><\/a><\/div>\n<div class=\"player\"><a href=\"https:\/\/soccer.aidatasports.com\/es\/players\/Joachim-Soltvedt-57445\"><img decoding=\"async\" src=\"https:\/\/soccer.aidatasports.com\/images\/players\/57445.png\" alt=\"Joachim Soltvedt\" onerror=\"this.onerror=null;this.src='https:\/\/soccer.aidatasports.com\/images\/players\/default-player.png';\"><span>Joachim Soltvedt<\/span><\/a><\/div>\n<div class=\"player\"><a href=\"https:\/\/soccer.aidatasports.com\/es\/players\/B\u00e5rd-Finne-39122\"><img decoding=\"async\" src=\"https:\/\/soccer.aidatasports.com\/images\/players\/39122.png\" alt=\"B\u00e5rd Finne\" onerror=\"this.onerror=null;this.src='https:\/\/soccer.aidatasports.com\/images\/players\/default-player.png';\"><span>B\u00e5rd Finne<\/span><\/a><\/div>\n<div class=\"player\"><a href=\"https:\/\/soccer.aidatasports.com\/es\/players\/Mathias-Engevik-Klausen-406481\"><img decoding=\"async\" src=\"https:\/\/soccer.aidatasports.com\/images\/players\/406481.png\" alt=\"Mathias Engevik Klausen\" onerror=\"this.onerror=null;this.src='https:\/\/soccer.aidatasports.com\/images\/players\/default-player.png';\"><span>Mathias Engevik Klausen<\/span><\/a><\/div>\n<div class=\"player\"><a href=\"https:\/\/soccer.aidatasports.com\/es\/players\/Jesper-Nerhus-Eikrem-416063\"><img decoding=\"async\" src=\"https:\/\/soccer.aidatasports.com\/images\/players\/416063.png\" alt=\"Jesper Nerhus Eikrem\" onerror=\"this.onerror=null;this.src='https:\/\/soccer.aidatasports.com\/images\/players\/default-player.png';\"><span>Jesper Nerhus Eikrem<\/span><\/a><\/div>\n<div class=\"player\"><a href=\"https:\/\/soccer.aidatasports.com\/es\/players\/Lars-Remmem-419242\"><img decoding=\"async\" src=\"https:\/\/soccer.aidatasports.com\/images\/players\/419242.png\" alt=\"Lars Remmem\" onerror=\"this.onerror=null;this.src='https:\/\/soccer.aidatasports.com\/images\/players\/default-player.png';\"><span>Lars Remmem<\/span><\/a><\/div>\n<div class=\"player\"><a href=\"https:\/\/soccer.aidatasports.com\/es\/players\/Mads-Hansen-156536\"><img decoding=\"async\" src=\"https:\/\/soccer.aidatasports.com\/images\/players\/156536.png\" alt=\"Mads Hansen\" onerror=\"this.onerror=null;this.src='https:\/\/soccer.aidatasports.com\/images\/players\/default-player.png';\"><span>Mads Hansen<\/span><\/a><\/div>\n<div class=\"player\"><a href=\"https:\/\/soccer.aidatasports.com\/es\/players\/Mads-Berg-Sande-57377\"><img decoding=\"async\" src=\"https:\/\/soccer.aidatasports.com\/images\/players\/57377.png\" alt=\"Mads Berg Sande\" onerror=\"this.onerror=null;this.src='https:\/\/soccer.aidatasports.com\/images\/players\/default-player.png';\"><span>Mads Berg Sande<\/span><\/a><\/div>\n<div class=\"player\"><a href=\"https:\/\/soccer.aidatasports.com\/es\/players\/Julian-L\u00e6greid-437112\"><img decoding=\"async\" src=\"https:\/\/soccer.aidatasports.com\/images\/players\/437112.png\" alt=\"Julian L\u00e6greid\" onerror=\"this.onerror=null;this.src='https:\/\/soccer.aidatasports.com\/images\/players\/default-player.png';\"><span>Julian L\u00e6greid<\/span><\/a><\/div>\n<\/div>\n<\/div>\n<\/div>\n<div class=\"team-lineup\">\n<h3>FC Midtjylland<\/h3>\n<p><img decoding=\"async\" src=\"https:\/\/media.api-sports.io\/football\/teams\/397.png\" alt=\"FC Midtjylland\" style=\"width: 50px; height: 50px;\"><\/p>\n<div class=\"players-container\">\n<div>\n<h4>Titulares:<\/h4>\n<div class=\"player\"><a href=\"https:\/\/soccer.aidatasports.com\/es\/players\/El\u00edas-\u00d3lafsson-89754\"><img decoding=\"async\" src=\"https:\/\/soccer.aidatasports.com\/images\/players\/89754.png\" alt=\"El\u00edas \u00d3lafsson\" onerror=\"this.onerror=null;this.src='https:\/\/soccer.aidatasports.com\/images\/players\/default-player.png';\"><span>El\u00edas \u00d3lafsson<\/span><\/a><\/div>\n<div class=\"player\"><a href=\"https:\/\/soccer.aidatasports.com\/es\/players\/Han-Beom-Lee-237218\"><img decoding=\"async\" src=\"https:\/\/soccer.aidatasports.com\/images\/players\/237218.png\" alt=\"Han-Beom Lee\" onerror=\"this.onerror=null;this.src='https:\/\/soccer.aidatasports.com\/images\/players\/default-player.png';\"><span>Han-Beom Lee<\/span><\/a><\/div>\n<div class=\"player\"><a href=\"https:\/\/soccer.aidatasports.com\/es\/players\/Martin-Erli\u0107-30827\"><img decoding=\"async\" src=\"https:\/\/soccer.aidatasports.com\/images\/players\/30827.png\" alt=\"Martin Erli\u0107\" onerror=\"this.onerror=null;this.src='https:\/\/soccer.aidatasports.com\/images\/players\/default-player.png';\"><span>Martin Erli\u0107<\/span><\/a><\/div>\n<div class=\"player\"><a href=\"https:\/\/soccer.aidatasports.com\/es\/players\/Mads-Bech-S\u00f8rensen-19345\"><img decoding=\"async\" src=\"https:\/\/soccer.aidatasports.com\/images\/players\/19345.png\" alt=\"Mads Bech S\u00f8rensen\" onerror=\"this.onerror=null;this.src='https:\/\/soccer.aidatasports.com\/images\/players\/default-player.png';\"><span>Mads Bech S\u00f8rensen<\/span><\/a><\/div>\n<div class=\"player\"><a href=\"https:\/\/soccer.aidatasports.com\/es\/players\/Victor-Bak-Jensen-162218\"><img decoding=\"async\" src=\"https:\/\/soccer.aidatasports.com\/images\/players\/162218.png\" alt=\"Victor Bak Jensen\" onerror=\"this.onerror=null;this.src='https:\/\/soccer.aidatasports.com\/images\/players\/default-player.png';\"><span>Victor Bak Jensen<\/span><\/a><\/div>\n<div class=\"player\"><a href=\"https:\/\/soccer.aidatasports.com\/es\/players\/Denil-Castillo-338045\"><img decoding=\"async\" src=\"https:\/\/soccer.aidatasports.com\/images\/players\/338045.png\" alt=\"Denil Castillo\" onerror=\"this.onerror=null;this.src='https:\/\/soccer.aidatasports.com\/images\/players\/default-player.png';\"><span>Denil Castillo<\/span><\/a><\/div>\n<div class=\"player\"><a href=\"https:\/\/soccer.aidatasports.com\/es\/players\/Valdemar-Byskov-371909\"><img decoding=\"async\" src=\"https:\/\/soccer.aidatasports.com\/images\/players\/371909.png\" alt=\"Valdemar Byskov\" onerror=\"this.onerror=null;this.src='https:\/\/soccer.aidatasports.com\/images\/players\/default-player.png';\"><span>Valdemar Byskov<\/span><\/a><\/div>\n<div class=\"player\"><a href=\"https:\/\/soccer.aidatasports.com\/es\/players\/Philip-Billing-2734\"><img decoding=\"async\" src=\"https:\/\/soccer.aidatasports.com\/images\/players\/2734.png\" alt=\"Philip Billing\" onerror=\"this.onerror=null;this.src='https:\/\/soccer.aidatasports.com\/images\/players\/default-player.png';\"><span>Philip Billing<\/span><\/a><\/div>\n<div class=\"player\"><a href=\"https:\/\/soccer.aidatasports.com\/es\/players\/Aral-\u015eim\u015fir-161790\"><img decoding=\"async\" src=\"https:\/\/soccer.aidatasports.com\/images\/players\/161790.png\" alt=\"Aral \u015eim\u015fir\" onerror=\"this.onerror=null;this.src='https:\/\/soccer.aidatasports.com\/images\/players\/default-player.png';\"><span>Aral \u015eim\u015fir<\/span><\/a><\/div>\n<div class=\"player\"><a href=\"https:\/\/soccer.aidatasports.com\/es\/players\/J\u00fanior-Brumado-15810\"><img decoding=\"async\" src=\"https:\/\/soccer.aidatasports.com\/images\/players\/15810.png\" alt=\"J\u00fanior Brumado\" onerror=\"this.onerror=null;this.src='https:\/\/soccer.aidatasports.com\/images\/players\/default-player.png';\"><span>J\u00fanior Brumado<\/span><\/a><\/div>\n<div class=\"player\"><a href=\"https:\/\/soccer.aidatasports.com\/es\/players\/Gue-sung-Cho-34211\"><img decoding=\"async\" src=\"https:\/\/soccer.aidatasports.com\/images\/players\/34211.png\" alt=\"Gue-sung Cho\" onerror=\"this.onerror=null;this.src='https:\/\/soccer.aidatasports.com\/images\/players\/default-player.png';\"><span>Gue-sung Cho<\/span><\/a><\/div>\n<\/div>\n<div>\n<h4>Suplentes:<\/h4>\n<div class=\"player\"><a href=\"https:\/\/soccer.aidatasports.com\/es\/players\/Pedro-Bravo-311432\"><img decoding=\"async\" src=\"https:\/\/soccer.aidatasports.com\/images\/players\/311432.png\" alt=\"Pedro Bravo\" onerror=\"this.onerror=null;this.src='https:\/\/soccer.aidatasports.com\/images\/players\/default-player.png';\"><span>Pedro Bravo<\/span><\/a><\/div>\n<div class=\"player\"><a href=\"https:\/\/soccer.aidatasports.com\/es\/players\/Dar\u00edo-Osorio-307117\"><img decoding=\"async\" src=\"https:\/\/soccer.aidatasports.com\/images\/players\/307117.png\" alt=\"Dar\u00edo Osorio\" onerror=\"this.onerror=null;this.src='https:\/\/soccer.aidatasports.com\/images\/players\/default-player.png';\"><span>Dar\u00edo Osorio<\/span><\/a><\/div>\n<div class=\"player\"><a href=\"https:\/\/soccer.aidatasports.com\/es\/players\/Edward-Chilufya-48056\"><img decoding=\"async\" src=\"https:\/\/soccer.aidatasports.com\/images\/players\/48056.png\" alt=\"Edward Chilufya\" onerror=\"this.onerror=null;this.src='https:\/\/soccer.aidatasports.com\/images\/players\/default-player.png';\"><span>Edward Chilufya<\/span><\/a><\/div>\n<div class=\"player\"><a href=\"https:\/\/soccer.aidatasports.com\/es\/players\/Jonas-L\u00f6ssl-2727\"><img decoding=\"async\" src=\"https:\/\/soccer.aidatasports.com\/images\/players\/2727.png\" alt=\"Jonas L\u00f6ssl\" onerror=\"this.onerror=null;this.src='https:\/\/soccer.aidatasports.com\/images\/players\/default-player.png';\"><span>Jonas L\u00f6ssl<\/span><\/a><\/div>\n<div class=\"player\"><a href=\"https:\/\/soccer.aidatasports.com\/es\/players\/Mark-Nnamdi-Ugboh-374525\"><img decoding=\"async\" src=\"https:\/\/soccer.aidatasports.com\/images\/players\/374525.png\" alt=\"Mark Nnamdi Ugboh\" onerror=\"this.onerror=null;this.src='https:\/\/soccer.aidatasports.com\/images\/players\/default-player.png';\"><span>Mark Nnamdi Ugboh<\/span><\/a><\/div>\n<div class=\"player\"><a href=\"https:\/\/soccer.aidatasports.com\/es\/players\/Ousmane-Diao-404026\"><img decoding=\"async\" src=\"https:\/\/soccer.aidatasports.com\/images\/players\/404026.png\" alt=\"Ousmane Diao\" onerror=\"this.onerror=null;this.src='https:\/\/soccer.aidatasports.com\/images\/players\/default-player.png';\"><span>Ousmane Diao<\/span><\/a><\/div>\n<div class=\"player\"><a href=\"https:\/\/soccer.aidatasports.com\/es\/players\/Bilal-Konteh-421937\"><img decoding=\"async\" src=\"https:\/\/soccer.aidatasports.com\/images\/players\/421937.png\" alt=\"Bilal Konteh\" onerror=\"this.onerror=null;this.src='https:\/\/soccer.aidatasports.com\/images\/players\/default-player.png';\"><span>Bilal Konteh<\/span><\/a><\/div>\n<div class=\"player\"><a href=\"https:\/\/soccer.aidatasports.com\/es\/players\/Kevin-Mbabu-946\"><img decoding=\"async\" src=\"https:\/\/soccer.aidatasports.com\/images\/players\/946.png\" alt=\"Kevin Mbabu\" onerror=\"this.onerror=null;this.src='https:\/\/soccer.aidatasports.com\/images\/players\/default-player.png';\"><span>Kevin Mbabu<\/span><\/a><\/div>\n<div class=\"player\"><a href=\"https:\/\/soccer.aidatasports.com\/es\/players\/Alamara-Djabi-438717\"><img decoding=\"async\" src=\"https:\/\/soccer.aidatasports.com\/images\/players\/438717.png\" alt=\"Alamara Djabi\" onerror=\"this.onerror=null;this.src='https:\/\/soccer.aidatasports.com\/images\/players\/default-player.png';\"><span>Alamara Djabi<\/span><\/a><\/div>\n<div class=\"player\"><a href=\"https:\/\/soccer.aidatasports.com\/es\/players\/Dani-Silva-42007\"><img decoding=\"async\" src=\"https:\/\/soccer.aidatasports.com\/images\/players\/42007.png\" alt=\"Dani Silva\" onerror=\"this.onerror=null;this.src='https:\/\/soccer.aidatasports.com\/images\/players\/default-player.png';\"><span>Dani Silva<\/span><\/a><\/div>\n<div class=\"player\"><a href=\"https:\/\/soccer.aidatasports.com\/es\/players\/Malik-Pimpong-585850\"><img decoding=\"async\" src=\"https:\/\/soccer.aidatasports.com\/images\/players\/585850.png\" alt=\"Malik Pimpong\" onerror=\"this.onerror=null;this.src='https:\/\/soccer.aidatasports.com\/images\/players\/default-player.png';\"><span>Malik Pimpong<\/span><\/a><\/div>\n<\/div>\n<\/div>\n<\/div>\n<\/div>\n<div id=\"wg-api-football-game\"\n                    data-host=\"xxxxx\"\n                    data-key=\"xxxx\"\n                    data-id=\"1451271\"\n                    data-theme=\"\"\n                    data-refresh=\"15\"\n                    data-show-errors=\"false\"\n                    data-show-logos=\"true\"><br \/>\n                    class=\u00bbwg_loader\u00bb>\n                <\/div>\n<div id=\"wg-api-football-standings\"\n                    data-host=\"xxxx\"\n                    data-key=\"ddddd\"\n                    data-league=\"3\"\n                    data-team=\"\"\n                    data-season=\"2025\"\n                    data-theme=\"\"\n                    data-show-errors=\"false\"\n                    data-show-logos=\"true\"\n                    class=\"wg_loader\">\n                <\/div>\n<p>                <script\n                    type=\"module\"\n                    src=\"https:\/\/soccer.aidatasports.com\/wp-content\/customjs\/widgetslocal.js\">\n                <\/script><\/p>\n","protected":false},"excerpt":{"rendered":"<p>Espa\u00f1ol: Emocionante empate entre Brann y FC Midtjylland en la Europa League Bergen fue testigo&hellip;<\/p>\n","protected":false},"author":1,"featured_media":154999,"comment_status":"open","ping_status":"open","sticky":false,"template":"","format":"standard","meta":{"content-type":"","_lmt_disableupdate":"","_lmt_disable":"","_league":15837,"_fixture":1451271,"penci_pfeatured_image_ratio":"","penci_single_style":"","footnotes":""},"categories":[15837],"tags":[437,511],"class_list":["post-155000","post","type-post","status-publish","format-standard","has-post-thumbnail","hentry","category-matches","tag-brann-norway-319","tag-fc-midtjylland-denmark-397"],"_links":{"self":[{"href":"https:\/\/soccer.aidatasports.com\/es\/wp-json\/wp\/v2\/posts\/155000"}],"collection":[{"href":"https:\/\/soccer.aidatasports.com\/es\/wp-json\/wp\/v2\/posts"}],"about":[{"href":"https:\/\/soccer.aidatasports.com\/es\/wp-json\/wp\/v2\/types\/post"}],"author":[{"embeddable":true,"href":"https:\/\/soccer.aidatasports.com\/es\/wp-json\/wp\/v2\/users\/1"}],"replies":[{"embeddable":true,"href":"https:\/\/soccer.aidatasports.com\/es\/wp-json\/wp\/v2\/comments?post=155000"}],"version-history":[{"count":0,"href":"https:\/\/soccer.aidatasports.com\/es\/wp-json\/wp\/v2\/posts\/155000\/revisions"}],"wp:featuredmedia":[{"embeddable":true,"href":"https:\/\/soccer.aidatasports.com\/es\/wp-json\/wp\/v2\/media\/154999"}],"wp:attachment":[{"href":"https:\/\/soccer.aidatasports.com\/es\/wp-json\/wp\/v2\/media?parent=155000"}],"wp:term":[{"taxonomy":"category","embeddable":true,"href":"https:\/\/soccer.aidatasports.com\/es\/wp-json\/wp\/v2\/categories?post=155000"},{"taxonomy":"post_tag","embeddable":true,"href":"https:\/\/soccer.aidatasports.com\/es\/wp-json\/wp\/v2\/tags?post=155000"}],"curies":[{"name":"wp","href":"https:\/\/api.w.org\/{rel}","templated":true}]}}