{"id":152459,"date":"2025-12-21T13:20:28","date_gmt":"2025-12-21T13:20:28","guid":{"rendered":"https:\/\/soccer.aidatasports.com\/es\/uncategorized\/den-bosch-vs-vitesse-dec-21-2025-1115-utc\/"},"modified":"2025-12-21T13:20:28","modified_gmt":"2025-12-21T13:20:28","slug":"den-bosch-vs-vitesse-dec-21-2025-1115-utc","status":"publish","type":"post","link":"https:\/\/soccer.aidatasports.com\/es\/matches\/den-bosch-vs-vitesse-dec-21-2025-1115-utc\/","title":{"rendered":"Den Bosch vs Vitesse Dec 21 2025 11:15 UTC"},"content":{"rendered":"<p><strong>En Espa\u00f1ol:<\/strong><\/p>\n<p><strong>Den Bosch se Impone con Contundencia en un Partido Cargado de Tensi\u00f3n<\/strong><\/p>\n<p>&#8216;s-Hertogenbosch, Pa\u00edses Bajos &#8211; En un encuentro disputado en el estadio De Vliert, el Den Bosch logr\u00f3 una victoria clave sobre el Vitesse en la jornada 21 de la Eerste Divisie. El partido, jugado el 21 de diciembre de 2025, se caracteriz\u00f3 por una alta intensidad y numerosas amonestaciones, reflejo de la tensi\u00f3n palpable en el terreno de juego.<\/p>\n<p>K. Monzialo fue la figura destacada del encuentro al anotar dos goles para el Den Bosch en los minutos 17 y 22, respectivamente, otorgando una ventaja temprana que el equipo local supo mantener.<\/p>\n<p>Si bien el Vitesse domin\u00f3 la posesi\u00f3n del bal\u00f3n con un 58%, no logr\u00f3 traducir este dominio en oportunidades claras de gol. De los 13 tiros realizados, solo 4 fueron a puerta. En contraste, el Den Bosch, con un 42% de posesi\u00f3n, fue m\u00e1s efectivo al convertir dos de sus seis tiros a puerta.<\/p>\n<p>El \u00e1rbitro se vio obligado a mostrar un total de diez tarjetas amarillas, cuatro para el Den Bosch y seis para el Vitesse, lo que evidencia la disputa constante por el bal\u00f3n y la intensidad del encuentro. El partido concluy\u00f3 con la victoria del Den Bosch, que suma tres puntos importantes en su b\u00fasqueda por ascender en la tabla de posiciones.<\/p>\n<p>Sustituciones en el equipo de vitesse: en el minuto 46 ingres\u00f3 V. Zumberi y sali\u00f3 M. Steffen, en el minuto 46 ingres\u00f3 N. Zonneveld y sali\u00f3 R. Schwarz, en el minuto 59 ingres\u00f3 M. Marschalk y sali\u00f3 E. Huth, en el minuto 59 ingres\u00f3 D. Hoogewerf y sali\u00f3 Y. Ranon, en el minuto 88 ingres\u00f3 O. Achouitar y sali\u00f3 N. Bannis <\/p>\n<p>Sustituciones en el equipo de den bosch: en el minuto 65 ingres\u00f3 I. Boumassaoudi y sali\u00f3 S. Karlsson Grach, en el minuto 70 ingres\u00f3 K. Monzialo y sali\u00f3 B. Wang, en el minuto 70 ingres\u00f3 E. Semedo y sali\u00f3 D. Verbeek, en el minuto 88 ingres\u00f3 T. van Leeuwen y sali\u00f3 Z. el Bakkali <\/p>\n<p>Los equipos alinearon de la siguiente manera:<\/p>\n<div class=\"lineups-container\">\n<style>\n                .lineups-container {\n                    display: flex;\n                    justify-content: space-around;\n                    flex-wrap: wrap;\n                }\n                .team-lineup {\n                    width: 49%;\n                    margin-bottom: 20px;\n                    border: 1px solid #ccc;\n                    padding: 5px;\n                }\n                .team-lineup h3 {\n                    text-align: center;\n                    margin-bottom: 10px;\n                }\n                .players-container {\n                    display: flex;\n                    justify-content: space-between;\n                }\n                .players-container div {\n                    width: 100%;\n                }\n                .player {\n                    display: flex;\n                    align-items: center;\n                    margin-bottom: 5px;\n                }\n                .player img {\n                    width: 30px;\n                    height: 30px;\n                    border-radius: 50%;\n                    margin-right: 10px;\n                }\n                    @media (max-width: 600px) {\n                    .team-lineup {\n                        width: 100%;\n                    }\n                }\n                <\/style>\n<div class=\"team-lineup\">\n<h3>Den Bosch<\/h3>\n<p><img decoding=\"async\" src=\"https:\/\/media.api-sports.io\/football\/teams\/421.png\" alt=\"Den Bosch\" style=\"width: 50px; height: 50px;\"><\/p>\n<div class=\"players-container\">\n<div>\n<h4>Titulares:<\/h4>\n<div class=\"player\"><a href=\"https:\/\/soccer.aidatasports.com\/es\/players\/Pepijn-van-de-Merbel-290538\"><img decoding=\"async\" src=\"https:\/\/soccer.aidatasports.com\/images\/players\/290538.png\" alt=\"Pepijn van de Merbel\" onerror=\"this.onerror=null;this.src='https:\/\/soccer.aidatasports.com\/images\/players\/default-player.png';\"><span>Pepijn van de Merbel<\/span><\/a><\/div>\n<div class=\"player\"><a href=\"https:\/\/soccer.aidatasports.com\/es\/players\/Jeffrey-Fortes-37885\"><img decoding=\"async\" src=\"https:\/\/soccer.aidatasports.com\/images\/players\/37885.png\" alt=\"Jeffrey Fortes\" onerror=\"this.onerror=null;this.src='https:\/\/soccer.aidatasports.com\/images\/players\/default-player.png';\"><span>Jeffrey Fortes<\/span><\/a><\/div>\n<div class=\"player\"><a href=\"https:\/\/soccer.aidatasports.com\/es\/players\/Stan-Maas-280673\"><img decoding=\"async\" src=\"https:\/\/soccer.aidatasports.com\/images\/players\/280673.png\" alt=\"Stan Maas\" onerror=\"this.onerror=null;this.src='https:\/\/soccer.aidatasports.com\/images\/players\/default-player.png';\"><span>Stan Maas<\/span><\/a><\/div>\n<div class=\"player\"><a href=\"https:\/\/soccer.aidatasports.com\/es\/players\/Reda-Akmum-92972\"><img decoding=\"async\" src=\"https:\/\/soccer.aidatasports.com\/images\/players\/92972.png\" alt=\"Reda Akmum\" onerror=\"this.onerror=null;this.src='https:\/\/soccer.aidatasports.com\/images\/players\/default-player.png';\"><span>Reda Akmum<\/span><\/a><\/div>\n<div class=\"player\"><a href=\"https:\/\/soccer.aidatasports.com\/es\/players\/Nick-de-Groot-325797\"><img decoding=\"async\" src=\"https:\/\/soccer.aidatasports.com\/images\/players\/325797.png\" alt=\"Nick de Groot\" onerror=\"this.onerror=null;this.src='https:\/\/soccer.aidatasports.com\/images\/players\/default-player.png';\"><span>Nick de Groot<\/span><\/a><\/div>\n<div class=\"player\"><a href=\"https:\/\/soccer.aidatasports.com\/es\/players\/Thijs-van-Leeuwen-272725\"><img decoding=\"async\" src=\"https:\/\/soccer.aidatasports.com\/images\/players\/272725.png\" alt=\"Thijs van Leeuwen\" onerror=\"this.onerror=null;this.src='https:\/\/soccer.aidatasports.com\/images\/players\/default-player.png';\"><span>Thijs van Leeuwen<\/span><\/a><\/div>\n<div class=\"player\"><a href=\"https:\/\/soccer.aidatasports.com\/es\/players\/Kevin-Felida-37461\"><img decoding=\"async\" src=\"https:\/\/soccer.aidatasports.com\/images\/players\/37461.png\" alt=\"Kevin Felida\" onerror=\"this.onerror=null;this.src='https:\/\/soccer.aidatasports.com\/images\/players\/default-player.png';\"><span>Kevin Felida<\/span><\/a><\/div>\n<div class=\"player\"><a href=\"https:\/\/soccer.aidatasports.com\/es\/players\/Mees-Laros-425822\"><img decoding=\"async\" src=\"https:\/\/soccer.aidatasports.com\/images\/players\/425822.png\" alt=\"Mees Laros\" onerror=\"this.onerror=null;this.src='https:\/\/soccer.aidatasports.com\/images\/players\/default-player.png';\"><span>Mees Laros<\/span><\/a><\/div>\n<div class=\"player\"><a href=\"https:\/\/soccer.aidatasports.com\/es\/players\/Emian-Johar-Semedo-405381\"><img decoding=\"async\" src=\"https:\/\/soccer.aidatasports.com\/images\/players\/405381.png\" alt=\"Emian-Johar Semedo\" onerror=\"this.onerror=null;this.src='https:\/\/soccer.aidatasports.com\/images\/players\/default-player.png';\"><span>Emian-Johar Semedo<\/span><\/a><\/div>\n<div class=\"player\"><a href=\"https:\/\/soccer.aidatasports.com\/es\/players\/K\u00e9vin-Monzialo-56299\"><img decoding=\"async\" src=\"https:\/\/soccer.aidatasports.com\/images\/players\/56299.png\" alt=\"K\u00e9vin Monzialo\" onerror=\"this.onerror=null;this.src='https:\/\/soccer.aidatasports.com\/images\/players\/default-player.png';\"><span>K\u00e9vin Monzialo<\/span><\/a><\/div>\n<div class=\"player\"><a href=\"https:\/\/soccer.aidatasports.com\/es\/players\/Ilias-Boumassaoudi-418578\"><img decoding=\"async\" src=\"https:\/\/soccer.aidatasports.com\/images\/players\/418578.png\" alt=\"Ilias Boumassaoudi\" onerror=\"this.onerror=null;this.src='https:\/\/soccer.aidatasports.com\/images\/players\/default-player.png';\"><span>Ilias Boumassaoudi<\/span><\/a><\/div>\n<\/div>\n<div>\n<h4>Suplentes:<\/h4>\n<div class=\"player\"><a href=\"https:\/\/soccer.aidatasports.com\/es\/players\/Sebastian-Karlsson-Grach-304163\"><img decoding=\"async\" src=\"https:\/\/soccer.aidatasports.com\/images\/players\/304163.png\" alt=\"Sebastian Karlsson Grach\" onerror=\"this.onerror=null;this.src='https:\/\/soccer.aidatasports.com\/images\/players\/default-player.png';\"><span>Sebastian Karlsson Grach<\/span><\/a><\/div>\n<div class=\"player\"><a href=\"https:\/\/soccer.aidatasports.com\/es\/players\/Danny-Verbeek-37472\"><img decoding=\"async\" src=\"https:\/\/soccer.aidatasports.com\/images\/players\/37472.png\" alt=\"Danny Verbeek\" onerror=\"this.onerror=null;this.src='https:\/\/soccer.aidatasports.com\/images\/players\/default-player.png';\"><span>Danny Verbeek<\/span><\/a><\/div>\n<div class=\"player\"><a href=\"https:\/\/soccer.aidatasports.com\/es\/players\/Bohao-Wang-427645\"><img decoding=\"async\" src=\"https:\/\/soccer.aidatasports.com\/images\/players\/427645.png\" alt=\"Bohao Wang\" onerror=\"this.onerror=null;this.src='https:\/\/soccer.aidatasports.com\/images\/players\/default-player.png';\"><span>Bohao Wang<\/span><\/a><\/div>\n<div class=\"player\"><a href=\"https:\/\/soccer.aidatasports.com\/es\/players\/Zaid-el-Bakkali-480301\"><img decoding=\"async\" src=\"https:\/\/soccer.aidatasports.com\/images\/players\/480301.png\" alt=\"Zaid el Bakkali\" onerror=\"this.onerror=null;this.src='https:\/\/soccer.aidatasports.com\/images\/players\/default-player.png';\"><span>Zaid el Bakkali<\/span><\/a><\/div>\n<div class=\"player\"><a href=\"https:\/\/soccer.aidatasports.com\/es\/players\/Bart-van-Dee-627223\"><img decoding=\"async\" src=\"https:\/\/soccer.aidatasports.com\/images\/players\/627223.png\" alt=\"Bart van Dee\" onerror=\"this.onerror=null;this.src='https:\/\/soccer.aidatasports.com\/images\/players\/default-player.png';\"><span>Bart van Dee<\/span><\/a><\/div>\n<div class=\"player\"><a href=\"https:\/\/soccer.aidatasports.com\/es\/players\/Daequone-Toussaint-628655\"><img decoding=\"async\" src=\"https:\/\/soccer.aidatasports.com\/images\/players\/628655.png\" alt=\"Daequone Toussaint\" onerror=\"this.onerror=null;this.src='https:\/\/soccer.aidatasports.com\/images\/players\/default-player.png';\"><span>Daequone Toussaint<\/span><\/a><\/div>\n<div class=\"player\"><a href=\"https:\/\/soccer.aidatasports.com\/es\/players\/Damian-van-Dijk-458680\"><img decoding=\"async\" src=\"https:\/\/soccer.aidatasports.com\/images\/players\/458680.png\" alt=\"Damian van Dijk\" onerror=\"this.onerror=null;this.src='https:\/\/soccer.aidatasports.com\/images\/players\/default-player.png';\"><span>Damian van Dijk<\/span><\/a><\/div>\n<div class=\"player\"><a href=\"https:\/\/soccer.aidatasports.com\/es\/players\/Amine--Boushaba-444254\"><img decoding=\"async\" src=\"https:\/\/soccer.aidatasports.com\/images\/players\/444254.png\" alt=\"Amine  Boushaba\" onerror=\"this.onerror=null;this.src='https:\/\/soccer.aidatasports.com\/images\/players\/default-player.png';\"><span>Amine  Boushaba<\/span><\/a><\/div>\n<div class=\"player\"><a href=\"https:\/\/soccer.aidatasports.com\/es\/players\/Jack-De-Vries-102402\"><img decoding=\"async\" src=\"https:\/\/soccer.aidatasports.com\/images\/players\/102402.png\" alt=\"Jack De Vries\" onerror=\"this.onerror=null;this.src='https:\/\/soccer.aidatasports.com\/images\/players\/default-player.png';\"><span>Jack De Vries<\/span><\/a><\/div>\n<div class=\"player\"><a href=\"https:\/\/soccer.aidatasports.com\/es\/players\/Denzel-Kuijpers-425910\"><img decoding=\"async\" src=\"https:\/\/soccer.aidatasports.com\/images\/players\/425910.png\" alt=\"Denzel Kuijpers\" onerror=\"this.onerror=null;this.src='https:\/\/soccer.aidatasports.com\/images\/players\/default-player.png';\"><span>Denzel Kuijpers<\/span><\/a><\/div>\n<\/div>\n<\/div>\n<\/div>\n<div class=\"team-lineup\">\n<h3>Vitesse<\/h3>\n<p><img decoding=\"async\" src=\"https:\/\/media.api-sports.io\/football\/teams\/200.png\" alt=\"Vitesse\" style=\"width: 50px; height: 50px;\"><\/p>\n<div class=\"players-container\">\n<div>\n<h4>Titulares:<\/h4>\n<div class=\"player\"><a href=\"https:\/\/soccer.aidatasports.com\/es\/players\/Connor-van-den-Berg-129043\"><img decoding=\"async\" src=\"https:\/\/soccer.aidatasports.com\/images\/players\/129043.png\" alt=\"Connor van den Berg\" onerror=\"this.onerror=null;this.src='https:\/\/soccer.aidatasports.com\/images\/players\/default-player.png';\"><span>Connor van den Berg<\/span><\/a><\/div>\n<div class=\"player\"><a href=\"https:\/\/soccer.aidatasports.com\/es\/players\/Nathan-Markelo-138847\"><img decoding=\"async\" src=\"https:\/\/soccer.aidatasports.com\/images\/players\/138847.png\" alt=\"Nathan Markelo\" onerror=\"this.onerror=null;this.src='https:\/\/soccer.aidatasports.com\/images\/players\/default-player.png';\"><span>Nathan Markelo<\/span><\/a><\/div>\n<div class=\"player\"><a href=\"https:\/\/soccer.aidatasports.com\/es\/players\/Valon-Zumberi-202561\"><img decoding=\"async\" src=\"https:\/\/soccer.aidatasports.com\/images\/players\/202561.png\" alt=\"Valon Zumberi\" onerror=\"this.onerror=null;this.src='https:\/\/soccer.aidatasports.com\/images\/players\/default-player.png';\"><span>Valon Zumberi<\/span><\/a><\/div>\n<div class=\"player\"><a href=\"https:\/\/soccer.aidatasports.com\/es\/players\/Omar-Achouitar-323040\"><img decoding=\"async\" src=\"https:\/\/soccer.aidatasports.com\/images\/players\/323040.png\" alt=\"Omar Achouitar\" onerror=\"this.onerror=null;this.src='https:\/\/soccer.aidatasports.com\/images\/players\/default-player.png';\"><span>Omar Achouitar<\/span><\/a><\/div>\n<div class=\"player\"><a href=\"https:\/\/soccer.aidatasports.com\/es\/players\/Alexander-B\u00fcttner-37114\"><img decoding=\"async\" src=\"https:\/\/soccer.aidatasports.com\/images\/players\/37114.png\" alt=\"Alexander B\u00fcttner\" onerror=\"this.onerror=null;this.src='https:\/\/soccer.aidatasports.com\/images\/players\/default-player.png';\"><span>Alexander B\u00fcttner<\/span><\/a><\/div>\n<div class=\"player\"><a href=\"https:\/\/soccer.aidatasports.com\/es\/players\/Marco-Schikora-125273\"><img decoding=\"async\" src=\"https:\/\/soccer.aidatasports.com\/images\/players\/125273.png\" alt=\"Marco Schikora\" onerror=\"this.onerror=null;this.src='https:\/\/soccer.aidatasports.com\/images\/players\/default-player.png';\"><span>Marco Schikora<\/span><\/a><\/div>\n<div class=\"player\"><a href=\"https:\/\/soccer.aidatasports.com\/es\/players\/Mathijs-Marschalk-511605\"><img decoding=\"async\" src=\"https:\/\/soccer.aidatasports.com\/images\/players\/511605.png\" alt=\"Mathijs Marschalk\" onerror=\"this.onerror=null;this.src='https:\/\/soccer.aidatasports.com\/images\/players\/default-player.png';\"><span>Mathijs Marschalk<\/span><\/a><\/div>\n<div class=\"player\"><a href=\"https:\/\/soccer.aidatasports.com\/es\/players\/Nino-Zonneveld-502437\"><img decoding=\"async\" src=\"https:\/\/soccer.aidatasports.com\/images\/players\/502437.png\" alt=\"Nino Zonneveld\" onerror=\"this.onerror=null;this.src='https:\/\/soccer.aidatasports.com\/images\/players\/default-player.png';\"><span>Nino Zonneveld<\/span><\/a><\/div>\n<div class=\"player\"><a href=\"https:\/\/soccer.aidatasports.com\/es\/players\/Adam-Tahaui-480306\"><img decoding=\"async\" src=\"https:\/\/soccer.aidatasports.com\/images\/players\/480306.png\" alt=\"Adam Tahaui\" onerror=\"this.onerror=null;this.src='https:\/\/soccer.aidatasports.com\/images\/players\/default-player.png';\"><span>Adam Tahaui<\/span><\/a><\/div>\n<div class=\"player\"><a href=\"https:\/\/soccer.aidatasports.com\/es\/players\/Dillon-Hoogerwerf-153432\"><img decoding=\"async\" src=\"https:\/\/soccer.aidatasports.com\/images\/players\/153432.png\" alt=\"Dillon Hoogerwerf\" onerror=\"this.onerror=null;this.src='https:\/\/soccer.aidatasports.com\/images\/players\/default-player.png';\"><span>Dillon Hoogerwerf<\/span><\/a><\/div>\n<div class=\"player\"><a href=\"https:\/\/soccer.aidatasports.com\/es\/players\/Jo\u00e3o-Pinto-551189\"><img decoding=\"async\" src=\"https:\/\/soccer.aidatasports.com\/images\/players\/551189.png\" alt=\"Jo\u00e3o Pinto\" onerror=\"this.onerror=null;this.src='https:\/\/soccer.aidatasports.com\/images\/players\/default-player.png';\"><span>Jo\u00e3o Pinto<\/span><\/a><\/div>\n<\/div>\n<div>\n<h4>Suplentes:<\/h4>\n<div class=\"player\"><a href=\"https:\/\/soccer.aidatasports.com\/es\/players\/Marcus-Steffen-359522\"><img decoding=\"async\" src=\"https:\/\/soccer.aidatasports.com\/images\/players\/359522.png\" alt=\"Marcus Steffen\" onerror=\"this.onerror=null;this.src='https:\/\/soccer.aidatasports.com\/images\/players\/default-player.png';\"><span>Marcus Steffen<\/span><\/a><\/div>\n<div class=\"player\"><a href=\"https:\/\/soccer.aidatasports.com\/es\/players\/Ricardo-Felipe-Schwarz-329567\"><img decoding=\"async\" src=\"https:\/\/soccer.aidatasports.com\/images\/players\/329567.png\" alt=\"Ricardo-Felipe Schwarz\" onerror=\"this.onerror=null;this.src='https:\/\/soccer.aidatasports.com\/images\/players\/default-player.png';\"><span>Ricardo-Felipe Schwarz<\/span><\/a><\/div>\n<div class=\"player\"><a href=\"https:\/\/soccer.aidatasports.com\/es\/players\/Yuval-Ranon-395780\"><img decoding=\"async\" src=\"https:\/\/soccer.aidatasports.com\/images\/players\/395780.png\" alt=\"Yuval Ranon\" onerror=\"this.onerror=null;this.src='https:\/\/soccer.aidatasports.com\/images\/players\/default-player.png';\"><span>Yuval Ranon<\/span><\/a><\/div>\n<div class=\"player\"><a href=\"https:\/\/soccer.aidatasports.com\/es\/players\/Elias-Huth-25824\"><img decoding=\"async\" src=\"https:\/\/soccer.aidatasports.com\/images\/players\/25824.png\" alt=\"Elias Huth\" onerror=\"this.onerror=null;this.src='https:\/\/soccer.aidatasports.com\/images\/players\/default-player.png';\"><span>Elias Huth<\/span><\/a><\/div>\n<div class=\"player\"><a href=\"https:\/\/soccer.aidatasports.com\/es\/players\/Jayden-Siecker-511604\"><img decoding=\"async\" src=\"https:\/\/soccer.aidatasports.com\/images\/players\/511604.png\" alt=\"Jayden Siecker\" onerror=\"this.onerror=null;this.src='https:\/\/soccer.aidatasports.com\/images\/players\/default-player.png';\"><span>Jayden Siecker<\/span><\/a><\/div>\n<div class=\"player\"><a href=\"https:\/\/soccer.aidatasports.com\/es\/players\/Maximilian-Br\u00fcll-178407\"><img decoding=\"async\" src=\"https:\/\/soccer.aidatasports.com\/images\/players\/178407.png\" alt=\"Maximilian Br\u00fcll\" onerror=\"this.onerror=null;this.src='https:\/\/soccer.aidatasports.com\/images\/players\/default-player.png';\"><span>Maximilian Br\u00fcll<\/span><\/a><\/div>\n<div class=\"player\"><a href=\"https:\/\/soccer.aidatasports.com\/es\/players\/Xiamaro-Thenu-480308\"><img decoding=\"async\" src=\"https:\/\/soccer.aidatasports.com\/images\/players\/480308.png\" alt=\"Xiamaro Thenu\" onerror=\"this.onerror=null;this.src='https:\/\/soccer.aidatasports.com\/images\/players\/default-player.png';\"><span>Xiamaro Thenu<\/span><\/a><\/div>\n<div class=\"player\"><a href=\"https:\/\/soccer.aidatasports.com\/es\/players\/Michel-Driezen-406709\"><img decoding=\"async\" src=\"https:\/\/soccer.aidatasports.com\/images\/players\/406709.png\" alt=\"Michel Driezen\" onerror=\"this.onerror=null;this.src='https:\/\/soccer.aidatasports.com\/images\/players\/default-player.png';\"><span>Michel Driezen<\/span><\/a><\/div>\n<div class=\"player\"><a href=\"https:\/\/soccer.aidatasports.com\/es\/players\/Youssef-Ouallil-471728\"><img decoding=\"async\" src=\"https:\/\/soccer.aidatasports.com\/images\/players\/471728.png\" alt=\"Youssef Ouallil\" onerror=\"this.onerror=null;this.src='https:\/\/soccer.aidatasports.com\/images\/players\/default-player.png';\"><span>Youssef Ouallil<\/span><\/a><\/div>\n<div class=\"player\"><a href=\"https:\/\/soccer.aidatasports.com\/es\/players\/Moustafa-Ashraf-Moustafa-324749\"><img decoding=\"async\" src=\"https:\/\/soccer.aidatasports.com\/images\/players\/324749.png\" alt=\"Moustafa Ashraf Moustafa\" onerror=\"this.onerror=null;this.src='https:\/\/soccer.aidatasports.com\/images\/players\/default-player.png';\"><span>Moustafa Ashraf Moustafa<\/span><\/a><\/div>\n<div class=\"player\"><a href=\"https:\/\/soccer.aidatasports.com\/es\/players\/Solomon-Bonnah-162116\"><img decoding=\"async\" src=\"https:\/\/soccer.aidatasports.com\/images\/players\/162116.png\" alt=\"Solomon Bonnah\" onerror=\"this.onerror=null;this.src='https:\/\/soccer.aidatasports.com\/images\/players\/default-player.png';\"><span>Solomon Bonnah<\/span><\/a><\/div>\n<div class=\"player\"><a href=\"https:\/\/soccer.aidatasports.com\/es\/players\/Naoufal-Bannis-37159\"><img decoding=\"async\" src=\"https:\/\/soccer.aidatasports.com\/images\/players\/37159.png\" alt=\"Naoufal Bannis\" onerror=\"this.onerror=null;this.src='https:\/\/soccer.aidatasports.com\/images\/players\/default-player.png';\"><span>Naoufal Bannis<\/span><\/a><\/div>\n<\/div>\n<\/div>\n<\/div>\n<\/div>\n<div id=\"wg-api-football-game\"\n                    data-host=\"xxxxx\"\n                    data-key=\"xxxx\"\n                    data-id=\"1468990\"\n                    data-theme=\"\"\n                    data-refresh=\"15\"\n                    data-show-errors=\"false\"\n                    data-show-logos=\"true\"><br \/>\n                    class=\u00bbwg_loader\u00bb>\n                <\/div>\n<div id=\"wg-api-football-standings\"\n                    data-host=\"xxxx\"\n                    data-key=\"ddddd\"\n                    data-league=\"89\"\n                    data-team=\"\"\n                    data-season=\"2025\"\n                    data-theme=\"\"\n                    data-show-errors=\"false\"\n                    data-show-logos=\"true\"\n                    class=\"wg_loader\">\n                <\/div>\n<p>                <script\n                    type=\"module\"\n                    src=\"https:\/\/soccer.aidatasports.com\/wp-content\/customjs\/widgetslocal.js\">\n                <\/script><\/p>\n","protected":false},"excerpt":{"rendered":"<p>En Espa\u00f1ol: Den Bosch se Impone con Contundencia en un Partido Cargado de Tensi\u00f3n &#8216;s-Hertogenbosch,&hellip;<\/p>\n","protected":false},"author":1,"featured_media":152458,"comment_status":"open","ping_status":"open","sticky":false,"template":"","format":"standard","meta":{"content-type":"","_lmt_disableupdate":"","_lmt_disable":"","_league":15837,"_fixture":1468990,"penci_pfeatured_image_ratio":"","penci_single_style":"","footnotes":""},"categories":[15837],"tags":[535,323],"class_list":["post-152459","post","type-post","status-publish","format-standard","has-post-thumbnail","hentry","category-matches","tag-den-bosch-netherlands-421","tag-vitesse-netherlands-200"],"_links":{"self":[{"href":"https:\/\/soccer.aidatasports.com\/es\/wp-json\/wp\/v2\/posts\/152459"}],"collection":[{"href":"https:\/\/soccer.aidatasports.com\/es\/wp-json\/wp\/v2\/posts"}],"about":[{"href":"https:\/\/soccer.aidatasports.com\/es\/wp-json\/wp\/v2\/types\/post"}],"author":[{"embeddable":true,"href":"https:\/\/soccer.aidatasports.com\/es\/wp-json\/wp\/v2\/users\/1"}],"replies":[{"embeddable":true,"href":"https:\/\/soccer.aidatasports.com\/es\/wp-json\/wp\/v2\/comments?post=152459"}],"version-history":[{"count":0,"href":"https:\/\/soccer.aidatasports.com\/es\/wp-json\/wp\/v2\/posts\/152459\/revisions"}],"wp:featuredmedia":[{"embeddable":true,"href":"https:\/\/soccer.aidatasports.com\/es\/wp-json\/wp\/v2\/media\/152458"}],"wp:attachment":[{"href":"https:\/\/soccer.aidatasports.com\/es\/wp-json\/wp\/v2\/media?parent=152459"}],"wp:term":[{"taxonomy":"category","embeddable":true,"href":"https:\/\/soccer.aidatasports.com\/es\/wp-json\/wp\/v2\/categories?post=152459"},{"taxonomy":"post_tag","embeddable":true,"href":"https:\/\/soccer.aidatasports.com\/es\/wp-json\/wp\/v2\/tags?post=152459"}],"curies":[{"name":"wp","href":"https:\/\/api.w.org\/{rel}","templated":true}]}}