{"id":152239,"date":"2025-12-20T00:30:43","date_gmt":"2025-12-20T00:30:43","guid":{"rendered":"https:\/\/soccer.aidatasports.com\/es\/uncategorized\/estoril-vs-sc-braga-dec-19-2025-2015-utc\/"},"modified":"2025-12-20T00:30:43","modified_gmt":"2025-12-20T00:30:43","slug":"estoril-vs-sc-braga-dec-19-2025-2015-utc","status":"publish","type":"post","link":"https:\/\/soccer.aidatasports.com\/es\/matches\/estoril-vs-sc-braga-dec-19-2025-2015-utc\/","title":{"rendered":"Estoril vs SC Braga Dec 19 2025 20:15 UTC"},"content":{"rendered":"<p><strong>Espa\u00f1ol<\/strong><\/p>\n<p><strong>Estoril sorprende al SC Braga en casa con un triunfo ajustado<\/strong><\/p>\n<p>Estoril, Portugal \u2013 En un encuentro disputado en el Est\u00e1dio Ant\u00f3nio Coimbra da Mota, el Estoril Praia se llev\u00f3 la victoria ante el SC Braga en un partido marcado por la intensidad y la lucha constante. A pesar de una posesi\u00f3n de bal\u00f3n ampliamente favorable al SC Braga (68% contra 32%), fue el Estoril quien logr\u00f3 materializar una de sus oportunidades.<\/p>\n<p>El partido, correspondiente a la jornada 15 de la Primeira Liga, temporada 2025, vio su primer momento clave al minuto 41 cuando Jandro del Estoril recibi\u00f3 una tarjeta amarilla. Poco despu\u00e9s, al minuto 43, A. Lacximicant del Estoril anot\u00f3 el \u00fanico gol del partido, con asistencia de P. Amaral, desatando la euforia en la afici\u00f3n local.<\/p>\n<p>La segunda mitad estuvo cargada de tensi\u00f3n y amonestaciones. P. Victor del SC Braga vio la tarjeta amarilla al minuto 62. En los minutos finales, el \u00e1rbitro David Rafael Oliveira da Silva, de Portugal, mostr\u00f3 varias tarjetas amarillas: a R. Sanchez del Estoril al 78&#8242;, a T. Parente del Estoril al 82&#8242;, y en el tiempo de descuento a F. Grillitsch del SC Braga, as\u00ed como a F. Garcia y A. Tsoungui del Estoril.<\/p>\n<p>A pesar de contar con menos posesi\u00f3n y tiros totales (13 del Estoril contra 12 del SC Braga), el Estoril demostr\u00f3 efectividad de cara al arco, con 7 de sus tiros dirigidos a puerta. El SC Braga, aunque dominante en posesi\u00f3n, no logr\u00f3 traducir esa superioridad en goles. El encuentro finaliz\u00f3 con victoria para el Estoril, sumando tres puntos valiosos en su b\u00fasqueda por escalar posiciones en la tabla.<\/p>\n<p>Sustituciones en el equipo de sc braga: en el minuto 61 ingres\u00f3 D. Rodrigues y sali\u00f3 R. Horta, en el minuto 61 ingres\u00f3 Vitor Carvalho y sali\u00f3 M. Dorgeles, en el minuto 73 ingres\u00f3 G. Martinez y sali\u00f3 F. Navarro, en el minuto 73 ingres\u00f3 Gorby y sali\u00f3 F. Grillitsch, en el minuto 83 ingres\u00f3 J. Moutinho y sali\u00f3 L. Lelo <\/p>\n<p>Sustituciones en el equipo de estoril: en el minuto 62 ingres\u00f3 R. Guitane y sali\u00f3 Ferro, en el minuto 71 ingres\u00f3 Jandro y sali\u00f3 N. Lominadze, en el minuto 71 ingres\u00f3 P. Amaral y sali\u00f3 T. Parente, en el minuto 78 ingres\u00f3 A. Lacximicant y sali\u00f3 F. Garcia, en el minuto 78 ingres\u00f3 R. Sanchez y sali\u00f3 A. Tsoungui <\/p>\n<p>Los equipos alinearon de la siguiente manera:<\/p>\n<div class=\"lineups-container\">\n<style>\n                .lineups-container {\n                    display: flex;\n                    justify-content: space-around;\n                    flex-wrap: wrap;\n                }\n                .team-lineup {\n                    width: 49%;\n                    margin-bottom: 20px;\n                    border: 1px solid #ccc;\n                    padding: 5px;\n                }\n                .team-lineup h3 {\n                    text-align: center;\n                    margin-bottom: 10px;\n                }\n                .players-container {\n                    display: flex;\n                    justify-content: space-between;\n                }\n                .players-container div {\n                    width: 100%;\n                }\n                .player {\n                    display: flex;\n                    align-items: center;\n                    margin-bottom: 5px;\n                }\n                .player img {\n                    width: 30px;\n                    height: 30px;\n                    border-radius: 50%;\n                    margin-right: 10px;\n                }\n                    @media (max-width: 600px) {\n                    .team-lineup {\n                        width: 100%;\n                    }\n                }\n                <\/style>\n<div class=\"team-lineup\">\n<h3>Estoril<\/h3>\n<p><img decoding=\"async\" src=\"https:\/\/media.api-sports.io\/football\/teams\/230.png\" alt=\"Estoril\" style=\"width: 50px; height: 50px;\"><\/p>\n<div class=\"players-container\">\n<div>\n<h4>Titulares:<\/h4>\n<div class=\"player\"><a href=\"https:\/\/soccer.aidatasports.com\/es\/players\/Joel-Robles-1558\"><img decoding=\"async\" src=\"https:\/\/soccer.aidatasports.com\/images\/players\/1558.png\" alt=\"Joel Robles\" onerror=\"this.onerror=null;this.src='https:\/\/soccer.aidatasports.com\/images\/players\/default-player.png';\"><span>Joel Robles<\/span><\/a><\/div>\n<div class=\"player\"><a href=\"https:\/\/soccer.aidatasports.com\/es\/players\/Ricard-S\u00e1nchez-162889\"><img decoding=\"async\" src=\"https:\/\/soccer.aidatasports.com\/images\/players\/162889.png\" alt=\"Ricard S\u00e1nchez\" onerror=\"this.onerror=null;this.src='https:\/\/soccer.aidatasports.com\/images\/players\/default-player.png';\"><span>Ricard S\u00e1nchez<\/span><\/a><\/div>\n<div class=\"player\"><a href=\"https:\/\/soccer.aidatasports.com\/es\/players\/K\u00e9vin-Boma-174774\"><img decoding=\"async\" src=\"https:\/\/soccer.aidatasports.com\/images\/players\/174774.png\" alt=\"K\u00e9vin Boma\" onerror=\"this.onerror=null;this.src='https:\/\/soccer.aidatasports.com\/images\/players\/default-player.png';\"><span>K\u00e9vin Boma<\/span><\/a><\/div>\n<div class=\"player\"><a href=\"https:\/\/soccer.aidatasports.com\/es\/players\/Felix-Bacher-7147\"><img decoding=\"async\" src=\"https:\/\/soccer.aidatasports.com\/images\/players\/7147.png\" alt=\"Felix Bacher\" onerror=\"this.onerror=null;this.src='https:\/\/soccer.aidatasports.com\/images\/players\/default-player.png';\"><span>Felix Bacher<\/span><\/a><\/div>\n<div class=\"player\"><a href=\"https:\/\/soccer.aidatasports.com\/es\/players\/Pedro-Amaral-26767\"><img decoding=\"async\" src=\"https:\/\/soccer.aidatasports.com\/images\/players\/26767.png\" alt=\"Pedro Amaral\" onerror=\"this.onerror=null;this.src='https:\/\/soccer.aidatasports.com\/images\/players\/default-player.png';\"><span>Pedro Amaral<\/span><\/a><\/div>\n<div class=\"player\"><a href=\"https:\/\/soccer.aidatasports.com\/es\/players\/Jordan-Holsgrove-129728\"><img decoding=\"async\" src=\"https:\/\/soccer.aidatasports.com\/images\/players\/129728.png\" alt=\"Jordan Holsgrove\" onerror=\"this.onerror=null;this.src='https:\/\/soccer.aidatasports.com\/images\/players\/default-player.png';\"><span>Jordan Holsgrove<\/span><\/a><\/div>\n<div class=\"player\"><a href=\"https:\/\/soccer.aidatasports.com\/es\/players\/Yanis-Begraoui-20867\"><img decoding=\"async\" src=\"https:\/\/soccer.aidatasports.com\/images\/players\/20867.png\" alt=\"Yanis Begraoui\" onerror=\"this.onerror=null;this.src='https:\/\/soccer.aidatasports.com\/images\/players\/default-player.png';\"><span>Yanis Begraoui<\/span><\/a><\/div>\n<div class=\"player\"><a href=\"https:\/\/soccer.aidatasports.com\/es\/players\/Jandro-Orellana-162474\"><img decoding=\"async\" src=\"https:\/\/soccer.aidatasports.com\/images\/players\/162474.png\" alt=\"Jandro Orellana\" onerror=\"this.onerror=null;this.src='https:\/\/soccer.aidatasports.com\/images\/players\/default-player.png';\"><span>Jandro Orellana<\/span><\/a><\/div>\n<div class=\"player\"><a href=\"https:\/\/soccer.aidatasports.com\/es\/players\/Jo\u00e3o-Carvalho-19296\"><img decoding=\"async\" src=\"https:\/\/soccer.aidatasports.com\/images\/players\/19296.png\" alt=\"Jo\u00e3o Carvalho\" onerror=\"this.onerror=null;this.src='https:\/\/soccer.aidatasports.com\/images\/players\/default-player.png';\"><span>Jo\u00e3o Carvalho<\/span><\/a><\/div>\n<div class=\"player\"><a href=\"https:\/\/soccer.aidatasports.com\/es\/players\/Andr\u00e9-Lacximicant-313958\"><img decoding=\"async\" src=\"https:\/\/soccer.aidatasports.com\/images\/players\/313958.png\" alt=\"Andr\u00e9 Lacximicant\" onerror=\"this.onerror=null;this.src='https:\/\/soccer.aidatasports.com\/images\/players\/default-player.png';\"><span>Andr\u00e9 Lacximicant<\/span><\/a><\/div>\n<div class=\"player\"><a href=\"https:\/\/soccer.aidatasports.com\/es\/players\/Rafik-Guitane-2209\"><img decoding=\"async\" src=\"https:\/\/soccer.aidatasports.com\/images\/players\/2209.png\" alt=\"Rafik Guitane\" onerror=\"this.onerror=null;this.src='https:\/\/soccer.aidatasports.com\/images\/players\/default-player.png';\"><span>Rafik Guitane<\/span><\/a><\/div>\n<\/div>\n<div>\n<h4>Suplentes:<\/h4>\n<div class=\"player\"><a href=\"https:\/\/soccer.aidatasports.com\/es\/players\/Ferro-566\"><img decoding=\"async\" src=\"https:\/\/soccer.aidatasports.com\/images\/players\/566.png\" alt=\"Ferro\" onerror=\"this.onerror=null;this.src='https:\/\/soccer.aidatasports.com\/images\/players\/default-player.png';\"><span>Ferro<\/span><\/a><\/div>\n<div class=\"player\"><a href=\"https:\/\/soccer.aidatasports.com\/es\/players\/Tiago-Parente-393929\"><img decoding=\"async\" src=\"https:\/\/soccer.aidatasports.com\/images\/players\/393929.png\" alt=\"Tiago Parente\" onerror=\"this.onerror=null;this.src='https:\/\/soccer.aidatasports.com\/images\/players\/default-player.png';\"><span>Tiago Parente<\/span><\/a><\/div>\n<div class=\"player\"><a href=\"https:\/\/soccer.aidatasports.com\/es\/players\/Nodar-Lominadze-215828\"><img decoding=\"async\" src=\"https:\/\/soccer.aidatasports.com\/images\/players\/215828.png\" alt=\"Nodar Lominadze\" onerror=\"this.onerror=null;this.src='https:\/\/soccer.aidatasports.com\/images\/players\/default-player.png';\"><span>Nodar Lominadze<\/span><\/a><\/div>\n<div class=\"player\"><a href=\"https:\/\/soccer.aidatasports.com\/es\/players\/Antef-Tsoungui-138874\"><img decoding=\"async\" src=\"https:\/\/soccer.aidatasports.com\/images\/players\/138874.png\" alt=\"Antef Tsoungui\" onerror=\"this.onerror=null;this.src='https:\/\/soccer.aidatasports.com\/images\/players\/default-player.png';\"><span>Antef Tsoungui<\/span><\/a><\/div>\n<div class=\"player\"><a href=\"https:\/\/soccer.aidatasports.com\/es\/players\/Fabr\u00edcio-Garcia-384373\"><img decoding=\"async\" src=\"https:\/\/soccer.aidatasports.com\/images\/players\/384373.png\" alt=\"Fabr\u00edcio Garcia\" onerror=\"this.onerror=null;this.src='https:\/\/soccer.aidatasports.com\/images\/players\/default-player.png';\"><span>Fabr\u00edcio Garcia<\/span><\/a><\/div>\n<div class=\"player\"><a href=\"https:\/\/soccer.aidatasports.com\/es\/players\/Martin-Turk-289513\"><img decoding=\"async\" src=\"https:\/\/soccer.aidatasports.com\/images\/players\/289513.png\" alt=\"Martin Turk\" onerror=\"this.onerror=null;this.src='https:\/\/soccer.aidatasports.com\/images\/players\/default-player.png';\"><span>Martin Turk<\/span><\/a><\/div>\n<div class=\"player\"><a href=\"https:\/\/soccer.aidatasports.com\/es\/players\/Pedro-Carvalho-381619\"><img decoding=\"async\" src=\"https:\/\/soccer.aidatasports.com\/images\/players\/381619.png\" alt=\"Pedro Carvalho\" onerror=\"this.onerror=null;this.src='https:\/\/soccer.aidatasports.com\/images\/players\/default-player.png';\"><span>Pedro Carvalho<\/span><\/a><\/div>\n<div class=\"player\"><a href=\"https:\/\/soccer.aidatasports.com\/es\/players\/Pizzi-572\"><img decoding=\"async\" src=\"https:\/\/soccer.aidatasports.com\/images\/players\/572.png\" alt=\"Pizzi\" onerror=\"this.onerror=null;this.src='https:\/\/soccer.aidatasports.com\/images\/players\/default-player.png';\"><span>Pizzi<\/span><\/a><\/div>\n<div class=\"player\"><a href=\"https:\/\/soccer.aidatasports.com\/es\/players\/Alejandro-Marqu\u00e9s-162713\"><img decoding=\"async\" src=\"https:\/\/soccer.aidatasports.com\/images\/players\/162713.png\" alt=\"Alejandro Marqu\u00e9s\" onerror=\"this.onerror=null;this.src='https:\/\/soccer.aidatasports.com\/images\/players\/default-player.png';\"><span>Alejandro Marqu\u00e9s<\/span><\/a><\/div>\n<\/div>\n<\/div>\n<\/div>\n<div class=\"team-lineup\">\n<h3>SC Braga<\/h3>\n<p><img decoding=\"async\" src=\"https:\/\/media.api-sports.io\/football\/teams\/217.png\" alt=\"SC Braga\" style=\"width: 50px; height: 50px;\"><\/p>\n<div class=\"players-container\">\n<div>\n<h4>Titulares:<\/h4>\n<div class=\"player\"><a href=\"https:\/\/soccer.aidatasports.com\/es\/players\/Luk\u00e1\u0161-Horn\u00ed\u010dek-269349\"><img decoding=\"async\" src=\"https:\/\/soccer.aidatasports.com\/images\/players\/269349.png\" alt=\"Luk\u00e1\u0161 Horn\u00ed\u010dek\" onerror=\"this.onerror=null;this.src='https:\/\/soccer.aidatasports.com\/images\/players\/default-player.png';\"><span>Luk\u00e1\u0161 Horn\u00ed\u010dek<\/span><\/a><\/div>\n<div class=\"player\"><a href=\"https:\/\/soccer.aidatasports.com\/es\/players\/Gustaf-Lagerbielke-137721\"><img decoding=\"async\" src=\"https:\/\/soccer.aidatasports.com\/images\/players\/137721.png\" alt=\"Gustaf Lagerbielke\" onerror=\"this.onerror=null;this.src='https:\/\/soccer.aidatasports.com\/images\/players\/default-player.png';\"><span>Gustaf Lagerbielke<\/span><\/a><\/div>\n<div class=\"player\"><a href=\"https:\/\/soccer.aidatasports.com\/es\/players\/V\u00edtor-Carvalho-9355\"><img decoding=\"async\" src=\"https:\/\/soccer.aidatasports.com\/images\/players\/9355.png\" alt=\"V\u00edtor Carvalho\" onerror=\"this.onerror=null;this.src='https:\/\/soccer.aidatasports.com\/images\/players\/default-player.png';\"><span>V\u00edtor Carvalho<\/span><\/a><\/div>\n<div class=\"player\"><a href=\"https:\/\/soccer.aidatasports.com\/es\/players\/Bright-Arrey-Mbi-162535\"><img decoding=\"async\" src=\"https:\/\/soccer.aidatasports.com\/images\/players\/162535.png\" alt=\"Bright Arrey-Mbi\" onerror=\"this.onerror=null;this.src='https:\/\/soccer.aidatasports.com\/images\/players\/default-player.png';\"><span>Bright Arrey-Mbi<\/span><\/a><\/div>\n<div class=\"player\"><a href=\"https:\/\/soccer.aidatasports.com\/es\/players\/Victor-G\u00f3mez-153290\"><img decoding=\"async\" src=\"https:\/\/soccer.aidatasports.com\/images\/players\/153290.png\" alt=\"Victor G\u00f3mez\" onerror=\"this.onerror=null;this.src='https:\/\/soccer.aidatasports.com\/images\/players\/default-player.png';\"><span>Victor G\u00f3mez<\/span><\/a><\/div>\n<div class=\"player\"><a href=\"https:\/\/soccer.aidatasports.com\/es\/players\/Jean-Baptiste-Gorby-330722\"><img decoding=\"async\" src=\"https:\/\/soccer.aidatasports.com\/images\/players\/330722.png\" alt=\"Jean-Baptiste Gorby\" onerror=\"this.onerror=null;this.src='https:\/\/soccer.aidatasports.com\/images\/players\/default-player.png';\"><span>Jean-Baptiste Gorby<\/span><\/a><\/div>\n<div class=\"player\"><a href=\"https:\/\/soccer.aidatasports.com\/es\/players\/Jo\u00e3o-Moutinho-2677\"><img decoding=\"async\" src=\"https:\/\/soccer.aidatasports.com\/images\/players\/2677.png\" alt=\"Jo\u00e3o Moutinho\" onerror=\"this.onerror=null;this.src='https:\/\/soccer.aidatasports.com\/images\/players\/default-player.png';\"><span>Jo\u00e3o Moutinho<\/span><\/a><\/div>\n<div class=\"player\"><a href=\"https:\/\/soccer.aidatasports.com\/es\/players\/Gabriel-Mart\u00ednez-297303\"><img decoding=\"async\" src=\"https:\/\/soccer.aidatasports.com\/images\/players\/297303.png\" alt=\"Gabriel Mart\u00ednez\" onerror=\"this.onerror=null;this.src='https:\/\/soccer.aidatasports.com\/images\/players\/default-player.png';\"><span>Gabriel Mart\u00ednez<\/span><\/a><\/div>\n<div class=\"player\"><a href=\"https:\/\/soccer.aidatasports.com\/es\/players\/Rodrigo-Zalazar-108563\"><img decoding=\"async\" src=\"https:\/\/soccer.aidatasports.com\/images\/players\/108563.png\" alt=\"Rodrigo Zalazar\" onerror=\"this.onerror=null;this.src='https:\/\/soccer.aidatasports.com\/images\/players\/default-player.png';\"><span>Rodrigo Zalazar<\/span><\/a><\/div>\n<div class=\"player\"><a href=\"https:\/\/soccer.aidatasports.com\/es\/players\/Diego-Rodrigues-361371\"><img decoding=\"async\" src=\"https:\/\/soccer.aidatasports.com\/images\/players\/361371.png\" alt=\"Diego Rodrigues\" onerror=\"this.onerror=null;this.src='https:\/\/soccer.aidatasports.com\/images\/players\/default-player.png';\"><span>Diego Rodrigues<\/span><\/a><\/div>\n<div class=\"player\"><a href=\"https:\/\/soccer.aidatasports.com\/es\/players\/Pau-V\u00edctor-263530\"><img decoding=\"async\" src=\"https:\/\/soccer.aidatasports.com\/images\/players\/263530.png\" alt=\"Pau V\u00edctor\" onerror=\"this.onerror=null;this.src='https:\/\/soccer.aidatasports.com\/images\/players\/default-player.png';\"><span>Pau V\u00edctor<\/span><\/a><\/div>\n<\/div>\n<div>\n<h4>Suplentes:<\/h4>\n<div class=\"player\"><a href=\"https:\/\/soccer.aidatasports.com\/es\/players\/Mario-Dorgeles-380434\"><img decoding=\"async\" src=\"https:\/\/soccer.aidatasports.com\/images\/players\/380434.png\" alt=\"Mario Dorgeles\" onerror=\"this.onerror=null;this.src='https:\/\/soccer.aidatasports.com\/images\/players\/default-player.png';\"><span>Mario Dorgeles<\/span><\/a><\/div>\n<div class=\"player\"><a href=\"https:\/\/soccer.aidatasports.com\/es\/players\/Ricardo-Horta-41103\"><img decoding=\"async\" src=\"https:\/\/soccer.aidatasports.com\/images\/players\/41103.png\" alt=\"Ricardo Horta\" onerror=\"this.onerror=null;this.src='https:\/\/soccer.aidatasports.com\/images\/players\/default-player.png';\"><span>Ricardo Horta<\/span><\/a><\/div>\n<div class=\"player\"><a href=\"https:\/\/soccer.aidatasports.com\/es\/players\/Florian-Grillitsch-719\"><img decoding=\"async\" src=\"https:\/\/soccer.aidatasports.com\/images\/players\/719.png\" alt=\"Florian Grillitsch\" onerror=\"this.onerror=null;this.src='https:\/\/soccer.aidatasports.com\/images\/players\/default-player.png';\"><span>Florian Grillitsch<\/span><\/a><\/div>\n<div class=\"player\"><a href=\"https:\/\/soccer.aidatasports.com\/es\/players\/Fran-Navarro-936\"><img decoding=\"async\" src=\"https:\/\/soccer.aidatasports.com\/images\/players\/936.png\" alt=\"Fran Navarro\" onerror=\"this.onerror=null;this.src='https:\/\/soccer.aidatasports.com\/images\/players\/default-player.png';\"><span>Fran Navarro<\/span><\/a><\/div>\n<div class=\"player\"><a href=\"https:\/\/soccer.aidatasports.com\/es\/players\/Leonardo-Lelo-142484\"><img decoding=\"async\" src=\"https:\/\/soccer.aidatasports.com\/images\/players\/142484.png\" alt=\"Leonardo Lelo\" onerror=\"this.onerror=null;this.src='https:\/\/soccer.aidatasports.com\/images\/players\/default-player.png';\"><span>Leonardo Lelo<\/span><\/a><\/div>\n<div class=\"player\"><a href=\"https:\/\/soccer.aidatasports.com\/es\/players\/Tiago-S\u00e1-41090\"><img decoding=\"async\" src=\"https:\/\/soccer.aidatasports.com\/images\/players\/41090.png\" alt=\"Tiago S\u00e1\" onerror=\"this.onerror=null;this.src='https:\/\/soccer.aidatasports.com\/images\/players\/default-player.png';\"><span>Tiago S\u00e1<\/span><\/a><\/div>\n<div class=\"player\"><a href=\"https:\/\/soccer.aidatasports.com\/es\/players\/Paulo-Oliveira-47383\"><img decoding=\"async\" src=\"https:\/\/soccer.aidatasports.com\/images\/players\/47383.png\" alt=\"Paulo Oliveira\" onerror=\"this.onerror=null;this.src='https:\/\/soccer.aidatasports.com\/images\/players\/default-player.png';\"><span>Paulo Oliveira<\/span><\/a><\/div>\n<div class=\"player\"><a href=\"https:\/\/soccer.aidatasports.com\/es\/players\/Gabriel-Moscardo-415089\"><img decoding=\"async\" src=\"https:\/\/soccer.aidatasports.com\/images\/players\/415089.png\" alt=\"Gabriel Moscardo\" onerror=\"this.onerror=null;this.src='https:\/\/soccer.aidatasports.com\/images\/players\/default-player.png';\"><span>Gabriel Moscardo<\/span><\/a><\/div>\n<div class=\"player\"><a href=\"https:\/\/soccer.aidatasports.com\/es\/players\/Yanis-da-Rocha-406848\"><img decoding=\"async\" src=\"https:\/\/soccer.aidatasports.com\/images\/players\/406848.png\" alt=\"Yanis da Rocha\" onerror=\"this.onerror=null;this.src='https:\/\/soccer.aidatasports.com\/images\/players\/default-player.png';\"><span>Yanis da Rocha<\/span><\/a><\/div>\n<\/div>\n<\/div>\n<\/div>\n<\/div>\n<div id=\"wg-api-football-game\"\n                    data-host=\"xxxxx\"\n                    data-key=\"xxxx\"\n                    data-id=\"1396371\"\n                    data-theme=\"\"\n                    data-refresh=\"15\"\n                    data-show-errors=\"false\"\n                    data-show-logos=\"true\"><br \/>\n                    class=\u00bbwg_loader\u00bb>\n                <\/div>\n<div id=\"wg-api-football-standings\"\n                    data-host=\"xxxx\"\n                    data-key=\"ddddd\"\n                    data-league=\"94\"\n                    data-team=\"\"\n                    data-season=\"2025\"\n                    data-theme=\"\"\n                    data-show-errors=\"false\"\n                    data-show-logos=\"true\"\n                    class=\"wg_loader\">\n                <\/div>\n<p>                <script\n                    type=\"module\"\n                    src=\"https:\/\/soccer.aidatasports.com\/wp-content\/customjs\/widgetslocal.js\">\n                <\/script><\/p>\n","protected":false},"excerpt":{"rendered":"<p>Espa\u00f1ol Estoril sorprende al SC Braga en casa con un triunfo ajustado Estoril, Portugal \u2013&hellip;<\/p>\n","protected":false},"author":1,"featured_media":152238,"comment_status":"open","ping_status":"open","sticky":false,"template":"","format":"standard","meta":{"content-type":"","_lmt_disableupdate":"","_lmt_disable":"","_league":15837,"_fixture":1396371,"penci_pfeatured_image_ratio":"","penci_single_style":"","footnotes":""},"categories":[15837],"tags":[351,340],"class_list":["post-152239","post","type-post","status-publish","format-standard","has-post-thumbnail","hentry","category-matches","tag-estoril-portugal-230","tag-sc-braga-portugal-217"],"_links":{"self":[{"href":"https:\/\/soccer.aidatasports.com\/es\/wp-json\/wp\/v2\/posts\/152239"}],"collection":[{"href":"https:\/\/soccer.aidatasports.com\/es\/wp-json\/wp\/v2\/posts"}],"about":[{"href":"https:\/\/soccer.aidatasports.com\/es\/wp-json\/wp\/v2\/types\/post"}],"author":[{"embeddable":true,"href":"https:\/\/soccer.aidatasports.com\/es\/wp-json\/wp\/v2\/users\/1"}],"replies":[{"embeddable":true,"href":"https:\/\/soccer.aidatasports.com\/es\/wp-json\/wp\/v2\/comments?post=152239"}],"version-history":[{"count":0,"href":"https:\/\/soccer.aidatasports.com\/es\/wp-json\/wp\/v2\/posts\/152239\/revisions"}],"wp:featuredmedia":[{"embeddable":true,"href":"https:\/\/soccer.aidatasports.com\/es\/wp-json\/wp\/v2\/media\/152238"}],"wp:attachment":[{"href":"https:\/\/soccer.aidatasports.com\/es\/wp-json\/wp\/v2\/media?parent=152239"}],"wp:term":[{"taxonomy":"category","embeddable":true,"href":"https:\/\/soccer.aidatasports.com\/es\/wp-json\/wp\/v2\/categories?post=152239"},{"taxonomy":"post_tag","embeddable":true,"href":"https:\/\/soccer.aidatasports.com\/es\/wp-json\/wp\/v2\/tags?post=152239"}],"curies":[{"name":"wp","href":"https:\/\/api.w.org\/{rel}","templated":true}]}}