{"id":150646,"date":"2025-12-08T19:30:28","date_gmt":"2025-12-08T19:30:28","guid":{"rendered":"https:\/\/soccer.aidatasports.com\/es\/uncategorized\/las-palmas-vs-mirandes-dec-08-2025-1730-utc\/"},"modified":"2025-12-08T19:30:28","modified_gmt":"2025-12-08T19:30:28","slug":"las-palmas-vs-mirandes-dec-08-2025-1730-utc","status":"publish","type":"post","link":"https:\/\/soccer.aidatasports.com\/es\/matches\/las-palmas-vs-mirandes-dec-08-2025-1730-utc\/","title":{"rendered":"Las Palmas vs Mirandes Dec 08 2025 17:30 UTC"},"content":{"rendered":"<p><strong>Espa\u00f1ol<\/strong><\/p>\n<p><strong>Tenso empate en Gran Canaria: Mirand\u00e9s y Las Palmas se reparten los puntos<\/strong><\/p>\n<p>Las Palmas, Espa\u00f1a \u2013 Un partido cargado de tensi\u00f3n y pol\u00e9mica finaliz\u00f3 con un empate en el Estadio de Gran Canaria, donde Las Palmas y el Mirand\u00e9s se midieron en un encuentro correspondiente a la jornada 17 de la Segunda Divisi\u00f3n. El \u00e1rbitro, Saul Ais Reig, tuvo una tarde ajetreada, mostrando varias tarjetas a ambos equipos.<\/p>\n<p>El Mirand\u00e9s domin\u00f3 ligeramente la posesi\u00f3n con un 52% frente al 48% de Las Palmas. Sin embargo, la expulsi\u00f3n de un jugador de Las Palmas en el minuto 38 a\u00f1adi\u00f3 un ingrediente extra de dificultad para el equipo local. A pesar de jugar con diez hombres durante gran parte del encuentro, Las Palmas resisti\u00f3 los embates del Mirand\u00e9s, que intent\u00f3 aprovechar su superioridad num\u00e9rica.<\/p>\n<p>En t\u00e9rminos de disparos, el Mirand\u00e9s super\u00f3 a Las Palmas con 15 intentos, de los cuales 4 fueron a puerta, mientras que el equipo local realiz\u00f3 10 tiros, con 3 dirigidos al arco. Ambos equipos cometieron el mismo n\u00famero de faltas, 11 cada uno. El partido se caracteriz\u00f3 por la intensidad, reflejada en las cuatro tarjetas amarillas mostradas (una para Las Palmas y tres para el Mirand\u00e9s), adem\u00e1s de la tarjeta roja para el jugador de Las Palmas. El encuentro finaliz\u00f3 sin goles, dejando un sabor agridulce en ambos conjuntos.<\/p>\n<p>Sustituciones en el equipo de las palmas: en el minuto 40 ingres\u00f3 J. Viera y sali\u00f3 J. Caro, en el minuto 64 ingres\u00f3 Pejino y sali\u00f3 I. Gil, en el minuto 64 ingres\u00f3 M. Fuster y sali\u00f3 Viti, en el minuto 88 ingres\u00f3 M. Lukovic y sali\u00f3 Jese <\/p>\n<p>Sustituciones en el equipo de mirandes: en el minuto 57 ingres\u00f3 F. Medrano y sali\u00f3 S. El Jebari, en el minuto 57 ingres\u00f3 A. Mari y sali\u00f3 G. Petit, en el minuto 69 ingres\u00f3 I. Varela y sali\u00f3 A. Cardero, en el minuto 81 ingres\u00f3 T. Tamarit y sali\u00f3 A. Martin Luis <\/p>\n<p>Los equipos alinearon de la siguiente manera:<\/p>\n<div class=\"lineups-container\">\n<style>\n                .lineups-container {\n                    display: flex;\n                    justify-content: space-around;\n                    flex-wrap: wrap;\n                }\n                .team-lineup {\n                    width: 49%;\n                    margin-bottom: 20px;\n                    border: 1px solid #ccc;\n                    padding: 5px;\n                }\n                .team-lineup h3 {\n                    text-align: center;\n                    margin-bottom: 10px;\n                }\n                .players-container {\n                    display: flex;\n                    justify-content: space-between;\n                }\n                .players-container div {\n                    width: 100%;\n                }\n                .player {\n                    display: flex;\n                    align-items: center;\n                    margin-bottom: 5px;\n                }\n                .player img {\n                    width: 30px;\n                    height: 30px;\n                    border-radius: 50%;\n                    margin-right: 10px;\n                }\n                    @media (max-width: 600px) {\n                    .team-lineup {\n                        width: 100%;\n                    }\n                }\n                <\/style>\n<div class=\"team-lineup\">\n<h3>Las Palmas<\/h3>\n<p><img decoding=\"async\" src=\"https:\/\/media.api-sports.io\/football\/teams\/534.png\" alt=\"Las Palmas\" style=\"width: 50px; height: 50px;\"><\/p>\n<div class=\"players-container\">\n<div>\n<h4>Titulares:<\/h4>\n<div class=\"player\"><a href=\"https:\/\/soccer.aidatasports.com\/es\/players\/Dinko-Horka\u0161-1304\"><img decoding=\"async\" src=\"https:\/\/soccer.aidatasports.com\/images\/players\/1304.png\" alt=\"Dinko Horka\u0161\" onerror=\"this.onerror=null;this.src='https:\/\/soccer.aidatasports.com\/images\/players\/default-player.png';\"><span>Dinko Horka\u0161<\/span><\/a><\/div>\n<div class=\"player\"><a href=\"https:\/\/soccer.aidatasports.com\/es\/players\/Marvin-Park-162026\"><img decoding=\"async\" src=\"https:\/\/soccer.aidatasports.com\/images\/players\/162026.png\" alt=\"Marvin Park\" onerror=\"this.onerror=null;this.src='https:\/\/soccer.aidatasports.com\/images\/players\/default-player.png';\"><span>Marvin Park<\/span><\/a><\/div>\n<div class=\"player\"><a href=\"https:\/\/soccer.aidatasports.com\/es\/players\/Sergio-Barcia-182857\"><img decoding=\"async\" src=\"https:\/\/soccer.aidatasports.com\/images\/players\/182857.png\" alt=\"Sergio Barcia\" onerror=\"this.onerror=null;this.src='https:\/\/soccer.aidatasports.com\/images\/players\/default-player.png';\"><span>Sergio Barcia<\/span><\/a><\/div>\n<div class=\"player\"><a href=\"https:\/\/soccer.aidatasports.com\/es\/players\/Mika-M\u00e1rmol-162475\"><img decoding=\"async\" src=\"https:\/\/soccer.aidatasports.com\/images\/players\/162475.png\" alt=\"Mika M\u00e1rmol\" onerror=\"this.onerror=null;this.src='https:\/\/soccer.aidatasports.com\/images\/players\/default-player.png';\"><span>Mika M\u00e1rmol<\/span><\/a><\/div>\n<div class=\"player\"><a href=\"https:\/\/soccer.aidatasports.com\/es\/players\/Enrique-Clemente-131529\"><img decoding=\"async\" src=\"https:\/\/soccer.aidatasports.com\/images\/players\/131529.png\" alt=\"Enrique Clemente\" onerror=\"this.onerror=null;this.src='https:\/\/soccer.aidatasports.com\/images\/players\/default-player.png';\"><span>Enrique Clemente<\/span><\/a><\/div>\n<div class=\"player\"><a href=\"https:\/\/soccer.aidatasports.com\/es\/players\/Manuel-Fuster-122230\"><img decoding=\"async\" src=\"https:\/\/soccer.aidatasports.com\/images\/players\/122230.png\" alt=\"Manuel Fuster\" onerror=\"this.onerror=null;this.src='https:\/\/soccer.aidatasports.com\/images\/players\/default-player.png';\"><span>Manuel Fuster<\/span><\/a><\/div>\n<div class=\"player\"><a href=\"https:\/\/soccer.aidatasports.com\/es\/players\/Enzo-Loiodice-21709\"><img decoding=\"async\" src=\"https:\/\/soccer.aidatasports.com\/images\/players\/21709.png\" alt=\"Enzo Loiodice\" onerror=\"this.onerror=null;this.src='https:\/\/soccer.aidatasports.com\/images\/players\/default-player.png';\"><span>Enzo Loiodice<\/span><\/a><\/div>\n<div class=\"player\"><a href=\"https:\/\/soccer.aidatasports.com\/es\/players\/Lorenzo-Amatucci-346865\"><img decoding=\"async\" src=\"https:\/\/soccer.aidatasports.com\/images\/players\/346865.png\" alt=\"Lorenzo Amatucci\" onerror=\"this.onerror=null;this.src='https:\/\/soccer.aidatasports.com\/images\/players\/default-player.png';\"><span>Lorenzo Amatucci<\/span><\/a><\/div>\n<div class=\"player\"><a href=\"https:\/\/soccer.aidatasports.com\/es\/players\/Peji\u00f1o-157194\"><img decoding=\"async\" src=\"https:\/\/soccer.aidatasports.com\/images\/players\/157194.png\" alt=\"Peji\u00f1o\" onerror=\"this.onerror=null;this.src='https:\/\/soccer.aidatasports.com\/images\/players\/default-player.png';\"><span>Peji\u00f1o<\/span><\/a><\/div>\n<div class=\"player\"><a href=\"https:\/\/soccer.aidatasports.com\/es\/players\/Milo\u0161-Lukovi\u0107-346700\"><img decoding=\"async\" src=\"https:\/\/soccer.aidatasports.com\/images\/players\/346700.png\" alt=\"Milo\u0161 Lukovi\u0107\" onerror=\"this.onerror=null;this.src='https:\/\/soccer.aidatasports.com\/images\/players\/default-player.png';\"><span>Milo\u0161 Lukovi\u0107<\/span><\/a><\/div>\n<div class=\"player\"><a href=\"https:\/\/soccer.aidatasports.com\/es\/players\/Jonathan-Viera-12667\"><img decoding=\"async\" src=\"https:\/\/soccer.aidatasports.com\/images\/players\/12667.png\" alt=\"Jonathan Viera\" onerror=\"this.onerror=null;this.src='https:\/\/soccer.aidatasports.com\/images\/players\/default-player.png';\"><span>Jonathan Viera<\/span><\/a><\/div>\n<\/div>\n<div>\n<h4>Suplentes:<\/h4>\n<div class=\"player\"><a href=\"https:\/\/soccer.aidatasports.com\/es\/players\/Jos\u00e9-Antonio-Caro-46698\"><img decoding=\"async\" src=\"https:\/\/soccer.aidatasports.com\/images\/players\/46698.png\" alt=\"Jos\u00e9 Antonio Caro\" onerror=\"this.onerror=null;this.src='https:\/\/soccer.aidatasports.com\/images\/players\/default-player.png';\"><span>Jos\u00e9 Antonio Caro<\/span><\/a><\/div>\n<div class=\"player\"><a href=\"https:\/\/soccer.aidatasports.com\/es\/players\/Viti-Rozada-46854\"><img decoding=\"async\" src=\"https:\/\/soccer.aidatasports.com\/images\/players\/46854.png\" alt=\"Viti Rozada\" onerror=\"this.onerror=null;this.src='https:\/\/soccer.aidatasports.com\/images\/players\/default-player.png';\"><span>Viti Rozada<\/span><\/a><\/div>\n<div class=\"player\"><a href=\"https:\/\/soccer.aidatasports.com\/es\/players\/Iv\u00e1n-Gil-182694\"><img decoding=\"async\" src=\"https:\/\/soccer.aidatasports.com\/images\/players\/182694.png\" alt=\"Iv\u00e1n Gil\" onerror=\"this.onerror=null;this.src='https:\/\/soccer.aidatasports.com\/images\/players\/default-player.png';\"><span>Iv\u00e1n Gil<\/span><\/a><\/div>\n<div class=\"player\"><a href=\"https:\/\/soccer.aidatasports.com\/es\/players\/Adri\u00e1n-Su\u00e1rez-443146\"><img decoding=\"async\" src=\"https:\/\/soccer.aidatasports.com\/images\/players\/443146.png\" alt=\"Adri\u00e1n Su\u00e1rez\" onerror=\"this.onerror=null;this.src='https:\/\/soccer.aidatasports.com\/images\/players\/default-player.png';\"><span>Adri\u00e1n Su\u00e1rez<\/span><\/a><\/div>\n<div class=\"player\"><a href=\"https:\/\/soccer.aidatasports.com\/es\/players\/Juanma-Herzog-431890\"><img decoding=\"async\" src=\"https:\/\/soccer.aidatasports.com\/images\/players\/431890.png\" alt=\"Juanma Herzog\" onerror=\"this.onerror=null;this.src='https:\/\/soccer.aidatasports.com\/images\/players\/default-player.png';\"><span>Juanma Herzog<\/span><\/a><\/div>\n<div class=\"player\"><a href=\"https:\/\/soccer.aidatasports.com\/es\/players\/Alex-Su\u00e1rez-131535\"><img decoding=\"async\" src=\"https:\/\/soccer.aidatasports.com\/images\/players\/131535.png\" alt=\"Alex Su\u00e1rez\" onerror=\"this.onerror=null;this.src='https:\/\/soccer.aidatasports.com\/images\/players\/default-player.png';\"><span>Alex Su\u00e1rez<\/span><\/a><\/div>\n<div class=\"player\"><a href=\"https:\/\/soccer.aidatasports.com\/es\/players\/Cristian-Guti\u00e9rrez-137441\"><img decoding=\"async\" src=\"https:\/\/soccer.aidatasports.com\/images\/players\/137441.png\" alt=\"Cristian Guti\u00e9rrez\" onerror=\"this.onerror=null;this.src='https:\/\/soccer.aidatasports.com\/images\/players\/default-player.png';\"><span>Cristian Guti\u00e9rrez<\/span><\/a><\/div>\n<div class=\"player\"><a href=\"https:\/\/soccer.aidatasports.com\/es\/players\/I\u00f1aki-Gonz\u00e1lez-297869\"><img decoding=\"async\" src=\"https:\/\/soccer.aidatasports.com\/images\/players\/297869.png\" alt=\"I\u00f1aki Gonz\u00e1lez\" onerror=\"this.onerror=null;this.src='https:\/\/soccer.aidatasports.com\/images\/players\/default-player.png';\"><span>I\u00f1aki Gonz\u00e1lez<\/span><\/a><\/div>\n<div class=\"player\"><a href=\"https:\/\/soccer.aidatasports.com\/es\/players\/Kirian-Rodr\u00edguez-70315\"><img decoding=\"async\" src=\"https:\/\/soccer.aidatasports.com\/images\/players\/70315.png\" alt=\"Kirian Rodr\u00edguez\" onerror=\"this.onerror=null;this.src='https:\/\/soccer.aidatasports.com\/images\/players\/default-player.png';\"><span>Kirian Rodr\u00edguez<\/span><\/a><\/div>\n<div class=\"player\"><a href=\"https:\/\/soccer.aidatasports.com\/es\/players\/Jes\u00e9-Rodr\u00edguez-1585\"><img decoding=\"async\" src=\"https:\/\/soccer.aidatasports.com\/images\/players\/1585.png\" alt=\"Jes\u00e9 Rodr\u00edguez\" onerror=\"this.onerror=null;this.src='https:\/\/soccer.aidatasports.com\/images\/players\/default-player.png';\"><span>Jes\u00e9 Rodr\u00edguez<\/span><\/a><\/div>\n<div class=\"player\"><a href=\"https:\/\/soccer.aidatasports.com\/es\/players\/Jaime-Mata-2671\"><img decoding=\"async\" src=\"https:\/\/soccer.aidatasports.com\/images\/players\/2671.png\" alt=\"Jaime Mata\" onerror=\"this.onerror=null;this.src='https:\/\/soccer.aidatasports.com\/images\/players\/default-player.png';\"><span>Jaime Mata<\/span><\/a><\/div>\n<div class=\"player\"><a href=\"https:\/\/soccer.aidatasports.com\/es\/players\/Marc-Cardona-47393\"><img decoding=\"async\" src=\"https:\/\/soccer.aidatasports.com\/images\/players\/47393.png\" alt=\"Marc Cardona\" onerror=\"this.onerror=null;this.src='https:\/\/soccer.aidatasports.com\/images\/players\/default-player.png';\"><span>Marc Cardona<\/span><\/a><\/div>\n<\/div>\n<\/div>\n<\/div>\n<div class=\"team-lineup\">\n<h3>Mirandes<\/h3>\n<p><img decoding=\"async\" src=\"https:\/\/media.api-sports.io\/football\/teams\/799.png\" alt=\"Mirandes\" style=\"width: 50px; height: 50px;\"><\/p>\n<div class=\"players-container\">\n<div>\n<h4>Titulares:<\/h4>\n<div class=\"player\"><a href=\"https:\/\/soccer.aidatasports.com\/es\/players\/Igor-Niki\u0107-270153\"><img decoding=\"async\" src=\"https:\/\/soccer.aidatasports.com\/images\/players\/270153.png\" alt=\"Igor Niki\u0107\" onerror=\"this.onerror=null;this.src='https:\/\/soccer.aidatasports.com\/images\/players\/default-player.png';\"><span>Igor Niki\u0107<\/span><\/a><\/div>\n<div class=\"player\"><a href=\"https:\/\/soccer.aidatasports.com\/es\/players\/Toni-Tamarit-489678\"><img decoding=\"async\" src=\"https:\/\/soccer.aidatasports.com\/images\/players\/489678.png\" alt=\"Toni Tamarit\" onerror=\"this.onerror=null;this.src='https:\/\/soccer.aidatasports.com\/images\/players\/default-player.png';\"><span>Toni Tamarit<\/span><\/a><\/div>\n<div class=\"player\"><a href=\"https:\/\/soccer.aidatasports.com\/es\/players\/Juan-Guti\u00e9rrez-183582\"><img decoding=\"async\" src=\"https:\/\/soccer.aidatasports.com\/images\/players\/183582.png\" alt=\"Juan Guti\u00e9rrez\" onerror=\"this.onerror=null;this.src='https:\/\/soccer.aidatasports.com\/images\/players\/default-player.png';\"><span>Juan Guti\u00e9rrez<\/span><\/a><\/div>\n<div class=\"player\"><a href=\"https:\/\/soccer.aidatasports.com\/es\/players\/Iker-Cordoba-442188\"><img decoding=\"async\" src=\"https:\/\/soccer.aidatasports.com\/images\/players\/442188.png\" alt=\"Iker Cordoba\" onerror=\"this.onerror=null;this.src='https:\/\/soccer.aidatasports.com\/images\/players\/default-player.png';\"><span>Iker Cordoba<\/span><\/a><\/div>\n<div class=\"player\"><a href=\"https:\/\/soccer.aidatasports.com\/es\/players\/Fernando-Medrano-162495\"><img decoding=\"async\" src=\"https:\/\/soccer.aidatasports.com\/images\/players\/162495.png\" alt=\"Fernando Medrano\" onerror=\"this.onerror=null;this.src='https:\/\/soccer.aidatasports.com\/images\/players\/default-player.png';\"><span>Fernando Medrano<\/span><\/a><\/div>\n<div class=\"player\"><a href=\"https:\/\/soccer.aidatasports.com\/es\/players\/Iker-Varela-354762\"><img decoding=\"async\" src=\"https:\/\/soccer.aidatasports.com\/images\/players\/354762.png\" alt=\"Iker Varela\" onerror=\"this.onerror=null;this.src='https:\/\/soccer.aidatasports.com\/images\/players\/default-player.png';\"><span>Iker Varela<\/span><\/a><\/div>\n<div class=\"player\"><a href=\"https:\/\/soccer.aidatasports.com\/es\/players\/Rafael-Bauza-438284\"><img decoding=\"async\" src=\"https:\/\/soccer.aidatasports.com\/images\/players\/438284.png\" alt=\"Rafael Bauza\" onerror=\"this.onerror=null;this.src='https:\/\/soccer.aidatasports.com\/images\/players\/default-player.png';\"><span>Rafael Bauza<\/span><\/a><\/div>\n<div class=\"player\"><a href=\"https:\/\/soccer.aidatasports.com\/es\/players\/Thiago-Helguera-414435\"><img decoding=\"async\" src=\"https:\/\/soccer.aidatasports.com\/images\/players\/414435.png\" alt=\"Thiago Helguera\" onerror=\"this.onerror=null;this.src='https:\/\/soccer.aidatasports.com\/images\/players\/default-player.png';\"><span>Thiago Helguera<\/span><\/a><\/div>\n<div class=\"player\"><a href=\"https:\/\/soccer.aidatasports.com\/es\/players\/Pablo-P\u00e9rez-264469\"><img decoding=\"async\" src=\"https:\/\/soccer.aidatasports.com\/images\/players\/264469.png\" alt=\"Pablo P\u00e9rez\" onerror=\"this.onerror=null;this.src='https:\/\/soccer.aidatasports.com\/images\/players\/default-player.png';\"><span>Pablo P\u00e9rez<\/span><\/a><\/div>\n<div class=\"player\"><a href=\"https:\/\/soccer.aidatasports.com\/es\/players\/Carlos-Fern\u00e1ndez-46808\"><img decoding=\"async\" src=\"https:\/\/soccer.aidatasports.com\/images\/players\/46808.png\" alt=\"Carlos Fern\u00e1ndez\" onerror=\"this.onerror=null;this.src='https:\/\/soccer.aidatasports.com\/images\/players\/default-player.png';\"><span>Carlos Fern\u00e1ndez<\/span><\/a><\/div>\n<div class=\"player\"><a href=\"https:\/\/soccer.aidatasports.com\/es\/players\/Alberto-Mari-288074\"><img decoding=\"async\" src=\"https:\/\/soccer.aidatasports.com\/images\/players\/288074.png\" alt=\"Alberto Mari\" onerror=\"this.onerror=null;this.src='https:\/\/soccer.aidatasports.com\/images\/players\/default-player.png';\"><span>Alberto Mari<\/span><\/a><\/div>\n<\/div>\n<div>\n<h4>Suplentes:<\/h4>\n<div class=\"player\"><a href=\"https:\/\/soccer.aidatasports.com\/es\/players\/Gonzalo-Petit-414442\"><img decoding=\"async\" src=\"https:\/\/soccer.aidatasports.com\/images\/players\/414442.png\" alt=\"Gonzalo Petit\" onerror=\"this.onerror=null;this.src='https:\/\/soccer.aidatasports.com\/images\/players\/default-player.png';\"><span>Gonzalo Petit<\/span><\/a><\/div>\n<div class=\"player\"><a href=\"https:\/\/soccer.aidatasports.com\/es\/players\/Salim-El-Jebari-336587\"><img decoding=\"async\" src=\"https:\/\/soccer.aidatasports.com\/images\/players\/336587.png\" alt=\"Salim El Jebari\" onerror=\"this.onerror=null;this.src='https:\/\/soccer.aidatasports.com\/images\/players\/default-player.png';\"><span>Salim El Jebari<\/span><\/a><\/div>\n<div class=\"player\"><a href=\"https:\/\/soccer.aidatasports.com\/es\/players\/\u00c1lex-Cardero-286564\"><img decoding=\"async\" src=\"https:\/\/soccer.aidatasports.com\/images\/players\/286564.png\" alt=\"\u00c1lex Cardero\" onerror=\"this.onerror=null;this.src='https:\/\/soccer.aidatasports.com\/images\/players\/default-player.png';\"><span>\u00c1lex Cardero<\/span><\/a><\/div>\n<div class=\"player\"><a href=\"https:\/\/soccer.aidatasports.com\/es\/players\/Alex-Gonz\u00e1lez-Gorrin-208198\"><img decoding=\"async\" src=\"https:\/\/soccer.aidatasports.com\/images\/players\/208198.png\" alt=\"Alex Gonz\u00e1lez Gorrin\" onerror=\"this.onerror=null;this.src='https:\/\/soccer.aidatasports.com\/images\/players\/default-player.png';\"><span>Alex Gonz\u00e1lez Gorrin<\/span><\/a><\/div>\n<div class=\"player\"><a href=\"https:\/\/soccer.aidatasports.com\/es\/players\/Adri\u00e1n-Pica-551369\"><img decoding=\"async\" src=\"https:\/\/soccer.aidatasports.com\/images\/players\/551369.png\" alt=\"Adri\u00e1n Pica\" onerror=\"this.onerror=null;this.src='https:\/\/soccer.aidatasports.com\/images\/players\/default-player.png';\"><span>Adri\u00e1n Pica<\/span><\/a><\/div>\n<div class=\"player\"><a href=\"https:\/\/soccer.aidatasports.com\/es\/players\/Mart\u00edn-Pascual-47536\"><img decoding=\"async\" src=\"https:\/\/soccer.aidatasports.com\/images\/players\/47536.png\" alt=\"Mart\u00edn Pascual\" onerror=\"this.onerror=null;this.src='https:\/\/soccer.aidatasports.com\/images\/players\/default-player.png';\"><span>Mart\u00edn Pascual<\/span><\/a><\/div>\n<div class=\"player\"><a href=\"https:\/\/soccer.aidatasports.com\/es\/players\/Ismael-Barea-455796\"><img decoding=\"async\" src=\"https:\/\/soccer.aidatasports.com\/images\/players\/455796.png\" alt=\"Ismael Barea\" onerror=\"this.onerror=null;this.src='https:\/\/soccer.aidatasports.com\/images\/players\/default-player.png';\"><span>Ismael Barea<\/span><\/a><\/div>\n<div class=\"player\"><a href=\"https:\/\/soccer.aidatasports.com\/es\/players\/Marino-Illescas-286581\"><img decoding=\"async\" src=\"https:\/\/soccer.aidatasports.com\/images\/players\/286581.png\" alt=\"Marino Illescas\" onerror=\"this.onerror=null;this.src='https:\/\/soccer.aidatasports.com\/images\/players\/default-player.png';\"><span>Marino Illescas<\/span><\/a><\/div>\n<div class=\"player\"><a href=\"https:\/\/soccer.aidatasports.com\/es\/players\/Aar\u00f3n-Mart\u00edn-459041\"><img decoding=\"async\" src=\"https:\/\/soccer.aidatasports.com\/images\/players\/459041.png\" alt=\"Aar\u00f3n Mart\u00edn\" onerror=\"this.onerror=null;this.src='https:\/\/soccer.aidatasports.com\/images\/players\/default-player.png';\"><span>Aar\u00f3n Mart\u00edn<\/span><\/a><\/div>\n<div class=\"player\"><a href=\"https:\/\/soccer.aidatasports.com\/es\/players\/Etienne-Eto'o-Pineda-551397\"><img decoding=\"async\" src=\"https:\/\/soccer.aidatasports.com\/images\/players\/551397.png\" alt=\"Etienne Eto'o Pineda\" onerror=\"this.onerror=null;this.src='https:\/\/soccer.aidatasports.com\/images\/players\/default-player.png';\"><span>Etienne Eto&#8217;o Pineda<\/span><\/a><\/div>\n<\/div>\n<\/div>\n<\/div>\n<\/div>\n<div id=\"wg-api-football-game\"\n                    data-host=\"xxxxx\"\n                    data-key=\"xxxx\"\n                    data-id=\"1391948\"\n                    data-theme=\"\"\n                    data-refresh=\"15\"\n                    data-show-errors=\"false\"\n                    data-show-logos=\"true\"><br \/>\n                    class=\u00bbwg_loader\u00bb>\n                <\/div>\n<div id=\"wg-api-football-standings\"\n                    data-host=\"xxxx\"\n                    data-key=\"ddddd\"\n                    data-league=\"141\"\n                    data-team=\"\"\n                    data-season=\"2025\"\n                    data-theme=\"\"\n                    data-show-errors=\"false\"\n                    data-show-logos=\"true\"\n                    class=\"wg_loader\">\n                <\/div>\n<p>                <script\n                    type=\"module\"\n                    src=\"https:\/\/soccer.aidatasports.com\/wp-content\/customjs\/widgetslocal.js\">\n                <\/script><\/p>\n","protected":false},"excerpt":{"rendered":"<p>Espa\u00f1ol Tenso empate en Gran Canaria: Mirand\u00e9s y Las Palmas se reparten los puntos Las&hellip;<\/p>\n","protected":false},"author":1,"featured_media":150645,"comment_status":"open","ping_status":"open","sticky":false,"template":"","format":"standard","meta":{"content-type":"","_lmt_disableupdate":"","_lmt_disable":"","_league":15837,"_fixture":1391948,"penci_pfeatured_image_ratio":"","penci_single_style":"","footnotes":""},"categories":[15837],"tags":[645,875],"class_list":["post-150646","post","type-post","status-publish","format-standard","has-post-thumbnail","hentry","category-matches","tag-las-palmas-spain-534","tag-mirandes-spain-799"],"_links":{"self":[{"href":"https:\/\/soccer.aidatasports.com\/es\/wp-json\/wp\/v2\/posts\/150646"}],"collection":[{"href":"https:\/\/soccer.aidatasports.com\/es\/wp-json\/wp\/v2\/posts"}],"about":[{"href":"https:\/\/soccer.aidatasports.com\/es\/wp-json\/wp\/v2\/types\/post"}],"author":[{"embeddable":true,"href":"https:\/\/soccer.aidatasports.com\/es\/wp-json\/wp\/v2\/users\/1"}],"replies":[{"embeddable":true,"href":"https:\/\/soccer.aidatasports.com\/es\/wp-json\/wp\/v2\/comments?post=150646"}],"version-history":[{"count":0,"href":"https:\/\/soccer.aidatasports.com\/es\/wp-json\/wp\/v2\/posts\/150646\/revisions"}],"wp:featuredmedia":[{"embeddable":true,"href":"https:\/\/soccer.aidatasports.com\/es\/wp-json\/wp\/v2\/media\/150645"}],"wp:attachment":[{"href":"https:\/\/soccer.aidatasports.com\/es\/wp-json\/wp\/v2\/media?parent=150646"}],"wp:term":[{"taxonomy":"category","embeddable":true,"href":"https:\/\/soccer.aidatasports.com\/es\/wp-json\/wp\/v2\/categories?post=150646"},{"taxonomy":"post_tag","embeddable":true,"href":"https:\/\/soccer.aidatasports.com\/es\/wp-json\/wp\/v2\/tags?post=150646"}],"curies":[{"name":"wp","href":"https:\/\/api.w.org\/{rel}","templated":true}]}}