{"id":141038,"date":"2025-11-02T22:30:36","date_gmt":"2025-11-02T22:30:36","guid":{"rendered":"https:\/\/soccer.aidatasports.com\/es\/uncategorized\/fc-porto-vs-sc-braga-nov-02-2025-2030-utc\/"},"modified":"2025-11-02T22:30:36","modified_gmt":"2025-11-02T22:30:36","slug":"fc-porto-vs-sc-braga-nov-02-2025-2030-utc","status":"publish","type":"post","link":"https:\/\/soccer.aidatasports.com\/es\/matches\/fc-porto-vs-sc-braga-nov-02-2025-2030-utc\/","title":{"rendered":"FC Porto vs SC Braga Nov 02 2025 20:30 UTC"},"content":{"rendered":"<p><strong>Espa\u00f1ol:<\/strong><\/p>\n<p><strong>Partido Tenso en el Est\u00e1dio Do Drag\u00e3o: FC Porto se Impone al SC Braga<\/strong><\/p>\n<p>En un encuentro disputado en el Est\u00e1dio Do Drag\u00e3o, el FC Porto logr\u00f3 una valiosa victoria ante el SC Braga con un marcador de 2-1. A pesar del dominio del SC Braga en la posesi\u00f3n del bal\u00f3n (68% frente al 32% del Porto), el equipo local supo aprovechar sus oportunidades.<\/p>\n<p>La primera mitad fue re\u00f1ida, con tarjetas amarillas para F. Moura y F. Farioli del Porto. El gol que abri\u00f3 el marcador lleg\u00f3 al filo del descanso, con R. Mora anotando para el FC Porto tras una asistencia de Samu.<\/p>\n<p>En la segunda mitad, V. Gomez igual\u00f3 el marcador para el SC Braga al minuto 51, asistido por R. Zalazar. Sin embargo, el Porto no se amilan\u00f3 y, al minuto 79, B. Sainz marc\u00f3 el gol de la victoria con una asistencia de G. Veiga. El partido fue intenso y disputado, reflejado en las numerosas tarjetas amarillas mostradas, incluyendo una para J. Moutinho del Braga y para J. Bednarek y M. Fernandes del Porto.<\/p>\n<p>El FC Porto, con menos posesi\u00f3n pero mayor efectividad de cara al gol, se llev\u00f3 los tres puntos en un partido emocionante de la Primeira Liga.<\/p>\n<p>Sustituciones en el equipo de fc porto: en el minuto 57 ingres\u00f3 F. Moura y sali\u00f3 M. Fernandes, en el minuto 57 ingres\u00f3 R. Mora y sali\u00f3 G. Veiga, en el minuto 64 ingres\u00f3 Samu y sali\u00f3 D. Gul, en el minuto 64 ingres\u00f3 Pepe y sali\u00f3 B. Sainz, en el minuto 73 ingres\u00f3 William Gomes y sali\u00f3 P. Rosario <\/p>\n<p>Sustituciones en el equipo de sc braga: en el minuto 62 ingres\u00f3 P. Victor y sali\u00f3 F. Navarro, en el minuto 62 ingres\u00f3 F. Grillitsch y sali\u00f3 J. Moutinho, en el minuto 84 ingres\u00f3 L. Lelo y sali\u00f3 G. Martinez, en el minuto 89 ingres\u00f3 Gorby y sali\u00f3 D. Rodrigues <\/p>\n<p>Los equipos alinearon de la siguiente manera:<\/p>\n<div class=\"lineups-container\">\n<style>\n                .lineups-container {\n                    display: flex;\n                    justify-content: space-around;\n                    flex-wrap: wrap;\n                }\n                .team-lineup {\n                    width: 49%;\n                    margin-bottom: 20px;\n                    border: 1px solid #ccc;\n                    padding: 5px;\n                }\n                .team-lineup h3 {\n                    text-align: center;\n                    margin-bottom: 10px;\n                }\n                .players-container {\n                    display: flex;\n                    justify-content: space-between;\n                }\n                .players-container div {\n                    width: 100%;\n                }\n                .player {\n                    display: flex;\n                    align-items: center;\n                    margin-bottom: 5px;\n                }\n                .player img {\n                    width: 30px;\n                    height: 30px;\n                    border-radius: 50%;\n                    margin-right: 10px;\n                }\n                    @media (max-width: 600px) {\n                    .team-lineup {\n                        width: 100%;\n                    }\n                }\n                <\/style>\n<div class=\"team-lineup\">\n<h3>FC Porto<\/h3>\n<p><img decoding=\"async\" src=\"https:\/\/media.api-sports.io\/football\/teams\/212.png\" alt=\"FC Porto\" style=\"width: 50px; height: 50px;\"><\/p>\n<div class=\"players-container\">\n<div>\n<h4>Titulares:<\/h4>\n<div class=\"player\"><a href=\"https:\/\/soccer.aidatasports.com\/es\/players\/Diogo-Costa-369\"><img decoding=\"async\" src=\"https:\/\/soccer.aidatasports.com\/images\/players\/369.png\" alt=\"Diogo Costa\" onerror=\"this.onerror=null;this.src='https:\/\/soccer.aidatasports.com\/images\/players\/default-player.png';\"><span>Diogo Costa<\/span><\/a><\/div>\n<div class=\"player\"><a href=\"https:\/\/soccer.aidatasports.com\/es\/players\/Alberto-Costa-330419\"><img decoding=\"async\" src=\"https:\/\/soccer.aidatasports.com\/images\/players\/330419.png\" alt=\"Alberto Costa\" onerror=\"this.onerror=null;this.src='https:\/\/soccer.aidatasports.com\/images\/players\/default-player.png';\"><span>Alberto Costa<\/span><\/a><\/div>\n<div class=\"player\"><a href=\"https:\/\/soccer.aidatasports.com\/es\/players\/Jan-Bednarek-2999\"><img decoding=\"async\" src=\"https:\/\/soccer.aidatasports.com\/images\/players\/2999.png\" alt=\"Jan Bednarek\" onerror=\"this.onerror=null;this.src='https:\/\/soccer.aidatasports.com\/images\/players\/default-player.png';\"><span>Jan Bednarek<\/span><\/a><\/div>\n<div class=\"player\"><a href=\"https:\/\/soccer.aidatasports.com\/es\/players\/Jakub-Kiwior-61431\"><img decoding=\"async\" src=\"https:\/\/soccer.aidatasports.com\/images\/players\/61431.png\" alt=\"Jakub Kiwior\" onerror=\"this.onerror=null;this.src='https:\/\/soccer.aidatasports.com\/images\/players\/default-player.png';\"><span>Jakub Kiwior<\/span><\/a><\/div>\n<div class=\"player\"><a href=\"https:\/\/soccer.aidatasports.com\/es\/players\/Francisco-Moura-41966\"><img decoding=\"async\" src=\"https:\/\/soccer.aidatasports.com\/images\/players\/41966.png\" alt=\"Francisco Moura\" onerror=\"this.onerror=null;this.src='https:\/\/soccer.aidatasports.com\/images\/players\/default-player.png';\"><span>Francisco Moura<\/span><\/a><\/div>\n<div class=\"player\"><a href=\"https:\/\/soccer.aidatasports.com\/es\/players\/Victor-Froholdt-388872\"><img decoding=\"async\" src=\"https:\/\/soccer.aidatasports.com\/images\/players\/388872.png\" alt=\"Victor Froholdt\" onerror=\"this.onerror=null;this.src='https:\/\/soccer.aidatasports.com\/images\/players\/default-player.png';\"><span>Victor Froholdt<\/span><\/a><\/div>\n<div class=\"player\"><a href=\"https:\/\/soccer.aidatasports.com\/es\/players\/Alan-Varela-278375\"><img decoding=\"async\" src=\"https:\/\/soccer.aidatasports.com\/images\/players\/278375.png\" alt=\"Alan Varela\" onerror=\"this.onerror=null;this.src='https:\/\/soccer.aidatasports.com\/images\/players\/default-player.png';\"><span>Alan Varela<\/span><\/a><\/div>\n<div class=\"player\"><a href=\"https:\/\/soccer.aidatasports.com\/es\/players\/Rodrigo-Mora-404097\"><img decoding=\"async\" src=\"https:\/\/soccer.aidatasports.com\/images\/players\/404097.png\" alt=\"Rodrigo Mora\" onerror=\"this.onerror=null;this.src='https:\/\/soccer.aidatasports.com\/images\/players\/default-player.png';\"><span>Rodrigo Mora<\/span><\/a><\/div>\n<div class=\"player\"><a href=\"https:\/\/soccer.aidatasports.com\/es\/players\/William-Gomes-449243\"><img decoding=\"async\" src=\"https:\/\/soccer.aidatasports.com\/images\/players\/449243.png\" alt=\"William Gomes\" onerror=\"this.onerror=null;this.src='https:\/\/soccer.aidatasports.com\/images\/players\/default-player.png';\"><span>William Gomes<\/span><\/a><\/div>\n<div class=\"player\"><a href=\"https:\/\/soccer.aidatasports.com\/es\/players\/Samu-Aghehowa-358628\"><img decoding=\"async\" src=\"https:\/\/soccer.aidatasports.com\/images\/players\/358628.png\" alt=\"Samu Aghehowa\" onerror=\"this.onerror=null;this.src='https:\/\/soccer.aidatasports.com\/images\/players\/default-player.png';\"><span>Samu Aghehowa<\/span><\/a><\/div>\n<div class=\"player\"><a href=\"https:\/\/soccer.aidatasports.com\/es\/players\/Pep\u00ea-10500\"><img decoding=\"async\" src=\"https:\/\/soccer.aidatasports.com\/images\/players\/10500.png\" alt=\"Pep\u00ea\" onerror=\"this.onerror=null;this.src='https:\/\/soccer.aidatasports.com\/images\/players\/default-player.png';\"><span>Pep\u00ea<\/span><\/a><\/div>\n<\/div>\n<div>\n<h4>Suplentes:<\/h4>\n<div class=\"player\"><a href=\"https:\/\/soccer.aidatasports.com\/es\/players\/Martim-Fernandes-336596\"><img decoding=\"async\" src=\"https:\/\/soccer.aidatasports.com\/images\/players\/336596.png\" alt=\"Martim Fernandes\" onerror=\"this.onerror=null;this.src='https:\/\/soccer.aidatasports.com\/images\/players\/default-player.png';\"><span>Martim Fernandes<\/span><\/a><\/div>\n<div class=\"player\"><a href=\"https:\/\/soccer.aidatasports.com\/es\/players\/Gabri-Veiga-182504\"><img decoding=\"async\" src=\"https:\/\/soccer.aidatasports.com\/images\/players\/182504.png\" alt=\"Gabri Veiga\" onerror=\"this.onerror=null;this.src='https:\/\/soccer.aidatasports.com\/images\/players\/default-player.png';\"><span>Gabri Veiga<\/span><\/a><\/div>\n<div class=\"player\"><a href=\"https:\/\/soccer.aidatasports.com\/es\/players\/Deniz-G\u00fcl-388570\"><img decoding=\"async\" src=\"https:\/\/soccer.aidatasports.com\/images\/players\/388570.png\" alt=\"Deniz G\u00fcl\" onerror=\"this.onerror=null;this.src='https:\/\/soccer.aidatasports.com\/images\/players\/default-player.png';\"><span>Deniz G\u00fcl<\/span><\/a><\/div>\n<div class=\"player\"><a href=\"https:\/\/soccer.aidatasports.com\/es\/players\/Borja-Sainz-133453\"><img decoding=\"async\" src=\"https:\/\/soccer.aidatasports.com\/images\/players\/133453.png\" alt=\"Borja Sainz\" onerror=\"this.onerror=null;this.src='https:\/\/soccer.aidatasports.com\/images\/players\/default-player.png';\"><span>Borja Sainz<\/span><\/a><\/div>\n<div class=\"player\"><a href=\"https:\/\/soccer.aidatasports.com\/es\/players\/Pablo-Rosario-240\"><img decoding=\"async\" src=\"https:\/\/soccer.aidatasports.com\/images\/players\/240.png\" alt=\"Pablo Rosario\" onerror=\"this.onerror=null;this.src='https:\/\/soccer.aidatasports.com\/images\/players\/default-player.png';\"><span>Pablo Rosario<\/span><\/a><\/div>\n<div class=\"player\"><a href=\"https:\/\/soccer.aidatasports.com\/es\/players\/Cl\u00e1udio-Ramos-41432\"><img decoding=\"async\" src=\"https:\/\/soccer.aidatasports.com\/images\/players\/41432.png\" alt=\"Cl\u00e1udio Ramos\" onerror=\"this.onerror=null;this.src='https:\/\/soccer.aidatasports.com\/images\/players\/default-player.png';\"><span>Cl\u00e1udio Ramos<\/span><\/a><\/div>\n<div class=\"player\"><a href=\"https:\/\/soccer.aidatasports.com\/es\/players\/Dominik-Prpi\u0107-340572\"><img decoding=\"async\" src=\"https:\/\/soccer.aidatasports.com\/images\/players\/340572.png\" alt=\"Dominik Prpi\u0107\" onerror=\"this.onerror=null;this.src='https:\/\/soccer.aidatasports.com\/images\/players\/default-player.png';\"><span>Dominik Prpi\u0107<\/span><\/a><\/div>\n<div class=\"player\"><a href=\"https:\/\/soccer.aidatasports.com\/es\/players\/\u00c1ngel-Alarc\u00f3n-386827\"><img decoding=\"async\" src=\"https:\/\/soccer.aidatasports.com\/images\/players\/386827.png\" alt=\"\u00c1ngel Alarc\u00f3n\" onerror=\"this.onerror=null;this.src='https:\/\/soccer.aidatasports.com\/images\/players\/default-player.png';\"><span>\u00c1ngel Alarc\u00f3n<\/span><\/a><\/div>\n<div class=\"player\"><a href=\"https:\/\/soccer.aidatasports.com\/es\/players\/Stephen-Eustaquio-35570\"><img decoding=\"async\" src=\"https:\/\/soccer.aidatasports.com\/images\/players\/35570.png\" alt=\"Stephen Eustaquio\" onerror=\"this.onerror=null;this.src='https:\/\/soccer.aidatasports.com\/images\/players\/default-player.png';\"><span>Stephen Eustaquio<\/span><\/a><\/div>\n<\/div>\n<\/div>\n<\/div>\n<div class=\"team-lineup\">\n<h3>SC Braga<\/h3>\n<p><img decoding=\"async\" src=\"https:\/\/media.api-sports.io\/football\/teams\/217.png\" alt=\"SC Braga\" style=\"width: 50px; height: 50px;\"><\/p>\n<div class=\"players-container\">\n<div>\n<h4>Titulares:<\/h4>\n<div class=\"player\"><a href=\"https:\/\/soccer.aidatasports.com\/es\/players\/Luk\u00e1\u0161-Horn\u00ed\u010dek-269349\"><img decoding=\"async\" src=\"https:\/\/soccer.aidatasports.com\/images\/players\/269349.png\" alt=\"Luk\u00e1\u0161 Horn\u00ed\u010dek\" onerror=\"this.onerror=null;this.src='https:\/\/soccer.aidatasports.com\/images\/players\/default-player.png';\"><span>Luk\u00e1\u0161 Horn\u00ed\u010dek<\/span><\/a><\/div>\n<div class=\"player\"><a href=\"https:\/\/soccer.aidatasports.com\/es\/players\/Victor-G\u00f3mez-153290\"><img decoding=\"async\" src=\"https:\/\/soccer.aidatasports.com\/images\/players\/153290.png\" alt=\"Victor G\u00f3mez\" onerror=\"this.onerror=null;this.src='https:\/\/soccer.aidatasports.com\/images\/players\/default-player.png';\"><span>Victor G\u00f3mez<\/span><\/a><\/div>\n<div class=\"player\"><a href=\"https:\/\/soccer.aidatasports.com\/es\/players\/Gustaf-Lagerbielke-137721\"><img decoding=\"async\" src=\"https:\/\/soccer.aidatasports.com\/images\/players\/137721.png\" alt=\"Gustaf Lagerbielke\" onerror=\"this.onerror=null;this.src='https:\/\/soccer.aidatasports.com\/images\/players\/default-player.png';\"><span>Gustaf Lagerbielke<\/span><\/a><\/div>\n<div class=\"player\"><a href=\"https:\/\/soccer.aidatasports.com\/es\/players\/Bright-Arrey-Mbi-162535\"><img decoding=\"async\" src=\"https:\/\/soccer.aidatasports.com\/images\/players\/162535.png\" alt=\"Bright Arrey-Mbi\" onerror=\"this.onerror=null;this.src='https:\/\/soccer.aidatasports.com\/images\/players\/default-player.png';\"><span>Bright Arrey-Mbi<\/span><\/a><\/div>\n<div class=\"player\"><a href=\"https:\/\/soccer.aidatasports.com\/es\/players\/Mario-Dorgeles-380434\"><img decoding=\"async\" src=\"https:\/\/soccer.aidatasports.com\/images\/players\/380434.png\" alt=\"Mario Dorgeles\" onerror=\"this.onerror=null;this.src='https:\/\/soccer.aidatasports.com\/images\/players\/default-player.png';\"><span>Mario Dorgeles<\/span><\/a><\/div>\n<div class=\"player\"><a href=\"https:\/\/soccer.aidatasports.com\/es\/players\/Florian-Grillitsch-719\"><img decoding=\"async\" src=\"https:\/\/soccer.aidatasports.com\/images\/players\/719.png\" alt=\"Florian Grillitsch\" onerror=\"this.onerror=null;this.src='https:\/\/soccer.aidatasports.com\/images\/players\/default-player.png';\"><span>Florian Grillitsch<\/span><\/a><\/div>\n<div class=\"player\"><a href=\"https:\/\/soccer.aidatasports.com\/es\/players\/Jean-Baptiste-Gorby-330722\"><img decoding=\"async\" src=\"https:\/\/soccer.aidatasports.com\/images\/players\/330722.png\" alt=\"Jean-Baptiste Gorby\" onerror=\"this.onerror=null;this.src='https:\/\/soccer.aidatasports.com\/images\/players\/default-player.png';\"><span>Jean-Baptiste Gorby<\/span><\/a><\/div>\n<div class=\"player\"><a href=\"https:\/\/soccer.aidatasports.com\/es\/players\/Leonardo-Lelo-142484\"><img decoding=\"async\" src=\"https:\/\/soccer.aidatasports.com\/images\/players\/142484.png\" alt=\"Leonardo Lelo\" onerror=\"this.onerror=null;this.src='https:\/\/soccer.aidatasports.com\/images\/players\/default-player.png';\"><span>Leonardo Lelo<\/span><\/a><\/div>\n<div class=\"player\"><a href=\"https:\/\/soccer.aidatasports.com\/es\/players\/Rodrigo-Zalazar-108563\"><img decoding=\"async\" src=\"https:\/\/soccer.aidatasports.com\/images\/players\/108563.png\" alt=\"Rodrigo Zalazar\" onerror=\"this.onerror=null;this.src='https:\/\/soccer.aidatasports.com\/images\/players\/default-player.png';\"><span>Rodrigo Zalazar<\/span><\/a><\/div>\n<div class=\"player\"><a href=\"https:\/\/soccer.aidatasports.com\/es\/players\/Pau-V\u00edctor-263530\"><img decoding=\"async\" src=\"https:\/\/soccer.aidatasports.com\/images\/players\/263530.png\" alt=\"Pau V\u00edctor\" onerror=\"this.onerror=null;this.src='https:\/\/soccer.aidatasports.com\/images\/players\/default-player.png';\"><span>Pau V\u00edctor<\/span><\/a><\/div>\n<div class=\"player\"><a href=\"https:\/\/soccer.aidatasports.com\/es\/players\/Ricardo-Horta-41103\"><img decoding=\"async\" src=\"https:\/\/soccer.aidatasports.com\/images\/players\/41103.png\" alt=\"Ricardo Horta\" onerror=\"this.onerror=null;this.src='https:\/\/soccer.aidatasports.com\/images\/players\/default-player.png';\"><span>Ricardo Horta<\/span><\/a><\/div>\n<\/div>\n<div>\n<h4>Suplentes:<\/h4>\n<div class=\"player\"><a href=\"https:\/\/soccer.aidatasports.com\/es\/players\/Jo\u00e3o-Moutinho-2677\"><img decoding=\"async\" src=\"https:\/\/soccer.aidatasports.com\/images\/players\/2677.png\" alt=\"Jo\u00e3o Moutinho\" onerror=\"this.onerror=null;this.src='https:\/\/soccer.aidatasports.com\/images\/players\/default-player.png';\"><span>Jo\u00e3o Moutinho<\/span><\/a><\/div>\n<div class=\"player\"><a href=\"https:\/\/soccer.aidatasports.com\/es\/players\/Fran-Navarro-936\"><img decoding=\"async\" src=\"https:\/\/soccer.aidatasports.com\/images\/players\/936.png\" alt=\"Fran Navarro\" onerror=\"this.onerror=null;this.src='https:\/\/soccer.aidatasports.com\/images\/players\/default-player.png';\"><span>Fran Navarro<\/span><\/a><\/div>\n<div class=\"player\"><a href=\"https:\/\/soccer.aidatasports.com\/es\/players\/Gabriel-Mart\u00ednez-297303\"><img decoding=\"async\" src=\"https:\/\/soccer.aidatasports.com\/images\/players\/297303.png\" alt=\"Gabriel Mart\u00ednez\" onerror=\"this.onerror=null;this.src='https:\/\/soccer.aidatasports.com\/images\/players\/default-player.png';\"><span>Gabriel Mart\u00ednez<\/span><\/a><\/div>\n<div class=\"player\"><a href=\"https:\/\/soccer.aidatasports.com\/es\/players\/Diego-Rodrigues-361371\"><img decoding=\"async\" src=\"https:\/\/soccer.aidatasports.com\/images\/players\/361371.png\" alt=\"Diego Rodrigues\" onerror=\"this.onerror=null;this.src='https:\/\/soccer.aidatasports.com\/images\/players\/default-player.png';\"><span>Diego Rodrigues<\/span><\/a><\/div>\n<div class=\"player\"><a href=\"https:\/\/soccer.aidatasports.com\/es\/players\/Tiago-S\u00e1-41090\"><img decoding=\"async\" src=\"https:\/\/soccer.aidatasports.com\/images\/players\/41090.png\" alt=\"Tiago S\u00e1\" onerror=\"this.onerror=null;this.src='https:\/\/soccer.aidatasports.com\/images\/players\/default-player.png';\"><span>Tiago S\u00e1<\/span><\/a><\/div>\n<div class=\"player\"><a href=\"https:\/\/soccer.aidatasports.com\/es\/players\/Paulo-Oliveira-47383\"><img decoding=\"async\" src=\"https:\/\/soccer.aidatasports.com\/images\/players\/47383.png\" alt=\"Paulo Oliveira\" onerror=\"this.onerror=null;this.src='https:\/\/soccer.aidatasports.com\/images\/players\/default-player.png';\"><span>Paulo Oliveira<\/span><\/a><\/div>\n<div class=\"player\"><a href=\"https:\/\/soccer.aidatasports.com\/es\/players\/Sikou-Niakat\u00e9-20884\"><img decoding=\"async\" src=\"https:\/\/soccer.aidatasports.com\/images\/players\/20884.png\" alt=\"Sikou Niakat\u00e9\" onerror=\"this.onerror=null;this.src='https:\/\/soccer.aidatasports.com\/images\/players\/default-player.png';\"><span>Sikou Niakat\u00e9<\/span><\/a><\/div>\n<div class=\"player\"><a href=\"https:\/\/soccer.aidatasports.com\/es\/players\/Gabriel-Moscardo-415089\"><img decoding=\"async\" src=\"https:\/\/soccer.aidatasports.com\/images\/players\/415089.png\" alt=\"Gabriel Moscardo\" onerror=\"this.onerror=null;this.src='https:\/\/soccer.aidatasports.com\/images\/players\/default-player.png';\"><span>Gabriel Moscardo<\/span><\/a><\/div>\n<div class=\"player\"><a href=\"https:\/\/soccer.aidatasports.com\/es\/players\/Amine-El-Ouazzani-193188\"><img decoding=\"async\" src=\"https:\/\/soccer.aidatasports.com\/images\/players\/193188.png\" alt=\"Amine El Ouazzani\" onerror=\"this.onerror=null;this.src='https:\/\/soccer.aidatasports.com\/images\/players\/default-player.png';\"><span>Amine El Ouazzani<\/span><\/a><\/div>\n<\/div>\n<\/div>\n<\/div>\n<\/div>\n<div id=\"wg-api-football-game\"\n                    data-host=\"xxxxx\"\n                    data-key=\"xxxx\"\n                    data-id=\"1396321\"\n                    data-theme=\"\"\n                    data-refresh=\"15\"\n                    data-show-errors=\"false\"\n                    data-show-logos=\"true\"><br \/>\n                    class=\u00bbwg_loader\u00bb>\n                <\/div>\n<div id=\"wg-api-football-standings\"\n                    data-host=\"xxxx\"\n                    data-key=\"ddddd\"\n                    data-league=\"94\"\n                    data-team=\"\"\n                    data-season=\"2025\"\n                    data-theme=\"\"\n                    data-show-errors=\"false\"\n                    data-show-logos=\"true\"\n                    class=\"wg_loader\">\n                <\/div>\n<p>                <script\n                    type=\"module\"\n                    src=\"https:\/\/soccer.aidatasports.com\/wp-content\/customjs\/widgetslocal.js\">\n                <\/script><\/p>\n","protected":false},"excerpt":{"rendered":"<p>Espa\u00f1ol: Partido Tenso en el Est\u00e1dio Do Drag\u00e3o: FC Porto se Impone al SC Braga&hellip;<\/p>\n","protected":false},"author":1,"featured_media":141037,"comment_status":"open","ping_status":"open","sticky":false,"template":"","format":"standard","meta":{"content-type":"","_lmt_disableupdate":"","_lmt_disable":"","_league":15837,"_fixture":1396321,"penci_pfeatured_image_ratio":"","penci_single_style":"","footnotes":""},"categories":[15837],"tags":[335,340],"class_list":["post-141038","post","type-post","status-publish","format-standard","has-post-thumbnail","hentry","category-matches","tag-fc-porto-portugal-212","tag-sc-braga-portugal-217"],"_links":{"self":[{"href":"https:\/\/soccer.aidatasports.com\/es\/wp-json\/wp\/v2\/posts\/141038"}],"collection":[{"href":"https:\/\/soccer.aidatasports.com\/es\/wp-json\/wp\/v2\/posts"}],"about":[{"href":"https:\/\/soccer.aidatasports.com\/es\/wp-json\/wp\/v2\/types\/post"}],"author":[{"embeddable":true,"href":"https:\/\/soccer.aidatasports.com\/es\/wp-json\/wp\/v2\/users\/1"}],"replies":[{"embeddable":true,"href":"https:\/\/soccer.aidatasports.com\/es\/wp-json\/wp\/v2\/comments?post=141038"}],"version-history":[{"count":0,"href":"https:\/\/soccer.aidatasports.com\/es\/wp-json\/wp\/v2\/posts\/141038\/revisions"}],"wp:featuredmedia":[{"embeddable":true,"href":"https:\/\/soccer.aidatasports.com\/es\/wp-json\/wp\/v2\/media\/141037"}],"wp:attachment":[{"href":"https:\/\/soccer.aidatasports.com\/es\/wp-json\/wp\/v2\/media?parent=141038"}],"wp:term":[{"taxonomy":"category","embeddable":true,"href":"https:\/\/soccer.aidatasports.com\/es\/wp-json\/wp\/v2\/categories?post=141038"},{"taxonomy":"post_tag","embeddable":true,"href":"https:\/\/soccer.aidatasports.com\/es\/wp-json\/wp\/v2\/tags?post=141038"}],"curies":[{"name":"wp","href":"https:\/\/api.w.org\/{rel}","templated":true}]}}