{"id":139304,"date":"2025-10-29T19:30:28","date_gmt":"2025-10-29T19:30:28","guid":{"rendered":"https:\/\/soccer.aidatasports.com\/es\/uncategorized\/como-vs-verona-oct-29-2025-1730-utc\/"},"modified":"2025-10-29T19:30:28","modified_gmt":"2025-10-29T19:30:28","slug":"como-vs-verona-oct-29-2025-1730-utc","status":"publish","type":"post","link":"https:\/\/soccer.aidatasports.com\/es\/matches\/como-vs-verona-oct-29-2025-1730-utc\/","title":{"rendered":"Como vs Verona Oct 29 2025 17:30 UTC"},"content":{"rendered":"<p><strong>Espa\u00f1ol:<\/strong><\/p>\n<p><strong>El Como Domina al Verona en Casa con un Contundente 3-1<\/strong><\/p>\n<p>Como, Italia \u2013 En un partido disputado en el Stadio Giuseppe Sinigaglia, el Como se impuso con autoridad al Verona con un marcador final de 3 a 1. El encuentro, correspondiente a la jornada 9 de la Serie A, vio al Como dominar la posesi\u00f3n con un impresionante 71% del tiempo.<\/p>\n<p>El marcador se abri\u00f3 temprano, en el minuto 9, gracias a un gol de A. Douvikas, asistido por A. Valle, poniendo al Como en ventaja. Sin embargo, el Verona respondi\u00f3 en el minuto 25 con un gol de S. Serdar, igualando el marcador. El partido se caracteriz\u00f3 tambi\u00e9n por la intensidad en el juego, reflejada en las tarjetas amarillas mostradas a R. Gagliardini y R. Belghali por el Verona en la primera mitad, y a N. Paz por el Como en el segundo tiempo.<\/p>\n<p>En la segunda mitad, el Como retom\u00f3 la ventaja gracias a un gol de S. Posch en el minuto 62, con asistencia de M. Caqueret. El Verona intent\u00f3 reaccionar, pero la defensa del Como se mostr\u00f3 s\u00f3lida. En el tiempo de descuento, M. Vojvoda sell\u00f3 la victoria para el Como con un gol en el minuto 90, asistido por J. Rodriguez, consolidando as\u00ed la victoria local. G. Orban del Verona recibi\u00f3 una tarjeta amarilla en el \u00faltimo minuto del partido.<\/p>\n<p>A pesar de que el Verona tuvo m\u00e1s tiros a puerta (8 contra 5 del Como), el equipo local supo aprovechar sus oportunidades y controlar el ritmo del partido. El Como finaliz\u00f3 el encuentro con 15 tiros totales, mientras que el Verona acumul\u00f3 12. El Como cometi\u00f3 menos faltas (11) que el Verona (19).<\/p>\n<p>Sustituciones en el equipo de como: en el minuto 54 ingres\u00f3 A. Diao y sali\u00f3 J. Rodriguez, en el minuto 78 ingres\u00f3 N. Kuhn y sali\u00f3 M. Vojvoda, en el minuto 78 ingres\u00f3 S. Posch y sali\u00f3 M. O. Kempf, en el minuto 89 ingres\u00f3 A. Douvikas y sali\u00f3 A. Morata, en el minuto 90 ingres\u00f3 M. Caqueret y sali\u00f3 I. Smolcic <\/p>\n<p>Sustituciones en el equipo de verona: en el minuto 68 ingres\u00f3 N. Valentini y sali\u00f3 D. Bradaric, en el minuto 68 ingres\u00f3 S. Serdar y sali\u00f3 C. Niasse, en el minuto 75 ingres\u00f3 R. Gagliardini y sali\u00f3 A. Sarr, en el minuto 87 ingres\u00f3 M. Frese y sali\u00f3 D. Mosquera <\/p>\n<p>Los equipos alinearon de la siguiente manera:<\/p>\n<div class=\"lineups-container\">\n<style>\n                .lineups-container {\n                    display: flex;\n                    justify-content: space-around;\n                    flex-wrap: wrap;\n                }\n                .team-lineup {\n                    width: 49%;\n                    margin-bottom: 20px;\n                    border: 1px solid #ccc;\n                    padding: 5px;\n                }\n                .team-lineup h3 {\n                    text-align: center;\n                    margin-bottom: 10px;\n                }\n                .players-container {\n                    display: flex;\n                    justify-content: space-between;\n                }\n                .players-container div {\n                    width: 100%;\n                }\n                .player {\n                    display: flex;\n                    align-items: center;\n                    margin-bottom: 5px;\n                }\n                .player img {\n                    width: 30px;\n                    height: 30px;\n                    border-radius: 50%;\n                    margin-right: 10px;\n                }\n                    @media (max-width: 600px) {\n                    .team-lineup {\n                        width: 100%;\n                    }\n                }\n                <\/style>\n<div class=\"team-lineup\">\n<h3>Como<\/h3>\n<p><img decoding=\"async\" src=\"https:\/\/media.api-sports.io\/football\/teams\/895.png\" alt=\"Como\" style=\"width: 50px; height: 50px;\"><\/p>\n<div class=\"players-container\">\n<div>\n<h4>Titulares:<\/h4>\n<div class=\"player\"><a href=\"https:\/\/soccer.aidatasports.com\/es\/players\/Jean-Butez-8574\"><img decoding=\"async\" src=\"https:\/\/soccer.aidatasports.com\/images\/players\/8574.png\" alt=\"Jean Butez\" onerror=\"this.onerror=null;this.src='https:\/\/soccer.aidatasports.com\/images\/players\/default-player.png';\"><span>Jean Butez<\/span><\/a><\/div>\n<div class=\"player\"><a href=\"https:\/\/soccer.aidatasports.com\/es\/players\/Stefan-Posch-711\"><img decoding=\"async\" src=\"https:\/\/soccer.aidatasports.com\/images\/players\/711.png\" alt=\"Stefan Posch\" onerror=\"this.onerror=null;this.src='https:\/\/soccer.aidatasports.com\/images\/players\/default-player.png';\"><span>Stefan Posch<\/span><\/a><\/div>\n<div class=\"player\"><a href=\"https:\/\/soccer.aidatasports.com\/es\/players\/Jacobo-Ram\u00f3n-386305\"><img decoding=\"async\" src=\"https:\/\/soccer.aidatasports.com\/images\/players\/386305.png\" alt=\"Jacobo Ram\u00f3n\" onerror=\"this.onerror=null;this.src='https:\/\/soccer.aidatasports.com\/images\/players\/default-player.png';\"><span>Jacobo Ram\u00f3n<\/span><\/a><\/div>\n<div class=\"player\"><a href=\"https:\/\/soccer.aidatasports.com\/es\/players\/Diego-Carlos-21090\"><img decoding=\"async\" src=\"https:\/\/soccer.aidatasports.com\/images\/players\/21090.png\" alt=\"Diego Carlos\" onerror=\"this.onerror=null;this.src='https:\/\/soccer.aidatasports.com\/images\/players\/default-player.png';\"><span>Diego Carlos<\/span><\/a><\/div>\n<div class=\"player\"><a href=\"https:\/\/soccer.aidatasports.com\/es\/players\/\u00c1lex-Valle-336560\"><img decoding=\"async\" src=\"https:\/\/soccer.aidatasports.com\/images\/players\/336560.png\" alt=\"\u00c1lex Valle\" onerror=\"this.onerror=null;this.src='https:\/\/soccer.aidatasports.com\/images\/players\/default-player.png';\"><span>\u00c1lex Valle<\/span><\/a><\/div>\n<div class=\"player\"><a href=\"https:\/\/soccer.aidatasports.com\/es\/players\/Lucas-Da-Cunha-162266\"><img decoding=\"async\" src=\"https:\/\/soccer.aidatasports.com\/images\/players\/162266.png\" alt=\"Lucas Da Cunha\" onerror=\"this.onerror=null;this.src='https:\/\/soccer.aidatasports.com\/images\/players\/default-player.png';\"><span>Lucas Da Cunha<\/span><\/a><\/div>\n<div class=\"player\"><a href=\"https:\/\/soccer.aidatasports.com\/es\/players\/Maxence-Caqueret-659\"><img decoding=\"async\" src=\"https:\/\/soccer.aidatasports.com\/images\/players\/659.png\" alt=\"Maxence Caqueret\" onerror=\"this.onerror=null;this.src='https:\/\/soccer.aidatasports.com\/images\/players\/default-player.png';\"><span>Maxence Caqueret<\/span><\/a><\/div>\n<div class=\"player\"><a href=\"https:\/\/soccer.aidatasports.com\/es\/players\/Nicolas-Gerrit-K\u00fchn-38753\"><img decoding=\"async\" src=\"https:\/\/soccer.aidatasports.com\/images\/players\/38753.png\" alt=\"Nicolas-Gerrit K\u00fchn\" onerror=\"this.onerror=null;this.src='https:\/\/soccer.aidatasports.com\/images\/players\/default-player.png';\"><span>Nicolas-Gerrit K\u00fchn<\/span><\/a><\/div>\n<div class=\"player\"><a href=\"https:\/\/soccer.aidatasports.com\/es\/players\/Nico-Paz-350037\"><img decoding=\"async\" src=\"https:\/\/soccer.aidatasports.com\/images\/players\/350037.png\" alt=\"Nico Paz\" onerror=\"this.onerror=null;this.src='https:\/\/soccer.aidatasports.com\/images\/players\/default-player.png';\"><span>Nico Paz<\/span><\/a><\/div>\n<div class=\"player\"><a href=\"https:\/\/soccer.aidatasports.com\/es\/players\/Assane-Diao-400948\"><img decoding=\"async\" src=\"https:\/\/soccer.aidatasports.com\/images\/players\/400948.png\" alt=\"Assane Diao\" onerror=\"this.onerror=null;this.src='https:\/\/soccer.aidatasports.com\/images\/players\/default-player.png';\"><span>Assane Diao<\/span><\/a><\/div>\n<div class=\"player\"><a href=\"https:\/\/soccer.aidatasports.com\/es\/players\/Anastasios-Douvikas-26845\"><img decoding=\"async\" src=\"https:\/\/soccer.aidatasports.com\/images\/players\/26845.png\" alt=\"Anastasios Douvikas\" onerror=\"this.onerror=null;this.src='https:\/\/soccer.aidatasports.com\/images\/players\/default-player.png';\"><span>Anastasios Douvikas<\/span><\/a><\/div>\n<\/div>\n<div>\n<h4>Suplentes:<\/h4>\n<div class=\"player\"><a href=\"https:\/\/soccer.aidatasports.com\/es\/players\/Jes\u00fas-Rodriguez-443162\"><img decoding=\"async\" src=\"https:\/\/soccer.aidatasports.com\/images\/players\/443162.png\" alt=\"Jes\u00fas Rodriguez\" onerror=\"this.onerror=null;this.src='https:\/\/soccer.aidatasports.com\/images\/players\/default-player.png';\"><span>Jes\u00fas Rodriguez<\/span><\/a><\/div>\n<div class=\"player\"><a href=\"https:\/\/soccer.aidatasports.com\/es\/players\/Nikola-\u010cavlina-207804\"><img decoding=\"async\" src=\"https:\/\/soccer.aidatasports.com\/images\/players\/207804.png\" alt=\"Nikola \u010cavlina\" onerror=\"this.onerror=null;this.src='https:\/\/soccer.aidatasports.com\/images\/players\/default-player.png';\"><span>Nikola \u010cavlina<\/span><\/a><\/div>\n<div class=\"player\"><a href=\"https:\/\/soccer.aidatasports.com\/es\/players\/Mauro-Vigorito-31719\"><img decoding=\"async\" src=\"https:\/\/soccer.aidatasports.com\/images\/players\/31719.png\" alt=\"Mauro Vigorito\" onerror=\"this.onerror=null;this.src='https:\/\/soccer.aidatasports.com\/images\/players\/default-player.png';\"><span>Mauro Vigorito<\/span><\/a><\/div>\n<div class=\"player\"><a href=\"https:\/\/soccer.aidatasports.com\/es\/players\/Marc-Oliver-Kempf-26301\"><img decoding=\"async\" src=\"https:\/\/soccer.aidatasports.com\/images\/players\/26301.png\" alt=\"Marc-Oliver Kempf\" onerror=\"this.onerror=null;this.src='https:\/\/soccer.aidatasports.com\/images\/players\/default-player.png';\"><span>Marc-Oliver Kempf<\/span><\/a><\/div>\n<div class=\"player\"><a href=\"https:\/\/soccer.aidatasports.com\/es\/players\/Ivan-Smol\u010di\u0107-14266\"><img decoding=\"async\" src=\"https:\/\/soccer.aidatasports.com\/images\/players\/14266.png\" alt=\"Ivan Smol\u010di\u0107\" onerror=\"this.onerror=null;this.src='https:\/\/soccer.aidatasports.com\/images\/players\/default-player.png';\"><span>Ivan Smol\u010di\u0107<\/span><\/a><\/div>\n<div class=\"player\"><a href=\"https:\/\/soccer.aidatasports.com\/es\/players\/Alberto-Moreno-288\"><img decoding=\"async\" src=\"https:\/\/soccer.aidatasports.com\/images\/players\/288.png\" alt=\"Alberto Moreno\" onerror=\"this.onerror=null;this.src='https:\/\/soccer.aidatasports.com\/images\/players\/default-player.png';\"><span>Alberto Moreno<\/span><\/a><\/div>\n<div class=\"player\"><a href=\"https:\/\/soccer.aidatasports.com\/es\/players\/Ignace-Van-der-Brempt-129119\"><img decoding=\"async\" src=\"https:\/\/soccer.aidatasports.com\/images\/players\/129119.png\" alt=\"Ignace Van der Brempt\" onerror=\"this.onerror=null;this.src='https:\/\/soccer.aidatasports.com\/images\/players\/default-player.png';\"><span>Ignace Van der Brempt<\/span><\/a><\/div>\n<div class=\"player\"><a href=\"https:\/\/soccer.aidatasports.com\/es\/players\/M\u00ebrgim-Vojvoda-8586\"><img decoding=\"async\" src=\"https:\/\/soccer.aidatasports.com\/images\/players\/8586.png\" alt=\"M\u00ebrgim Vojvoda\" onerror=\"this.onerror=null;this.src='https:\/\/soccer.aidatasports.com\/images\/players\/default-player.png';\"><span>M\u00ebrgim Vojvoda<\/span><\/a><\/div>\n<div class=\"player\"><a href=\"https:\/\/soccer.aidatasports.com\/es\/players\/Edoardo-Goldaniga-31073\"><img decoding=\"async\" src=\"https:\/\/soccer.aidatasports.com\/images\/players\/31073.png\" alt=\"Edoardo Goldaniga\" onerror=\"this.onerror=null;this.src='https:\/\/soccer.aidatasports.com\/images\/players\/default-player.png';\"><span>Edoardo Goldaniga<\/span><\/a><\/div>\n<div class=\"player\"><a href=\"https:\/\/soccer.aidatasports.com\/es\/players\/M\u00e1ximo-Perrone-288699\"><img decoding=\"async\" src=\"https:\/\/soccer.aidatasports.com\/images\/players\/288699.png\" alt=\"M\u00e1ximo Perrone\" onerror=\"this.onerror=null;this.src='https:\/\/soccer.aidatasports.com\/images\/players\/default-player.png';\"><span>M\u00e1ximo Perrone<\/span><\/a><\/div>\n<div class=\"player\"><a href=\"https:\/\/soccer.aidatasports.com\/es\/players\/Martin-Baturina-295026\"><img decoding=\"async\" src=\"https:\/\/soccer.aidatasports.com\/images\/players\/295026.png\" alt=\"Martin Baturina\" onerror=\"this.onerror=null;this.src='https:\/\/soccer.aidatasports.com\/images\/players\/default-player.png';\"><span>Martin Baturina<\/span><\/a><\/div>\n<div class=\"player\"><a href=\"https:\/\/soccer.aidatasports.com\/es\/players\/Jayden-Addai-354533\"><img decoding=\"async\" src=\"https:\/\/soccer.aidatasports.com\/images\/players\/354533.png\" alt=\"Jayden Addai\" onerror=\"this.onerror=null;this.src='https:\/\/soccer.aidatasports.com\/images\/players\/default-player.png';\"><span>Jayden Addai<\/span><\/a><\/div>\n<div class=\"player\"><a href=\"https:\/\/soccer.aidatasports.com\/es\/players\/Andrea-Le-Borgne-562612\"><img decoding=\"async\" src=\"https:\/\/soccer.aidatasports.com\/images\/players\/562612.png\" alt=\"Andrea Le Borgne\" onerror=\"this.onerror=null;this.src='https:\/\/soccer.aidatasports.com\/images\/players\/default-player.png';\"><span>Andrea Le Borgne<\/span><\/a><\/div>\n<div class=\"player\"><a href=\"https:\/\/soccer.aidatasports.com\/es\/players\/\u00c1lvaro-Morata-59\"><img decoding=\"async\" src=\"https:\/\/soccer.aidatasports.com\/images\/players\/59.png\" alt=\"\u00c1lvaro Morata\" onerror=\"this.onerror=null;this.src='https:\/\/soccer.aidatasports.com\/images\/players\/default-player.png';\"><span>\u00c1lvaro Morata<\/span><\/a><\/div>\n<div class=\"player\"><a href=\"https:\/\/soccer.aidatasports.com\/es\/players\/Alberto-Cerri-30570\"><img decoding=\"async\" src=\"https:\/\/soccer.aidatasports.com\/images\/players\/30570.png\" alt=\"Alberto Cerri\" onerror=\"this.onerror=null;this.src='https:\/\/soccer.aidatasports.com\/images\/players\/default-player.png';\"><span>Alberto Cerri<\/span><\/a><\/div>\n<\/div>\n<\/div>\n<\/div>\n<div class=\"team-lineup\">\n<h3>Verona<\/h3>\n<p><img decoding=\"async\" src=\"https:\/\/media.api-sports.io\/football\/teams\/504.png\" alt=\"Verona\" style=\"width: 50px; height: 50px;\"><\/p>\n<div class=\"players-container\">\n<div>\n<h4>Titulares:<\/h4>\n<div class=\"player\"><a href=\"https:\/\/soccer.aidatasports.com\/es\/players\/Lorenzo-Montip\u00f2-30611\"><img decoding=\"async\" src=\"https:\/\/soccer.aidatasports.com\/images\/players\/30611.png\" alt=\"Lorenzo Montip\u00f2\" onerror=\"this.onerror=null;this.src='https:\/\/soccer.aidatasports.com\/images\/players\/default-player.png';\"><span>Lorenzo Montip\u00f2<\/span><\/a><\/div>\n<div class=\"player\"><a href=\"https:\/\/soccer.aidatasports.com\/es\/players\/Armel-Bella-Kotchap-25061\"><img decoding=\"async\" src=\"https:\/\/soccer.aidatasports.com\/images\/players\/25061.png\" alt=\"Armel Bella-Kotchap\" onerror=\"this.onerror=null;this.src='https:\/\/soccer.aidatasports.com\/images\/players\/default-player.png';\"><span>Armel Bella-Kotchap<\/span><\/a><\/div>\n<div class=\"player\"><a href=\"https:\/\/soccer.aidatasports.com\/es\/players\/Victor-Nelsson-15912\"><img decoding=\"async\" src=\"https:\/\/soccer.aidatasports.com\/images\/players\/15912.png\" alt=\"Victor Nelsson\" onerror=\"this.onerror=null;this.src='https:\/\/soccer.aidatasports.com\/images\/players\/default-player.png';\"><span>Victor Nelsson<\/span><\/a><\/div>\n<div class=\"player\"><a href=\"https:\/\/soccer.aidatasports.com\/es\/players\/Nicol\u00e1s-Valentini-311071\"><img decoding=\"async\" src=\"https:\/\/soccer.aidatasports.com\/images\/players\/311071.png\" alt=\"Nicol\u00e1s Valentini\" onerror=\"this.onerror=null;this.src='https:\/\/soccer.aidatasports.com\/images\/players\/default-player.png';\"><span>Nicol\u00e1s Valentini<\/span><\/a><\/div>\n<div class=\"player\"><a href=\"https:\/\/soccer.aidatasports.com\/es\/players\/Rafik-Belghali-303362\"><img decoding=\"async\" src=\"https:\/\/soccer.aidatasports.com\/images\/players\/303362.png\" alt=\"Rafik Belghali\" onerror=\"this.onerror=null;this.src='https:\/\/soccer.aidatasports.com\/images\/players\/default-player.png';\"><span>Rafik Belghali<\/span><\/a><\/div>\n<div class=\"player\"><a href=\"https:\/\/soccer.aidatasports.com\/es\/players\/Suat-Serdar-418\"><img decoding=\"async\" src=\"https:\/\/soccer.aidatasports.com\/images\/players\/418.png\" alt=\"Suat Serdar\" onerror=\"this.onerror=null;this.src='https:\/\/soccer.aidatasports.com\/images\/players\/default-player.png';\"><span>Suat Serdar<\/span><\/a><\/div>\n<div class=\"player\"><a href=\"https:\/\/soccer.aidatasports.com\/es\/players\/Roberto-Gagliardini-203\"><img decoding=\"async\" src=\"https:\/\/soccer.aidatasports.com\/images\/players\/203.png\" alt=\"Roberto Gagliardini\" onerror=\"this.onerror=null;this.src='https:\/\/soccer.aidatasports.com\/images\/players\/default-player.png';\"><span>Roberto Gagliardini<\/span><\/a><\/div>\n<div class=\"player\"><a href=\"https:\/\/soccer.aidatasports.com\/es\/players\/Antoine-Bernede-1090\"><img decoding=\"async\" src=\"https:\/\/soccer.aidatasports.com\/images\/players\/1090.png\" alt=\"Antoine Bernede\" onerror=\"this.onerror=null;this.src='https:\/\/soccer.aidatasports.com\/images\/players\/default-player.png';\"><span>Antoine Bernede<\/span><\/a><\/div>\n<div class=\"player\"><a href=\"https:\/\/soccer.aidatasports.com\/es\/players\/Martin-Frese-15909\"><img decoding=\"async\" src=\"https:\/\/soccer.aidatasports.com\/images\/players\/15909.png\" alt=\"Martin Frese\" onerror=\"this.onerror=null;this.src='https:\/\/soccer.aidatasports.com\/images\/players\/default-player.png';\"><span>Martin Frese<\/span><\/a><\/div>\n<div class=\"player\"><a href=\"https:\/\/soccer.aidatasports.com\/es\/players\/Giovane-312615\"><img decoding=\"async\" src=\"https:\/\/soccer.aidatasports.com\/images\/players\/312615.png\" alt=\"Giovane\" onerror=\"this.onerror=null;this.src='https:\/\/soccer.aidatasports.com\/images\/players\/default-player.png';\"><span>Giovane<\/span><\/a><\/div>\n<div class=\"player\"><a href=\"https:\/\/soccer.aidatasports.com\/es\/players\/Gift-Orban-368260\"><img decoding=\"async\" src=\"https:\/\/soccer.aidatasports.com\/images\/players\/368260.png\" alt=\"Gift Orban\" onerror=\"this.onerror=null;this.src='https:\/\/soccer.aidatasports.com\/images\/players\/default-player.png';\"><span>Gift Orban<\/span><\/a><\/div>\n<\/div>\n<div>\n<h4>Suplentes:<\/h4>\n<div class=\"player\"><a href=\"https:\/\/soccer.aidatasports.com\/es\/players\/Domagoj-Bradari\u0107-14327\"><img decoding=\"async\" src=\"https:\/\/soccer.aidatasports.com\/images\/players\/14327.png\" alt=\"Domagoj Bradari\u0107\" onerror=\"this.onerror=null;this.src='https:\/\/soccer.aidatasports.com\/images\/players\/default-player.png';\"><span>Domagoj Bradari\u0107<\/span><\/a><\/div>\n<div class=\"player\"><a href=\"https:\/\/soccer.aidatasports.com\/es\/players\/Simone-Perilli-31383\"><img decoding=\"async\" src=\"https:\/\/soccer.aidatasports.com\/images\/players\/31383.png\" alt=\"Simone Perilli\" onerror=\"this.onerror=null;this.src='https:\/\/soccer.aidatasports.com\/images\/players\/default-player.png';\"><span>Simone Perilli<\/span><\/a><\/div>\n<div class=\"player\"><a href=\"https:\/\/soccer.aidatasports.com\/es\/players\/Giacomo-Toniolo-350539\"><img decoding=\"async\" src=\"https:\/\/soccer.aidatasports.com\/images\/players\/350539.png\" alt=\"Giacomo Toniolo\" onerror=\"this.onerror=null;this.src='https:\/\/soccer.aidatasports.com\/images\/players\/default-player.png';\"><span>Giacomo Toniolo<\/span><\/a><\/div>\n<div class=\"player\"><a href=\"https:\/\/soccer.aidatasports.com\/es\/players\/Fallou-Cham-527889\"><img decoding=\"async\" src=\"https:\/\/soccer.aidatasports.com\/images\/players\/527889.png\" alt=\"Fallou Cham\" onerror=\"this.onerror=null;this.src='https:\/\/soccer.aidatasports.com\/images\/players\/default-player.png';\"><span>Fallou Cham<\/span><\/a><\/div>\n<div class=\"player\"><a href=\"https:\/\/soccer.aidatasports.com\/es\/players\/Enzo-Ebosse-20656\"><img decoding=\"async\" src=\"https:\/\/soccer.aidatasports.com\/images\/players\/20656.png\" alt=\"Enzo Ebosse\" onerror=\"this.onerror=null;this.src='https:\/\/soccer.aidatasports.com\/images\/players\/default-player.png';\"><span>Enzo Ebosse<\/span><\/a><\/div>\n<div class=\"player\"><a href=\"https:\/\/soccer.aidatasports.com\/es\/players\/Tobias-Slotsager-368129\"><img decoding=\"async\" src=\"https:\/\/soccer.aidatasports.com\/images\/players\/368129.png\" alt=\"Tobias Slotsager\" onerror=\"this.onerror=null;this.src='https:\/\/soccer.aidatasports.com\/images\/players\/default-player.png';\"><span>Tobias Slotsager<\/span><\/a><\/div>\n<div class=\"player\"><a href=\"https:\/\/soccer.aidatasports.com\/es\/players\/Cheikh-Niasse-22239\"><img decoding=\"async\" src=\"https:\/\/soccer.aidatasports.com\/images\/players\/22239.png\" alt=\"Cheikh Niasse\" onerror=\"this.onerror=null;this.src='https:\/\/soccer.aidatasports.com\/images\/players\/default-player.png';\"><span>Cheikh Niasse<\/span><\/a><\/div>\n<div class=\"player\"><a href=\"https:\/\/soccer.aidatasports.com\/es\/players\/Abdou-Harroui-37437\"><img decoding=\"async\" src=\"https:\/\/soccer.aidatasports.com\/images\/players\/37437.png\" alt=\"Abdou Harroui\" onerror=\"this.onerror=null;this.src='https:\/\/soccer.aidatasports.com\/images\/players\/default-player.png';\"><span>Abdou Harroui<\/span><\/a><\/div>\n<div class=\"player\"><a href=\"https:\/\/soccer.aidatasports.com\/es\/players\/Yellu-Santiago-364415\"><img decoding=\"async\" src=\"https:\/\/soccer.aidatasports.com\/images\/players\/364415.png\" alt=\"Yellu Santiago\" onerror=\"this.onerror=null;this.src='https:\/\/soccer.aidatasports.com\/images\/players\/default-player.png';\"><span>Yellu Santiago<\/span><\/a><\/div>\n<div class=\"player\"><a href=\"https:\/\/soccer.aidatasports.com\/es\/players\/Daniel-Mosquera-59421\"><img decoding=\"async\" src=\"https:\/\/soccer.aidatasports.com\/images\/players\/59421.png\" alt=\"Daniel Mosquera\" onerror=\"this.onerror=null;this.src='https:\/\/soccer.aidatasports.com\/images\/players\/default-player.png';\"><span>Daniel Mosquera<\/span><\/a><\/div>\n<div class=\"player\"><a href=\"https:\/\/soccer.aidatasports.com\/es\/players\/Junior-Ajayi-408634\"><img decoding=\"async\" src=\"https:\/\/soccer.aidatasports.com\/images\/players\/408634.png\" alt=\"Junior Ajayi\" onerror=\"this.onerror=null;this.src='https:\/\/soccer.aidatasports.com\/images\/players\/default-player.png';\"><span>Junior Ajayi<\/span><\/a><\/div>\n<div class=\"player\"><a href=\"https:\/\/soccer.aidatasports.com\/es\/players\/Amin-Sarr-236955\"><img decoding=\"async\" src=\"https:\/\/soccer.aidatasports.com\/images\/players\/236955.png\" alt=\"Amin Sarr\" onerror=\"this.onerror=null;this.src='https:\/\/soccer.aidatasports.com\/images\/players\/default-player.png';\"><span>Amin Sarr<\/span><\/a><\/div>\n<\/div>\n<\/div>\n<\/div>\n<\/div>\n<div id=\"wg-api-football-game\"\n                    data-host=\"xxxxx\"\n                    data-key=\"xxxx\"\n                    data-id=\"1377947\"\n                    data-theme=\"\"\n                    data-refresh=\"15\"\n                    data-show-errors=\"false\"\n                    data-show-logos=\"true\"><br \/>\n                    class=\u00bbwg_loader\u00bb>\n                <\/div>\n<div id=\"wg-api-football-standings\"\n                    data-host=\"xxxx\"\n                    data-key=\"ddddd\"\n                    data-league=\"135\"\n                    data-team=\"\"\n                    data-season=\"2025\"\n                    data-theme=\"\"\n                    data-show-errors=\"false\"\n                    data-show-logos=\"true\"\n                    class=\"wg_loader\">\n                <\/div>\n<p>                <script\n                    type=\"module\"\n                    src=\"https:\/\/soccer.aidatasports.com\/wp-content\/customjs\/widgetslocal.js\">\n                <\/script><\/p>\n","protected":false},"excerpt":{"rendered":"<p>Espa\u00f1ol: El Como Domina al Verona en Casa con un Contundente 3-1 Como, Italia \u2013&hellip;<\/p>\n","protected":false},"author":1,"featured_media":139303,"comment_status":"open","ping_status":"open","sticky":false,"template":"","format":"standard","meta":{"content-type":"","_lmt_disableupdate":"","_lmt_disable":"","_league":15837,"_fixture":1377947,"penci_pfeatured_image_ratio":"","penci_single_style":"","footnotes":""},"categories":[15837],"tags":[946,616],"class_list":["post-139304","post","type-post","status-publish","format-standard","has-post-thumbnail","hentry","category-matches","tag-como-italy-895","tag-verona-italy-504"],"_links":{"self":[{"href":"https:\/\/soccer.aidatasports.com\/es\/wp-json\/wp\/v2\/posts\/139304"}],"collection":[{"href":"https:\/\/soccer.aidatasports.com\/es\/wp-json\/wp\/v2\/posts"}],"about":[{"href":"https:\/\/soccer.aidatasports.com\/es\/wp-json\/wp\/v2\/types\/post"}],"author":[{"embeddable":true,"href":"https:\/\/soccer.aidatasports.com\/es\/wp-json\/wp\/v2\/users\/1"}],"replies":[{"embeddable":true,"href":"https:\/\/soccer.aidatasports.com\/es\/wp-json\/wp\/v2\/comments?post=139304"}],"version-history":[{"count":0,"href":"https:\/\/soccer.aidatasports.com\/es\/wp-json\/wp\/v2\/posts\/139304\/revisions"}],"wp:featuredmedia":[{"embeddable":true,"href":"https:\/\/soccer.aidatasports.com\/es\/wp-json\/wp\/v2\/media\/139303"}],"wp:attachment":[{"href":"https:\/\/soccer.aidatasports.com\/es\/wp-json\/wp\/v2\/media?parent=139304"}],"wp:term":[{"taxonomy":"category","embeddable":true,"href":"https:\/\/soccer.aidatasports.com\/es\/wp-json\/wp\/v2\/categories?post=139304"},{"taxonomy":"post_tag","embeddable":true,"href":"https:\/\/soccer.aidatasports.com\/es\/wp-json\/wp\/v2\/tags?post=139304"}],"curies":[{"name":"wp","href":"https:\/\/api.w.org\/{rel}","templated":true}]}}