{"id":131256,"date":"2025-10-03T20:02:35","date_gmt":"2025-10-03T20:02:35","guid":{"rendered":"https:\/\/soccer.aidatasports.com\/es\/uncategorized\/den-bosch-vs-waalwijk-oct-03-2025-1800-utc\/"},"modified":"2025-10-03T20:02:35","modified_gmt":"2025-10-03T20:02:35","slug":"den-bosch-vs-waalwijk-oct-03-2025-1800-utc","status":"publish","type":"post","link":"https:\/\/soccer.aidatasports.com\/es\/matches\/den-bosch-vs-waalwijk-oct-03-2025-1800-utc\/","title":{"rendered":"Den Bosch vs Waalwijk Oct 03 2025 18:00 UTC"},"content":{"rendered":"<p><strong>Espa\u00f1ol:<\/strong><\/p>\n<p><strong>Emocionante empate en &#8216;s-Hertogenbosch entre Den Bosch y Waalwijk<\/strong><\/p>\n<p>En un vibrante encuentro disputado en el estadio De Vliert de &#8216;s-Hertogenbosch, Den Bosch y Waalwijk empataron en un partido de la Eerste Divisie lleno de alternativas y emoci\u00f3n hasta el \u00faltimo minuto. Waalwijk se adelant\u00f3 en el marcador en el minuto 16 con un gol de N. Held, asistido por J. Altena. El primer tiempo se caracteriz\u00f3 por la intensidad y algunas jugadas bruscas, reflejadas en las tarjetas amarillas para G. Roemeratoe y N. Held, ambos del Waalwijk.<\/p>\n<p>En la segunda mitad, Den Bosch sali\u00f3 con renovadas energ\u00edas y logr\u00f3 igualar el encuentro en el minuto 66 con un gol de N. de Groot, tras una buena jugada de K. Monzialo. Sin embargo, la alegr\u00eda local dur\u00f3 poco, ya que al minuto siguiente T. van der Leij devolvi\u00f3 la ventaja a Waalwijk con un tanto asistido por D. van Kaam. Cuando parec\u00eda que la victoria se iba para Waalwijk, G. Sille, en el minuto 83, igual\u00f3 el marcador para Den Bosch, estableciendo el 3-3 definitivo.<\/p>\n<p>A pesar del dominio en la posesi\u00f3n del bal\u00f3n por parte de Den Bosch (55%), Waalwijk gener\u00f3 m\u00e1s ocasiones de gol, con 16 tiros totales frente a los 9 de su rival. El partido fue intenso en el centro del campo, con un total de 18 faltas cometidas entre ambos equipos. Waalwijk tambi\u00e9n recibi\u00f3 m\u00e1s tarjetas amarillas que Den Bosch (3 frente a 0). Al final, un empate que refleja la competitividad de la Eerste Divisie.<\/p>\n<p>Sustituciones en el equipo de den bosch: en el minuto 46 ingres\u00f3 C. El Allachi y sali\u00f3 E. Semedo, en el minuto 61 ingres\u00f3 M. Laros y sali\u00f3 B. Wang, en el minuto 61 ingres\u00f3 D. Verbeek y sali\u00f3 G. Sille, en el minuto 90 ingres\u00f3 K. Monzialo y sali\u00f3 D. Kuijpers <\/p>\n<p>Sustituciones en el equipo de waalwijk: en el minuto 76 ingres\u00f3 R. van der Venne y sali\u00f3 C. Lokesa, en el minuto 77 ingres\u00f3 D. Cleonise y sali\u00f3 J. Uneken, en el minuto 77 ingres\u00f3 T. van der Leij y sali\u00f3 R. Kuijpers, en el minuto 84 ingres\u00f3 R. van Hedel y sali\u00f3 H. Kuster <\/p>\n<p>Los equipos alinearon de la siguiente manera:<\/p>\n<div class=\"lineups-container\">\n<style>\n                .lineups-container {\n                    display: flex;\n                    justify-content: space-around;\n                    flex-wrap: wrap;\n                }\n                .team-lineup {\n                    width: 49%;\n                    margin-bottom: 20px;\n                    border: 1px solid #ccc;\n                    padding: 5px;\n                }\n                .team-lineup h3 {\n                    text-align: center;\n                    margin-bottom: 10px;\n                }\n                .players-container {\n                    display: flex;\n                    justify-content: space-between;\n                }\n                .players-container div {\n                    width: 100%;\n                }\n                .player {\n                    display: flex;\n                    align-items: center;\n                    margin-bottom: 5px;\n                }\n                .player img {\n                    width: 30px;\n                    height: 30px;\n                    border-radius: 50%;\n                    margin-right: 10px;\n                }\n                    @media (max-width: 600px) {\n                    .team-lineup {\n                        width: 100%;\n                    }\n                }\n                <\/style>\n<div class=\"team-lineup\">\n<h3>Den Bosch<\/h3>\n<p><img decoding=\"async\" src=\"https:\/\/media.api-sports.io\/football\/teams\/421.png\" alt=\"Den Bosch\" style=\"width: 50px; height: 50px;\"><\/p>\n<div class=\"players-container\">\n<div>\n<h4>Titulares:<\/h4>\n<div class=\"player\"><a href=\"https:\/\/soccer.aidatasports.com\/es\/players\/Pepijn-van-de-Merbel-290538\"><img decoding=\"async\" src=\"https:\/\/soccer.aidatasports.com\/images\/players\/290538.png\" alt=\"Pepijn van de Merbel\" onerror=\"this.onerror=null;this.src='https:\/\/soccer.aidatasports.com\/images\/players\/default-player.png';\"><span>Pepijn van de Merbel<\/span><\/a><\/div>\n<div class=\"player\"><a href=\"https:\/\/soccer.aidatasports.com\/es\/players\/Jeffrey-Fortes-37885\"><img decoding=\"async\" src=\"https:\/\/soccer.aidatasports.com\/images\/players\/37885.png\" alt=\"Jeffrey Fortes\" onerror=\"this.onerror=null;this.src='https:\/\/soccer.aidatasports.com\/images\/players\/default-player.png';\"><span>Jeffrey Fortes<\/span><\/a><\/div>\n<div class=\"player\"><a href=\"https:\/\/soccer.aidatasports.com\/es\/players\/Teun-van-Grunsven-38296\"><img decoding=\"async\" src=\"https:\/\/soccer.aidatasports.com\/images\/players\/38296.png\" alt=\"Teun van Grunsven\" onerror=\"this.onerror=null;this.src='https:\/\/soccer.aidatasports.com\/images\/players\/default-player.png';\"><span>Teun van Grunsven<\/span><\/a><\/div>\n<div class=\"player\"><a href=\"https:\/\/soccer.aidatasports.com\/es\/players\/Reda-Akmum-92972\"><img decoding=\"async\" src=\"https:\/\/soccer.aidatasports.com\/images\/players\/92972.png\" alt=\"Reda Akmum\" onerror=\"this.onerror=null;this.src='https:\/\/soccer.aidatasports.com\/images\/players\/default-player.png';\"><span>Reda Akmum<\/span><\/a><\/div>\n<div class=\"player\"><a href=\"https:\/\/soccer.aidatasports.com\/es\/players\/Nick-de-Groot-325797\"><img decoding=\"async\" src=\"https:\/\/soccer.aidatasports.com\/images\/players\/325797.png\" alt=\"Nick de Groot\" onerror=\"this.onerror=null;this.src='https:\/\/soccer.aidatasports.com\/images\/players\/default-player.png';\"><span>Nick de Groot<\/span><\/a><\/div>\n<div class=\"player\"><a href=\"https:\/\/soccer.aidatasports.com\/es\/players\/Kevin-Felida-37461\"><img decoding=\"async\" src=\"https:\/\/soccer.aidatasports.com\/images\/players\/37461.png\" alt=\"Kevin Felida\" onerror=\"this.onerror=null;this.src='https:\/\/soccer.aidatasports.com\/images\/players\/default-player.png';\"><span>Kevin Felida<\/span><\/a><\/div>\n<div class=\"player\"><a href=\"https:\/\/soccer.aidatasports.com\/es\/players\/Danny-Verbeek-37472\"><img decoding=\"async\" src=\"https:\/\/soccer.aidatasports.com\/images\/players\/37472.png\" alt=\"Danny Verbeek\" onerror=\"this.onerror=null;this.src='https:\/\/soccer.aidatasports.com\/images\/players\/default-player.png';\"><span>Danny Verbeek<\/span><\/a><\/div>\n<div class=\"player\"><a href=\"https:\/\/soccer.aidatasports.com\/es\/players\/Mees-Laros-425822\"><img decoding=\"async\" src=\"https:\/\/soccer.aidatasports.com\/images\/players\/425822.png\" alt=\"Mees Laros\" onerror=\"this.onerror=null;this.src='https:\/\/soccer.aidatasports.com\/images\/players\/default-player.png';\"><span>Mees Laros<\/span><\/a><\/div>\n<div class=\"player\"><a href=\"https:\/\/soccer.aidatasports.com\/es\/players\/Thijs-van-Leeuwen-272725\"><img decoding=\"async\" src=\"https:\/\/soccer.aidatasports.com\/images\/players\/272725.png\" alt=\"Thijs van Leeuwen\" onerror=\"this.onerror=null;this.src='https:\/\/soccer.aidatasports.com\/images\/players\/default-player.png';\"><span>Thijs van Leeuwen<\/span><\/a><\/div>\n<div class=\"player\"><a href=\"https:\/\/soccer.aidatasports.com\/es\/players\/Allachi-Chahid-357052\"><img decoding=\"async\" src=\"https:\/\/soccer.aidatasports.com\/images\/players\/357052.png\" alt=\"Allachi Chahid\" onerror=\"this.onerror=null;this.src='https:\/\/soccer.aidatasports.com\/images\/players\/default-player.png';\"><span>Allachi Chahid<\/span><\/a><\/div>\n<div class=\"player\"><a href=\"https:\/\/soccer.aidatasports.com\/es\/players\/K\u00e9vin-Monzialo-56299\"><img decoding=\"async\" src=\"https:\/\/soccer.aidatasports.com\/images\/players\/56299.png\" alt=\"K\u00e9vin Monzialo\" onerror=\"this.onerror=null;this.src='https:\/\/soccer.aidatasports.com\/images\/players\/default-player.png';\"><span>K\u00e9vin Monzialo<\/span><\/a><\/div>\n<\/div>\n<div>\n<h4>Suplentes:<\/h4>\n<div class=\"player\"><a href=\"https:\/\/soccer.aidatasports.com\/es\/players\/Emian-Johar-Semedo-405381\"><img decoding=\"async\" src=\"https:\/\/soccer.aidatasports.com\/images\/players\/405381.png\" alt=\"Emian-Johar Semedo\" onerror=\"this.onerror=null;this.src='https:\/\/soccer.aidatasports.com\/images\/players\/default-player.png';\"><span>Emian-Johar Semedo<\/span><\/a><\/div>\n<div class=\"player\"><a href=\"https:\/\/soccer.aidatasports.com\/es\/players\/Bohao-Wang-427645\"><img decoding=\"async\" src=\"https:\/\/soccer.aidatasports.com\/images\/players\/427645.png\" alt=\"Bohao Wang\" onerror=\"this.onerror=null;this.src='https:\/\/soccer.aidatasports.com\/images\/players\/default-player.png';\"><span>Bohao Wang<\/span><\/a><\/div>\n<div class=\"player\"><a href=\"https:\/\/soccer.aidatasports.com\/es\/players\/Genrich-Sill\u00e9-390094\"><img decoding=\"async\" src=\"https:\/\/soccer.aidatasports.com\/images\/players\/390094.png\" alt=\"Genrich Sill\u00e9\" onerror=\"this.onerror=null;this.src='https:\/\/soccer.aidatasports.com\/images\/players\/default-player.png';\"><span>Genrich Sill\u00e9<\/span><\/a><\/div>\n<div class=\"player\"><a href=\"https:\/\/soccer.aidatasports.com\/es\/players\/Silver-Elum-481296\"><img decoding=\"async\" src=\"https:\/\/soccer.aidatasports.com\/images\/players\/481296.png\" alt=\"Silver Elum\" onerror=\"this.onerror=null;this.src='https:\/\/soccer.aidatasports.com\/images\/players\/default-player.png';\"><span>Silver Elum<\/span><\/a><\/div>\n<div class=\"player\"><a href=\"https:\/\/soccer.aidatasports.com\/es\/players\/Roel-van-Balsfoort-447412\"><img decoding=\"async\" src=\"https:\/\/soccer.aidatasports.com\/images\/players\/447412.png\" alt=\"Roel van Balsfoort\" onerror=\"this.onerror=null;this.src='https:\/\/soccer.aidatasports.com\/images\/players\/default-player.png';\"><span>Roel van Balsfoort<\/span><\/a><\/div>\n<div class=\"player\"><a href=\"https:\/\/soccer.aidatasports.com\/es\/players\/Luc-van-Koeverden-413160\"><img decoding=\"async\" src=\"https:\/\/soccer.aidatasports.com\/images\/players\/413160.png\" alt=\"Luc van Koeverden\" onerror=\"this.onerror=null;this.src='https:\/\/soccer.aidatasports.com\/images\/players\/default-player.png';\"><span>Luc van Koeverden<\/span><\/a><\/div>\n<div class=\"player\"><a href=\"https:\/\/soccer.aidatasports.com\/es\/players\/Stan-Maas-280673\"><img decoding=\"async\" src=\"https:\/\/soccer.aidatasports.com\/images\/players\/280673.png\" alt=\"Stan Maas\" onerror=\"this.onerror=null;this.src='https:\/\/soccer.aidatasports.com\/images\/players\/default-player.png';\"><span>Stan Maas<\/span><\/a><\/div>\n<div class=\"player\"><a href=\"https:\/\/soccer.aidatasports.com\/es\/players\/Zaid-el-Bakkali-480301\"><img decoding=\"async\" src=\"https:\/\/soccer.aidatasports.com\/images\/players\/480301.png\" alt=\"Zaid el Bakkali\" onerror=\"this.onerror=null;this.src='https:\/\/soccer.aidatasports.com\/images\/players\/default-player.png';\"><span>Zaid el Bakkali<\/span><\/a><\/div>\n<div class=\"player\"><a href=\"https:\/\/soccer.aidatasports.com\/es\/players\/Denzel-Kuijpers-425910\"><img decoding=\"async\" src=\"https:\/\/soccer.aidatasports.com\/images\/players\/425910.png\" alt=\"Denzel Kuijpers\" onerror=\"this.onerror=null;this.src='https:\/\/soccer.aidatasports.com\/images\/players\/default-player.png';\"><span>Denzel Kuijpers<\/span><\/a><\/div>\n<\/div>\n<\/div>\n<\/div>\n<div class=\"team-lineup\">\n<h3>Waalwijk<\/h3>\n<p><img decoding=\"async\" src=\"https:\/\/media.api-sports.io\/football\/teams\/417.png\" alt=\"Waalwijk\" style=\"width: 50px; height: 50px;\"><\/p>\n<div class=\"players-container\">\n<div>\n<h4>Titulares:<\/h4>\n<div class=\"player\"><a href=\"https:\/\/soccer.aidatasports.com\/es\/players\/Mark-Spenkelink-37601\"><img decoding=\"async\" src=\"https:\/\/soccer.aidatasports.com\/images\/players\/37601.png\" alt=\"Mark Spenkelink\" onerror=\"this.onerror=null;this.src='https:\/\/soccer.aidatasports.com\/images\/players\/default-player.png';\"><span>Mark Spenkelink<\/span><\/a><\/div>\n<div class=\"player\"><a href=\"https:\/\/soccer.aidatasports.com\/es\/players\/Jordi-Altena-431652\"><img decoding=\"async\" src=\"https:\/\/soccer.aidatasports.com\/images\/players\/431652.png\" alt=\"Jordi Altena\" onerror=\"this.onerror=null;this.src='https:\/\/soccer.aidatasports.com\/images\/players\/default-player.png';\"><span>Jordi Altena<\/span><\/a><\/div>\n<div class=\"player\"><a href=\"https:\/\/soccer.aidatasports.com\/es\/players\/Loek-Postma-340712\"><img decoding=\"async\" src=\"https:\/\/soccer.aidatasports.com\/images\/players\/340712.png\" alt=\"Loek Postma\" onerror=\"this.onerror=null;this.src='https:\/\/soccer.aidatasports.com\/images\/players\/default-player.png';\"><span>Loek Postma<\/span><\/a><\/div>\n<div class=\"player\"><a href=\"https:\/\/soccer.aidatasports.com\/es\/players\/Luuk-Wouters-272317\"><img decoding=\"async\" src=\"https:\/\/soccer.aidatasports.com\/images\/players\/272317.png\" alt=\"Luuk Wouters\" onerror=\"this.onerror=null;this.src='https:\/\/soccer.aidatasports.com\/images\/players\/default-player.png';\"><span>Luuk Wouters<\/span><\/a><\/div>\n<div class=\"player\"><a href=\"https:\/\/soccer.aidatasports.com\/es\/players\/Nazjir-Held-411290\"><img decoding=\"async\" src=\"https:\/\/soccer.aidatasports.com\/images\/players\/411290.png\" alt=\"Nazjir Held\" onerror=\"this.onerror=null;this.src='https:\/\/soccer.aidatasports.com\/images\/players\/default-player.png';\"><span>Nazjir Held<\/span><\/a><\/div>\n<div class=\"player\"><a href=\"https:\/\/soccer.aidatasports.com\/es\/players\/Godfried-Roemeratoe-36842\"><img decoding=\"async\" src=\"https:\/\/soccer.aidatasports.com\/images\/players\/36842.png\" alt=\"Godfried Roemeratoe\" onerror=\"this.onerror=null;this.src='https:\/\/soccer.aidatasports.com\/images\/players\/default-player.png';\"><span>Godfried Roemeratoe<\/span><\/a><\/div>\n<div class=\"player\"><a href=\"https:\/\/soccer.aidatasports.com\/es\/players\/Richard-van-der-Venne-37619\"><img decoding=\"async\" src=\"https:\/\/soccer.aidatasports.com\/images\/players\/37619.png\" alt=\"Richard van der Venne\" onerror=\"this.onerror=null;this.src='https:\/\/soccer.aidatasports.com\/images\/players\/default-player.png';\"><span>Richard van der Venne<\/span><\/a><\/div>\n<div class=\"player\"><a href=\"https:\/\/soccer.aidatasports.com\/es\/players\/Daniel-van-Kaam-38126\"><img decoding=\"async\" src=\"https:\/\/soccer.aidatasports.com\/images\/players\/38126.png\" alt=\"Daniel van Kaam\" onerror=\"this.onerror=null;this.src='https:\/\/soccer.aidatasports.com\/images\/players\/default-player.png';\"><span>Daniel van Kaam<\/span><\/a><\/div>\n<div class=\"player\"><a href=\"https:\/\/soccer.aidatasports.com\/es\/players\/Denilho-Cleonise-159350\"><img decoding=\"async\" src=\"https:\/\/soccer.aidatasports.com\/images\/players\/159350.png\" alt=\"Denilho Cleonise\" onerror=\"this.onerror=null;this.src='https:\/\/soccer.aidatasports.com\/images\/players\/default-player.png';\"><span>Denilho Cleonise<\/span><\/a><\/div>\n<div class=\"player\"><a href=\"https:\/\/soccer.aidatasports.com\/es\/players\/Tim-van-der-Leij-None\"><img decoding=\"async\" src=\"https:\/\/soccer.aidatasports.com\/images\/players\/None.png\" alt=\"Tim van der Leij\" onerror=\"this.onerror=null;this.src='https:\/\/soccer.aidatasports.com\/images\/players\/default-player.png';\"><span>Tim van der Leij<\/span><\/a><\/div>\n<div class=\"player\"><a href=\"https:\/\/soccer.aidatasports.com\/es\/players\/Rein-van-Hedel-343291\"><img decoding=\"async\" src=\"https:\/\/soccer.aidatasports.com\/images\/players\/343291.png\" alt=\"Rein van Hedel\" onerror=\"this.onerror=null;this.src='https:\/\/soccer.aidatasports.com\/images\/players\/default-player.png';\"><span>Rein van Hedel<\/span><\/a><\/div>\n<\/div>\n<div>\n<h4>Suplentes:<\/h4>\n<div class=\"player\"><a href=\"https:\/\/soccer.aidatasports.com\/es\/players\/Xander-Mulder-519237\"><img decoding=\"async\" src=\"https:\/\/soccer.aidatasports.com\/images\/players\/519237.png\" alt=\"Xander Mulder\" onerror=\"this.onerror=null;this.src='https:\/\/soccer.aidatasports.com\/images\/players\/default-player.png';\"><span>Xander Mulder<\/span><\/a><\/div>\n<div class=\"player\"><a href=\"https:\/\/soccer.aidatasports.com\/es\/players\/Luuk-Vogels-380395\"><img decoding=\"async\" src=\"https:\/\/soccer.aidatasports.com\/images\/players\/380395.png\" alt=\"Luuk Vogels\" onerror=\"this.onerror=null;this.src='https:\/\/soccer.aidatasports.com\/images\/players\/default-player.png';\"><span>Luuk Vogels<\/span><\/a><\/div>\n<div class=\"player\"><a href=\"https:\/\/soccer.aidatasports.com\/es\/players\/Bjarn-Zorgdrager-546662\"><img decoding=\"async\" src=\"https:\/\/soccer.aidatasports.com\/images\/players\/546662.png\" alt=\"Bjarn Zorgdrager\" onerror=\"this.onerror=null;this.src='https:\/\/soccer.aidatasports.com\/images\/players\/default-player.png';\"><span>Bjarn Zorgdrager<\/span><\/a><\/div>\n<div class=\"player\"><a href=\"https:\/\/soccer.aidatasports.com\/es\/players\/Juan-Castillo-138817\"><img decoding=\"async\" src=\"https:\/\/soccer.aidatasports.com\/images\/players\/138817.png\" alt=\"Juan Castillo\" onerror=\"this.onerror=null;this.src='https:\/\/soccer.aidatasports.com\/images\/players\/default-player.png';\"><span>Juan Castillo<\/span><\/a><\/div>\n<div class=\"player\"><a href=\"https:\/\/soccer.aidatasports.com\/es\/players\/Marcel-Schaapman-158618\"><img decoding=\"async\" src=\"https:\/\/soccer.aidatasports.com\/images\/players\/158618.png\" alt=\"Marcel Schaapman\" onerror=\"this.onerror=null;this.src='https:\/\/soccer.aidatasports.com\/images\/players\/default-player.png';\"><span>Marcel Schaapman<\/span><\/a><\/div>\n<div class=\"player\"><a href=\"https:\/\/soccer.aidatasports.com\/es\/players\/Chris-Lokesa-371843\"><img decoding=\"async\" src=\"https:\/\/soccer.aidatasports.com\/images\/players\/371843.png\" alt=\"Chris Lokesa\" onerror=\"this.onerror=null;this.src='https:\/\/soccer.aidatasports.com\/images\/players\/default-player.png';\"><span>Chris Lokesa<\/span><\/a><\/div>\n<div class=\"player\"><a href=\"https:\/\/soccer.aidatasports.com\/es\/players\/Melle-Witteveen-427274\"><img decoding=\"async\" src=\"https:\/\/soccer.aidatasports.com\/images\/players\/427274.png\" alt=\"Melle Witteveen\" onerror=\"this.onerror=null;this.src='https:\/\/soccer.aidatasports.com\/images\/players\/default-player.png';\"><span>Melle Witteveen<\/span><\/a><\/div>\n<div class=\"player\"><a href=\"https:\/\/soccer.aidatasports.com\/es\/players\/Harrie-Kuster-428077\"><img decoding=\"async\" src=\"https:\/\/soccer.aidatasports.com\/images\/players\/428077.png\" alt=\"Harrie Kuster\" onerror=\"this.onerror=null;this.src='https:\/\/soccer.aidatasports.com\/images\/players\/default-player.png';\"><span>Harrie Kuster<\/span><\/a><\/div>\n<div class=\"player\"><a href=\"https:\/\/soccer.aidatasports.com\/es\/players\/Owen-Panneflek-496426\"><img decoding=\"async\" src=\"https:\/\/soccer.aidatasports.com\/images\/players\/496426.png\" alt=\"Owen Panneflek\" onerror=\"this.onerror=null;this.src='https:\/\/soccer.aidatasports.com\/images\/players\/default-player.png';\"><span>Owen Panneflek<\/span><\/a><\/div>\n<div class=\"player\"><a href=\"https:\/\/soccer.aidatasports.com\/es\/players\/Roy-Kuijpers-272731\"><img decoding=\"async\" src=\"https:\/\/soccer.aidatasports.com\/images\/players\/272731.png\" alt=\"Roy Kuijpers\" onerror=\"this.onerror=null;this.src='https:\/\/soccer.aidatasports.com\/images\/players\/default-player.png';\"><span>Roy Kuijpers<\/span><\/a><\/div>\n<div class=\"player\"><a href=\"https:\/\/soccer.aidatasports.com\/es\/players\/Jesper-Uneken-409840\"><img decoding=\"async\" src=\"https:\/\/soccer.aidatasports.com\/images\/players\/409840.png\" alt=\"Jesper Uneken\" onerror=\"this.onerror=null;this.src='https:\/\/soccer.aidatasports.com\/images\/players\/default-player.png';\"><span>Jesper Uneken<\/span><\/a><\/div>\n<\/div>\n<\/div>\n<\/div>\n<\/div>\n<div id=\"wg-api-football-game\"\n                    data-host=\"xxxxx\"\n                    data-key=\"xxxx\"\n                    data-id=\"1382005\"\n                    data-theme=\"\"\n                    data-refresh=\"15\"\n                    data-show-errors=\"false\"\n                    data-show-logos=\"true\"><br \/>\n                    class=\u00bbwg_loader\u00bb>\n                <\/div>\n<div id=\"wg-api-football-standings\"\n                    data-host=\"xxxx\"\n                    data-key=\"ddddd\"\n                    data-league=\"89\"\n                    data-team=\"\"\n                    data-season=\"2025\"\n                    data-theme=\"\"\n                    data-show-errors=\"false\"\n                    data-show-logos=\"true\"\n                    class=\"wg_loader\">\n                <\/div>\n<p>                <script\n                    type=\"module\"\n                    src=\"https:\/\/soccer.aidatasports.com\/wp-content\/customjs\/widgetslocal.js\">\n                <\/script><\/p>\n","protected":false},"excerpt":{"rendered":"<p>Espa\u00f1ol: Emocionante empate en &#8216;s-Hertogenbosch entre Den Bosch y Waalwijk En un vibrante encuentro disputado&hellip;<\/p>\n","protected":false},"author":1,"featured_media":131255,"comment_status":"open","ping_status":"open","sticky":false,"template":"","format":"standard","meta":{"content-type":"","_lmt_disableupdate":"","_lmt_disable":"","_league":15837,"_fixture":1382005,"penci_pfeatured_image_ratio":"","penci_single_style":"","footnotes":""},"categories":[15837],"tags":[535,531],"class_list":["post-131256","post","type-post","status-publish","format-standard","has-post-thumbnail","hentry","category-matches","tag-den-bosch-netherlands-421","tag-waalwijk-netherlands-417"],"_links":{"self":[{"href":"https:\/\/soccer.aidatasports.com\/es\/wp-json\/wp\/v2\/posts\/131256"}],"collection":[{"href":"https:\/\/soccer.aidatasports.com\/es\/wp-json\/wp\/v2\/posts"}],"about":[{"href":"https:\/\/soccer.aidatasports.com\/es\/wp-json\/wp\/v2\/types\/post"}],"author":[{"embeddable":true,"href":"https:\/\/soccer.aidatasports.com\/es\/wp-json\/wp\/v2\/users\/1"}],"replies":[{"embeddable":true,"href":"https:\/\/soccer.aidatasports.com\/es\/wp-json\/wp\/v2\/comments?post=131256"}],"version-history":[{"count":0,"href":"https:\/\/soccer.aidatasports.com\/es\/wp-json\/wp\/v2\/posts\/131256\/revisions"}],"wp:featuredmedia":[{"embeddable":true,"href":"https:\/\/soccer.aidatasports.com\/es\/wp-json\/wp\/v2\/media\/131255"}],"wp:attachment":[{"href":"https:\/\/soccer.aidatasports.com\/es\/wp-json\/wp\/v2\/media?parent=131256"}],"wp:term":[{"taxonomy":"category","embeddable":true,"href":"https:\/\/soccer.aidatasports.com\/es\/wp-json\/wp\/v2\/categories?post=131256"},{"taxonomy":"post_tag","embeddable":true,"href":"https:\/\/soccer.aidatasports.com\/es\/wp-json\/wp\/v2\/tags?post=131256"}],"curies":[{"name":"wp","href":"https:\/\/api.w.org\/{rel}","templated":true}]}}