{"id":107442,"date":"2025-09-27T21:03:03","date_gmt":"2025-09-27T21:03:03","guid":{"rendered":"https:\/\/soccer.aidatasports.com\/es\/uncategorized\/heracles-vs-sparta-rotterdam-sep-27-2025-1900-utc\/"},"modified":"2025-09-27T21:03:03","modified_gmt":"2025-09-27T21:03:03","slug":"heracles-vs-sparta-rotterdam-sep-27-2025-1900-utc","status":"publish","type":"post","link":"https:\/\/soccer.aidatasports.com\/es\/matches\/heracles-vs-sparta-rotterdam-sep-27-2025-1900-utc\/","title":{"rendered":"Heracles vs Sparta Rotterdam Sep 27 2025 19:00 UTC"},"content":{"rendered":"<p><strong>Espa\u00f1ol<\/strong><\/p>\n<p><strong>Heracles Impone su Ley en Almelo ante Sparta Rotterdam<\/strong><\/p>\n<p>Almelo, Pa\u00edses Bajos \u2013 En un encuentro disputado en el Asito Stadion, el Heracles se alz\u00f3 con una contundente victoria sobre el Sparta Rotterdam en la s\u00e9ptima jornada de la Eredivisie. El equipo local, con un 48% de la posesi\u00f3n del bal\u00f3n, supo aprovechar sus oportunidades para materializar tres goles, demostrando una gran efectividad de cara al arco.<\/p>\n<p>El primer gol lleg\u00f3 al filo del descanso, en el minuto 45, obra de J. Hornkamp tras una asistencia de B. Limbombe. El Heracles aument\u00f3 su ventaja en el minuto 65 gracias a Y. Borges Sanches, asistido por J. Zamburek. Hornkamp volvi\u00f3 a anotar en el 69, esta vez con asistencia de A. Hrustic, sellando as\u00ed la victoria para los locales.<\/p>\n<p>El Sparta Rotterdam, aunque domin\u00f3 ligeramente la posesi\u00f3n con un 52%, no logr\u00f3 traducir su control del bal\u00f3n en goles, mostrando dificultades para concretar sus ocasiones. El partido estuvo marcado por una alta intensidad y varias tarjetas amarillas, con dos para el Heracles y cuatro para el Sparta Rotterdam. A pesar de los 16 tiros del Sparta Rotterdam, solo cuatro fueron a puerta, mientras que el Heracles fue m\u00e1s preciso, con cinco de sus once disparos dirigidos al arco.<\/p>\n<p>El \u00e1rbitro Serdar Gozubuyuk dirigi\u00f3 el encuentro en una tarde donde el Heracles demostr\u00f3 su superioridad ante su p\u00fablico.<\/p>\n<p>Sustituciones en el equipo de heracles: en el minuto 14 ingres\u00f3 S. Scheperman y sali\u00f3 J. Zamburek, en el minuto 46 ingres\u00f3 M. Benita y sali\u00f3 J. Wieckhoff, en el minuto 76 ingres\u00f3 T. van Gilst y sali\u00f3 T. Bruns, en el minuto 76 ingres\u00f3 J. Hornkamp y sali\u00f3 L. Kulenovic, en el minuto 81 ingres\u00f3 Y. Borges Sanches y sali\u00f3 M. Engels <\/p>\n<p>Sustituciones en el equipo de sparta rotterdam: en el minuto 68 ingres\u00f3 P. Clement y sali\u00f3 L. Duijvestijn, en el minuto 68 ingres\u00f3 S. Sambo y sali\u00f3 J. Baas, en el minuto 69 ingres\u00f3 S. Ltaief y sali\u00f3 A. Oufkir, en el minuto 86 ingres\u00f3 M. van Bergen y sali\u00f3 N. Thorisson <\/p>\n<p>Los equipos alinearon de la siguiente manera:<\/p>\n<div class=\"lineups-container\">\n<style>\n                .lineups-container {\n                    display: flex;\n                    justify-content: space-around;\n                    flex-wrap: wrap;\n                }\n                .team-lineup {\n                    width: 49%;\n                    margin-bottom: 20px;\n                    border: 1px solid #ccc;\n                    padding: 5px;\n                }\n                .team-lineup h3 {\n                    text-align: center;\n                    margin-bottom: 10px;\n                }\n                .players-container {\n                    display: flex;\n                    justify-content: space-between;\n                }\n                .players-container div {\n                    width: 100%;\n                }\n                .player {\n                    display: flex;\n                    align-items: center;\n                    margin-bottom: 5px;\n                }\n                .player img {\n                    width: 30px;\n                    height: 30px;\n                    border-radius: 50%;\n                    margin-right: 10px;\n                }\n                    @media (max-width: 600px) {\n                    .team-lineup {\n                        width: 100%;\n                    }\n                }\n                <\/style>\n<div class=\"team-lineup\">\n<h3>Heracles<\/h3>\n<p><img decoding=\"async\" src=\"https:\/\/media.api-sports.io\/football\/teams\/206.png\" alt=\"Heracles\" style=\"width: 50px; height: 50px;\"><\/p>\n<div class=\"players-container\">\n<div>\n<h4>Titulares:<\/h4>\n<div class=\"player\"><a href=\"https:\/\/soccer.aidatasports.com\/es\/players\/Fabian-de-Keijzer-92975\"><img decoding=\"async\" src=\"https:\/\/soccer.aidatasports.com\/images\/players\/92975.png\" alt=\"Fabian de Keijzer\" onerror=\"this.onerror=null;this.src='https:\/\/soccer.aidatasports.com\/images\/players\/default-player.png';\"><span>Fabian de Keijzer<\/span><\/a><\/div>\n<div class=\"player\"><a href=\"https:\/\/soccer.aidatasports.com\/es\/players\/Mimeirhel-Benita-322868\"><img decoding=\"async\" src=\"https:\/\/soccer.aidatasports.com\/images\/players\/322868.png\" alt=\"Mimeirhel Benita\" onerror=\"this.onerror=null;this.src='https:\/\/soccer.aidatasports.com\/images\/players\/default-player.png';\"><span>Mimeirhel Benita<\/span><\/a><\/div>\n<div class=\"player\"><a href=\"https:\/\/soccer.aidatasports.com\/es\/players\/Damon-Mirani-37670\"><img decoding=\"async\" src=\"https:\/\/soccer.aidatasports.com\/images\/players\/37670.png\" alt=\"Damon Mirani\" onerror=\"this.onerror=null;this.src='https:\/\/soccer.aidatasports.com\/images\/players\/default-player.png';\"><span>Damon Mirani<\/span><\/a><\/div>\n<div class=\"player\"><a href=\"https:\/\/soccer.aidatasports.com\/es\/players\/Alec-Van-Hoorenbeeck-8935\"><img decoding=\"async\" src=\"https:\/\/soccer.aidatasports.com\/images\/players\/8935.png\" alt=\"Alec Van Hoorenbeeck\" onerror=\"this.onerror=null;this.src='https:\/\/soccer.aidatasports.com\/images\/players\/default-player.png';\"><span>Alec Van Hoorenbeeck<\/span><\/a><\/div>\n<div class=\"player\"><a href=\"https:\/\/soccer.aidatasports.com\/es\/players\/Ivan-Mes\u00edk-1393\"><img decoding=\"async\" src=\"https:\/\/soccer.aidatasports.com\/images\/players\/1393.png\" alt=\"Ivan Mes\u00edk\" onerror=\"this.onerror=null;this.src='https:\/\/soccer.aidatasports.com\/images\/players\/default-player.png';\"><span>Ivan Mes\u00edk<\/span><\/a><\/div>\n<div class=\"player\"><a href=\"https:\/\/soccer.aidatasports.com\/es\/players\/Bryan-Limbombe-161901\"><img decoding=\"async\" src=\"https:\/\/soccer.aidatasports.com\/images\/players\/161901.png\" alt=\"Bryan Limbombe\" onerror=\"this.onerror=null;this.src='https:\/\/soccer.aidatasports.com\/images\/players\/default-player.png';\"><span>Bryan Limbombe<\/span><\/a><\/div>\n<div class=\"player\"><a href=\"https:\/\/soccer.aidatasports.com\/es\/players\/Ajdin-Hrusti\u0107-38123\"><img decoding=\"async\" src=\"https:\/\/soccer.aidatasports.com\/images\/players\/38123.png\" alt=\"Ajdin Hrusti\u0107\" onerror=\"this.onerror=null;this.src='https:\/\/soccer.aidatasports.com\/images\/players\/default-player.png';\"><span>Ajdin Hrusti\u0107<\/span><\/a><\/div>\n<div class=\"player\"><a href=\"https:\/\/soccer.aidatasports.com\/es\/players\/Sem-Scheperman-358450\"><img decoding=\"async\" src=\"https:\/\/soccer.aidatasports.com\/images\/players\/358450.png\" alt=\"Sem Scheperman\" onerror=\"this.onerror=null;this.src='https:\/\/soccer.aidatasports.com\/images\/players\/default-player.png';\"><span>Sem Scheperman<\/span><\/a><\/div>\n<div class=\"player\"><a href=\"https:\/\/soccer.aidatasports.com\/es\/players\/Yvandro-Borges-Sanches-318531\"><img decoding=\"async\" src=\"https:\/\/soccer.aidatasports.com\/images\/players\/318531.png\" alt=\"Yvandro Borges Sanches\" onerror=\"this.onerror=null;this.src='https:\/\/soccer.aidatasports.com\/images\/players\/default-player.png';\"><span>Yvandro Borges Sanches<\/span><\/a><\/div>\n<div class=\"player\"><a href=\"https:\/\/soccer.aidatasports.com\/es\/players\/Jizz-Hornkamp-36985\"><img decoding=\"async\" src=\"https:\/\/soccer.aidatasports.com\/images\/players\/36985.png\" alt=\"Jizz Hornkamp\" onerror=\"this.onerror=null;this.src='https:\/\/soccer.aidatasports.com\/images\/players\/default-player.png';\"><span>Jizz Hornkamp<\/span><\/a><\/div>\n<div class=\"player\"><a href=\"https:\/\/soccer.aidatasports.com\/es\/players\/Tristan-van-Gilst-365918\"><img decoding=\"async\" src=\"https:\/\/soccer.aidatasports.com\/images\/players\/365918.png\" alt=\"Tristan van Gilst\" onerror=\"this.onerror=null;this.src='https:\/\/soccer.aidatasports.com\/images\/players\/default-player.png';\"><span>Tristan van Gilst<\/span><\/a><\/div>\n<\/div>\n<div>\n<h4>Suplentes:<\/h4>\n<div class=\"player\"><a href=\"https:\/\/soccer.aidatasports.com\/es\/players\/Jan-\u017damb\u016frek-19360\"><img decoding=\"async\" src=\"https:\/\/soccer.aidatasports.com\/images\/players\/19360.png\" alt=\"Jan \u017damb\u016frek\" onerror=\"this.onerror=null;this.src='https:\/\/soccer.aidatasports.com\/images\/players\/default-player.png';\"><span>Jan \u017damb\u016frek<\/span><\/a><\/div>\n<div class=\"player\"><a href=\"https:\/\/soccer.aidatasports.com\/es\/players\/Jannes-Wieckhoff-177714\"><img decoding=\"async\" src=\"https:\/\/soccer.aidatasports.com\/images\/players\/177714.png\" alt=\"Jannes Wieckhoff\" onerror=\"this.onerror=null;this.src='https:\/\/soccer.aidatasports.com\/images\/players\/default-player.png';\"><span>Jannes Wieckhoff<\/span><\/a><\/div>\n<div class=\"player\"><a href=\"https:\/\/soccer.aidatasports.com\/es\/players\/Timo-Jansink-358449\"><img decoding=\"async\" src=\"https:\/\/soccer.aidatasports.com\/images\/players\/358449.png\" alt=\"Timo Jansink\" onerror=\"this.onerror=null;this.src='https:\/\/soccer.aidatasports.com\/images\/players\/default-player.png';\"><span>Timo Jansink<\/span><\/a><\/div>\n<div class=\"player\"><a href=\"https:\/\/soccer.aidatasports.com\/es\/players\/Robin-Mantel-8742\"><img decoding=\"async\" src=\"https:\/\/soccer.aidatasports.com\/images\/players\/8742.png\" alt=\"Robin Mantel\" onerror=\"this.onerror=null;this.src='https:\/\/soccer.aidatasports.com\/images\/players\/default-player.png';\"><span>Robin Mantel<\/span><\/a><\/div>\n<div class=\"player\"><a href=\"https:\/\/soccer.aidatasports.com\/es\/players\/Mike-te-Wierik-38118\"><img decoding=\"async\" src=\"https:\/\/soccer.aidatasports.com\/images\/players\/38118.png\" alt=\"Mike te Wierik\" onerror=\"this.onerror=null;this.src='https:\/\/soccer.aidatasports.com\/images\/players\/default-player.png';\"><span>Mike te Wierik<\/span><\/a><\/div>\n<div class=\"player\"><a href=\"https:\/\/soccer.aidatasports.com\/es\/players\/Lorenzo-Milani-280837\"><img decoding=\"async\" src=\"https:\/\/soccer.aidatasports.com\/images\/players\/280837.png\" alt=\"Lorenzo Milani\" onerror=\"this.onerror=null;this.src='https:\/\/soccer.aidatasports.com\/images\/players\/default-player.png';\"><span>Lorenzo Milani<\/span><\/a><\/div>\n<div class=\"player\"><a href=\"https:\/\/soccer.aidatasports.com\/es\/players\/Djevencio-van-der-Kust-93006\"><img decoding=\"async\" src=\"https:\/\/soccer.aidatasports.com\/images\/players\/93006.png\" alt=\"Djevencio van der Kust\" onerror=\"this.onerror=null;this.src='https:\/\/soccer.aidatasports.com\/images\/players\/default-player.png';\"><span>Djevencio van der Kust<\/span><\/a><\/div>\n<div class=\"player\"><a href=\"https:\/\/soccer.aidatasports.com\/es\/players\/Mario-Engels-37081\"><img decoding=\"async\" src=\"https:\/\/soccer.aidatasports.com\/images\/players\/37081.png\" alt=\"Mario Engels\" onerror=\"this.onerror=null;this.src='https:\/\/soccer.aidatasports.com\/images\/players\/default-player.png';\"><span>Mario Engels<\/span><\/a><\/div>\n<div class=\"player\"><a href=\"https:\/\/soccer.aidatasports.com\/es\/players\/Thomas-Bruns-38122\"><img decoding=\"async\" src=\"https:\/\/soccer.aidatasports.com\/images\/players\/38122.png\" alt=\"Thomas Bruns\" onerror=\"this.onerror=null;this.src='https:\/\/soccer.aidatasports.com\/images\/players\/default-player.png';\"><span>Thomas Bruns<\/span><\/a><\/div>\n<div class=\"player\"><a href=\"https:\/\/soccer.aidatasports.com\/es\/players\/Walid-Ould-Chikh-38464\"><img decoding=\"async\" src=\"https:\/\/soccer.aidatasports.com\/images\/players\/38464.png\" alt=\"Walid Ould-Chikh\" onerror=\"this.onerror=null;this.src='https:\/\/soccer.aidatasports.com\/images\/players\/default-player.png';\"><span>Walid Ould-Chikh<\/span><\/a><\/div>\n<div class=\"player\"><a href=\"https:\/\/soccer.aidatasports.com\/es\/players\/Luka-Kulenovi\u0107-144691\"><img decoding=\"async\" src=\"https:\/\/soccer.aidatasports.com\/images\/players\/144691.png\" alt=\"Luka Kulenovi\u0107\" onerror=\"this.onerror=null;this.src='https:\/\/soccer.aidatasports.com\/images\/players\/default-player.png';\"><span>Luka Kulenovi\u0107<\/span><\/a><\/div>\n<\/div>\n<\/div>\n<\/div>\n<div class=\"team-lineup\">\n<h3>Sparta Rotterdam<\/h3>\n<p><img decoding=\"async\" src=\"https:\/\/media.api-sports.io\/football\/teams\/426.png\" alt=\"Sparta Rotterdam\" style=\"width: 50px; height: 50px;\"><\/p>\n<div class=\"players-container\">\n<div>\n<h4>Titulares:<\/h4>\n<div class=\"player\"><a href=\"https:\/\/soccer.aidatasports.com\/es\/players\/Jo\u00ebl-Drommel-36828\"><img decoding=\"async\" src=\"https:\/\/soccer.aidatasports.com\/images\/players\/36828.png\" alt=\"Jo\u00ebl Drommel\" onerror=\"this.onerror=null;this.src='https:\/\/soccer.aidatasports.com\/images\/players\/default-player.png';\"><span>Jo\u00ebl Drommel<\/span><\/a><\/div>\n<div class=\"player\"><a href=\"https:\/\/soccer.aidatasports.com\/es\/players\/Shurandy-Sambo-194645\"><img decoding=\"async\" src=\"https:\/\/soccer.aidatasports.com\/images\/players\/194645.png\" alt=\"Shurandy Sambo\" onerror=\"this.onerror=null;this.src='https:\/\/soccer.aidatasports.com\/images\/players\/default-player.png';\"><span>Shurandy Sambo<\/span><\/a><\/div>\n<div class=\"player\"><a href=\"https:\/\/soccer.aidatasports.com\/es\/players\/Marvin-Young-405379\"><img decoding=\"async\" src=\"https:\/\/soccer.aidatasports.com\/images\/players\/405379.png\" alt=\"Marvin Young\" onerror=\"this.onerror=null;this.src='https:\/\/soccer.aidatasports.com\/images\/players\/default-player.png';\"><span>Marvin Young<\/span><\/a><\/div>\n<div class=\"player\"><a href=\"https:\/\/soccer.aidatasports.com\/es\/players\/Bruno-Martins-Indi-19497\"><img decoding=\"async\" src=\"https:\/\/soccer.aidatasports.com\/images\/players\/19497.png\" alt=\"Bruno Martins Indi\" onerror=\"this.onerror=null;this.src='https:\/\/soccer.aidatasports.com\/images\/players\/default-player.png';\"><span>Bruno Martins Indi<\/span><\/a><\/div>\n<div class=\"player\"><a href=\"https:\/\/soccer.aidatasports.com\/es\/players\/Teo-Quintero-148128\"><img decoding=\"async\" src=\"https:\/\/soccer.aidatasports.com\/images\/players\/148128.png\" alt=\"Teo Quintero\" onerror=\"this.onerror=null;this.src='https:\/\/soccer.aidatasports.com\/images\/players\/default-player.png';\"><span>Teo Quintero<\/span><\/a><\/div>\n<div class=\"player\"><a href=\"https:\/\/soccer.aidatasports.com\/es\/players\/Jens-Toornstra-37156\"><img decoding=\"async\" src=\"https:\/\/soccer.aidatasports.com\/images\/players\/37156.png\" alt=\"Jens Toornstra\" onerror=\"this.onerror=null;this.src='https:\/\/soccer.aidatasports.com\/images\/players\/default-player.png';\"><span>Jens Toornstra<\/span><\/a><\/div>\n<div class=\"player\"><a href=\"https:\/\/soccer.aidatasports.com\/es\/players\/Pelle-Clement-36925\"><img decoding=\"async\" src=\"https:\/\/soccer.aidatasports.com\/images\/players\/36925.png\" alt=\"Pelle Clement\" onerror=\"this.onerror=null;this.src='https:\/\/soccer.aidatasports.com\/images\/players\/default-player.png';\"><span>Pelle Clement<\/span><\/a><\/div>\n<div class=\"player\"><a href=\"https:\/\/soccer.aidatasports.com\/es\/players\/Joshua-Kitolano-39091\"><img decoding=\"async\" src=\"https:\/\/soccer.aidatasports.com\/images\/players\/39091.png\" alt=\"Joshua Kitolano\" onerror=\"this.onerror=null;this.src='https:\/\/soccer.aidatasports.com\/images\/players\/default-player.png';\"><span>Joshua Kitolano<\/span><\/a><\/div>\n<div class=\"player\"><a href=\"https:\/\/soccer.aidatasports.com\/es\/players\/Mitchell-van-Bergen-36989\"><img decoding=\"async\" src=\"https:\/\/soccer.aidatasports.com\/images\/players\/36989.png\" alt=\"Mitchell van Bergen\" onerror=\"this.onerror=null;this.src='https:\/\/soccer.aidatasports.com\/images\/players\/default-player.png';\"><span>Mitchell van Bergen<\/span><\/a><\/div>\n<div class=\"player\"><a href=\"https:\/\/soccer.aidatasports.com\/es\/players\/Tobias-Lauritsen-39100\"><img decoding=\"async\" src=\"https:\/\/soccer.aidatasports.com\/images\/players\/39100.png\" alt=\"Tobias Lauritsen\" onerror=\"this.onerror=null;this.src='https:\/\/soccer.aidatasports.com\/images\/players\/default-player.png';\"><span>Tobias Lauritsen<\/span><\/a><\/div>\n<div class=\"player\"><a href=\"https:\/\/soccer.aidatasports.com\/es\/players\/Sayfallah-Ltaief-264419\"><img decoding=\"async\" src=\"https:\/\/soccer.aidatasports.com\/images\/players\/264419.png\" alt=\"Sayfallah Ltaief\" onerror=\"this.onerror=null;this.src='https:\/\/soccer.aidatasports.com\/images\/players\/default-player.png';\"><span>Sayfallah Ltaief<\/span><\/a><\/div>\n<\/div>\n<div>\n<h4>Suplentes:<\/h4>\n<div class=\"player\"><a href=\"https:\/\/soccer.aidatasports.com\/es\/players\/Lance-Duijvestijn-92977\"><img decoding=\"async\" src=\"https:\/\/soccer.aidatasports.com\/images\/players\/92977.png\" alt=\"Lance Duijvestijn\" onerror=\"this.onerror=null;this.src='https:\/\/soccer.aidatasports.com\/images\/players\/default-player.png';\"><span>Lance Duijvestijn<\/span><\/a><\/div>\n<div class=\"player\"><a href=\"https:\/\/soccer.aidatasports.com\/es\/players\/Julian-Baas-272454\"><img decoding=\"async\" src=\"https:\/\/soccer.aidatasports.com\/images\/players\/272454.png\" alt=\"Julian Baas\" onerror=\"this.onerror=null;this.src='https:\/\/soccer.aidatasports.com\/images\/players\/default-player.png';\"><span>Julian Baas<\/span><\/a><\/div>\n<div class=\"player\"><a href=\"https:\/\/soccer.aidatasports.com\/es\/players\/Ayoub-Oufkir-444790\"><img decoding=\"async\" src=\"https:\/\/soccer.aidatasports.com\/images\/players\/444790.png\" alt=\"Ayoub Oufkir\" onerror=\"this.onerror=null;this.src='https:\/\/soccer.aidatasports.com\/images\/players\/default-player.png';\"><span>Ayoub Oufkir<\/span><\/a><\/div>\n<div class=\"player\"><a href=\"https:\/\/soccer.aidatasports.com\/es\/players\/Pascal-Kuiper-280671\"><img decoding=\"async\" src=\"https:\/\/soccer.aidatasports.com\/images\/players\/280671.png\" alt=\"Pascal Kuiper\" onerror=\"this.onerror=null;this.src='https:\/\/soccer.aidatasports.com\/images\/players\/default-player.png';\"><span>Pascal Kuiper<\/span><\/a><\/div>\n<div class=\"player\"><a href=\"https:\/\/soccer.aidatasports.com\/es\/players\/Filip-Bednarek-36964\"><img decoding=\"async\" src=\"https:\/\/soccer.aidatasports.com\/images\/players\/36964.png\" alt=\"Filip Bednarek\" onerror=\"this.onerror=null;this.src='https:\/\/soccer.aidatasports.com\/images\/players\/default-player.png';\"><span>Filip Bednarek<\/span><\/a><\/div>\n<div class=\"player\"><a href=\"https:\/\/soccer.aidatasports.com\/es\/players\/Sa\u00efd-Bakari-36862\"><img decoding=\"async\" src=\"https:\/\/soccer.aidatasports.com\/images\/players\/36862.png\" alt=\"Sa\u00efd Bakari\" onerror=\"this.onerror=null;this.src='https:\/\/soccer.aidatasports.com\/images\/players\/default-player.png';\"><span>Sa\u00efd Bakari<\/span><\/a><\/div>\n<div class=\"player\"><a href=\"https:\/\/soccer.aidatasports.com\/es\/players\/Tijs-Velthuis-145548\"><img decoding=\"async\" src=\"https:\/\/soccer.aidatasports.com\/images\/players\/145548.png\" alt=\"Tijs Velthuis\" onerror=\"this.onerror=null;this.src='https:\/\/soccer.aidatasports.com\/images\/players\/default-player.png';\"><span>Tijs Velthuis<\/span><\/a><\/div>\n<div class=\"player\"><a href=\"https:\/\/soccer.aidatasports.com\/es\/players\/Patrick-van-Aanholt-18845\"><img decoding=\"async\" src=\"https:\/\/soccer.aidatasports.com\/images\/players\/18845.png\" alt=\"Patrick van Aanholt\" onerror=\"this.onerror=null;this.src='https:\/\/soccer.aidatasports.com\/images\/players\/default-player.png';\"><span>Patrick van Aanholt<\/span><\/a><\/div>\n<div class=\"player\"><a href=\"https:\/\/soccer.aidatasports.com\/es\/players\/Giannino-Vianello-451592\"><img decoding=\"async\" src=\"https:\/\/soccer.aidatasports.com\/images\/players\/451592.png\" alt=\"Giannino Vianello\" onerror=\"this.onerror=null;this.src='https:\/\/soccer.aidatasports.com\/images\/players\/default-player.png';\"><span>Giannino Vianello<\/span><\/a><\/div>\n<div class=\"player\"><a href=\"https:\/\/soccer.aidatasports.com\/es\/players\/Jonathan-de-Guzm\u00e1n-1815\"><img decoding=\"async\" src=\"https:\/\/soccer.aidatasports.com\/images\/players\/1815.png\" alt=\"Jonathan de Guzm\u00e1n\" onerror=\"this.onerror=null;this.src='https:\/\/soccer.aidatasports.com\/images\/players\/default-player.png';\"><span>Jonathan de Guzm\u00e1n<\/span><\/a><\/div>\n<div class=\"player\"><a href=\"https:\/\/soccer.aidatasports.com\/es\/players\/N\u00f6kkvi-\u00de\u00f3risson-28786\"><img decoding=\"async\" src=\"https:\/\/soccer.aidatasports.com\/images\/players\/28786.png\" alt=\"N\u00f6kkvi \u00de\u00f3risson\" onerror=\"this.onerror=null;this.src='https:\/\/soccer.aidatasports.com\/images\/players\/default-player.png';\"><span>N\u00f6kkvi \u00de\u00f3risson<\/span><\/a><\/div>\n<\/div>\n<\/div>\n<\/div>\n<\/div>\n<div id=\"wg-api-football-game\"\n                    data-host=\"xxxxx\"\n                    data-key=\"xxxx\"\n                    data-id=\"1380927\"\n                    data-theme=\"\"\n                    data-refresh=\"15\"\n                    data-show-errors=\"false\"\n                    data-show-logos=\"true\"><br \/>\n                    class=\u00bbwg_loader\u00bb>\n                <\/div>\n<div id=\"wg-api-football-standings\"\n                    data-host=\"xxxx\"\n                    data-key=\"ddddd\"\n                    data-league=\"88\"\n                    data-team=\"\"\n                    data-season=\"2025\"\n                    data-theme=\"\"\n                    data-show-errors=\"false\"\n                    data-show-logos=\"true\"\n                    class=\"wg_loader\">\n                <\/div>\n<p>                <script\n                    type=\"module\"\n                    src=\"https:\/\/soccer.aidatasports.com\/wp-content\/customjs\/widgetslocal.js\">\n                <\/script><\/p>\n","protected":false},"excerpt":{"rendered":"<p>Espa\u00f1ol Heracles Impone su Ley en Almelo ante Sparta Rotterdam Almelo, Pa\u00edses Bajos \u2013 En&hellip;<\/p>\n","protected":false},"author":1,"featured_media":107441,"comment_status":"open","ping_status":"open","sticky":false,"template":"","format":"standard","meta":{"content-type":"","_lmt_disableupdate":"","_lmt_disable":"","_league":15837,"_fixture":1380927,"penci_pfeatured_image_ratio":"","penci_single_style":"","footnotes":""},"categories":[15837],"tags":[329,540],"class_list":["post-107442","post","type-post","status-publish","format-standard","has-post-thumbnail","hentry","category-matches","tag-heracles-netherlands-206","tag-sparta-rotterdam-netherlands-426"],"_links":{"self":[{"href":"https:\/\/soccer.aidatasports.com\/es\/wp-json\/wp\/v2\/posts\/107442"}],"collection":[{"href":"https:\/\/soccer.aidatasports.com\/es\/wp-json\/wp\/v2\/posts"}],"about":[{"href":"https:\/\/soccer.aidatasports.com\/es\/wp-json\/wp\/v2\/types\/post"}],"author":[{"embeddable":true,"href":"https:\/\/soccer.aidatasports.com\/es\/wp-json\/wp\/v2\/users\/1"}],"replies":[{"embeddable":true,"href":"https:\/\/soccer.aidatasports.com\/es\/wp-json\/wp\/v2\/comments?post=107442"}],"version-history":[{"count":0,"href":"https:\/\/soccer.aidatasports.com\/es\/wp-json\/wp\/v2\/posts\/107442\/revisions"}],"wp:featuredmedia":[{"embeddable":true,"href":"https:\/\/soccer.aidatasports.com\/es\/wp-json\/wp\/v2\/media\/107441"}],"wp:attachment":[{"href":"https:\/\/soccer.aidatasports.com\/es\/wp-json\/wp\/v2\/media?parent=107442"}],"wp:term":[{"taxonomy":"category","embeddable":true,"href":"https:\/\/soccer.aidatasports.com\/es\/wp-json\/wp\/v2\/categories?post=107442"},{"taxonomy":"post_tag","embeddable":true,"href":"https:\/\/soccer.aidatasports.com\/es\/wp-json\/wp\/v2\/tags?post=107442"}],"curies":[{"name":"wp","href":"https:\/\/api.w.org\/{rel}","templated":true}]}}