{"id":106820,"date":"2025-09-23T20:30:26","date_gmt":"2025-09-23T20:30:26","guid":{"rendered":"https:\/\/soccer.aidatasports.com\/es\/uncategorized\/anderlecht-vs-gent-sep-23-2025-1830-utc\/"},"modified":"2025-09-23T20:30:26","modified_gmt":"2025-09-23T20:30:26","slug":"anderlecht-vs-gent-sep-23-2025-1830-utc","status":"publish","type":"post","link":"https:\/\/soccer.aidatasports.com\/es\/matches\/anderlecht-vs-gent-sep-23-2025-1830-utc\/","title":{"rendered":"Anderlecht vs Gent Sep 23 2025 18:30 UTC"},"content":{"rendered":"<p><strong>Espa\u00f1ol<\/strong><\/p>\n<p><strong>Anderlecht se Lleva la Victoria en un Partido Disputado<\/strong><\/p>\n<p>Bruxelles (Brussel) \u2013 Anderlecht se impuso al Gent en un encuentro correspondiente a la quinta jornada de la Jupiler Pro League, celebrado en el Lotto Park. El partido, arbitrado por Nicolas Laforge, fue un choque intenso, marcado por la lucha en el mediocampo y varias tarjetas amarillas.<\/p>\n<p>Anderlecht domin\u00f3 la posesi\u00f3n con un 55%, generando un total de 17 disparos, de los cuales 9 fueron a puerta. Gent, por su parte, logr\u00f3 realizar 7 disparos, con solo 2 dirigidos al arco rival. El gol decisivo lleg\u00f3 en el minuto 68, cuando M. Stroeykens, asistido por N. Saliba, rompi\u00f3 el empate con un remate que sell\u00f3 la victoria para los locales.<\/p>\n<p>El encuentro se caracteriz\u00f3 por un alto n\u00famero de faltas, con Anderlecht cometiendo 16 y Gent 12. El \u00e1rbitro se vio obligado a mostrar tarjetas amarillas a A. Kadri, L. Lopes y J. Duverne por parte del Gent, y a N. Saliba, M. Kana y N. Angulo por el Anderlecht. A pesar de la intensidad, ning\u00fan jugador fue expulsado. Al final, Anderlecht se qued\u00f3 con los tres puntos en un partido muy competido.<\/p>\n<p>Anderlecht 1 &#8211; Gent 0<\/p>\n<p>Sustituciones en el equipo de gent: en el minuto 46 ingres\u00f3 M. Delorge-Knieper y sali\u00f3 L. Lopes, en el minuto 59 ingres\u00f3 O. Gandelman y sali\u00f3 H. Goore, en el minuto 59 ingres\u00f3 H. Essaouabi y sali\u00f3 M. Samoise, en el minuto 77 ingres\u00f3 A. Ito y sali\u00f3 F. Surdez, en el minuto 77 ingres\u00f3 M. Skoras y sali\u00f3 D. Vanzeir <\/p>\n<p>Sustituciones en el equipo de anderlecht: en el minuto 70 ingres\u00f3 C. S. Huerta Valera y sali\u00f3 Y. Verschaeren, en el minuto 79 ingres\u00f3 M. Stroeykens y sali\u00f3 E. Llansana, en el minuto 79 ingres\u00f3 A. Maamar y sali\u00f3 I. Camara, en el minuto 90 ingres\u00f3 N. Saliba y sali\u00f3 M. Ilic <\/p>\n<p>Los equipos alinearon de la siguiente manera:<\/p>\n<div class=\"lineups-container\">\n<style>\n                .lineups-container {\n                    display: flex;\n                    justify-content: space-around;\n                    flex-wrap: wrap;\n                }\n                .team-lineup {\n                    width: 49%;\n                    margin-bottom: 20px;\n                    border: 1px solid #ccc;\n                    padding: 5px;\n                }\n                .team-lineup h3 {\n                    text-align: center;\n                    margin-bottom: 10px;\n                }\n                .players-container {\n                    display: flex;\n                    justify-content: space-between;\n                }\n                .players-container div {\n                    width: 100%;\n                }\n                .player {\n                    display: flex;\n                    align-items: center;\n                    margin-bottom: 5px;\n                }\n                .player img {\n                    width: 30px;\n                    height: 30px;\n                    border-radius: 50%;\n                    margin-right: 10px;\n                }\n                    @media (max-width: 600px) {\n                    .team-lineup {\n                        width: 100%;\n                    }\n                }\n                <\/style>\n<div class=\"team-lineup\">\n<h3>Anderlecht<\/h3>\n<p><img decoding=\"async\" src=\"https:\/\/media.api-sports.io\/football\/teams\/554.png\" alt=\"Anderlecht\" style=\"width: 50px; height: 50px;\"><\/p>\n<div class=\"players-container\">\n<div>\n<h4>Titulares:<\/h4>\n<div class=\"player\"><a href=\"https:\/\/soccer.aidatasports.com\/es\/players\/Colin-Coosemans-8469\"><img decoding=\"async\" src=\"https:\/\/soccer.aidatasports.com\/images\/players\/8469.png\" alt=\"Colin Coosemans\" onerror=\"this.onerror=null;this.src='https:\/\/soccer.aidatasports.com\/images\/players\/default-player.png';\"><span>Colin Coosemans<\/span><\/a><\/div>\n<div class=\"player\"><a href=\"https:\/\/soccer.aidatasports.com\/es\/players\/Lucas-Hey-315615\"><img decoding=\"async\" src=\"https:\/\/soccer.aidatasports.com\/images\/players\/315615.png\" alt=\"Lucas Hey\" onerror=\"this.onerror=null;this.src='https:\/\/soccer.aidatasports.com\/images\/players\/default-player.png';\"><span>Lucas Hey<\/span><\/a><\/div>\n<div class=\"player\"><a href=\"https:\/\/soccer.aidatasports.com\/es\/players\/Marco-Kana-127417\"><img decoding=\"async\" src=\"https:\/\/soccer.aidatasports.com\/images\/players\/127417.png\" alt=\"Marco Kana\" onerror=\"this.onerror=null;this.src='https:\/\/soccer.aidatasports.com\/images\/players\/default-player.png';\"><span>Marco Kana<\/span><\/a><\/div>\n<div class=\"player\"><a href=\"https:\/\/soccer.aidatasports.com\/es\/players\/Moussa-N'Diaye-175415\"><img decoding=\"async\" src=\"https:\/\/soccer.aidatasports.com\/images\/players\/175415.png\" alt=\"Moussa N'Diaye\" onerror=\"this.onerror=null;this.src='https:\/\/soccer.aidatasports.com\/images\/players\/default-player.png';\"><span>Moussa N&#8217;Diaye<\/span><\/a><\/div>\n<div class=\"player\"><a href=\"https:\/\/soccer.aidatasports.com\/es\/players\/Nilson-Angulo-311543\"><img decoding=\"async\" src=\"https:\/\/soccer.aidatasports.com\/images\/players\/311543.png\" alt=\"Nilson Angulo\" onerror=\"this.onerror=null;this.src='https:\/\/soccer.aidatasports.com\/images\/players\/default-player.png';\"><span>Nilson Angulo<\/span><\/a><\/div>\n<div class=\"player\"><a href=\"https:\/\/soccer.aidatasports.com\/es\/players\/Mario-Stroeykens-296455\"><img decoding=\"async\" src=\"https:\/\/soccer.aidatasports.com\/images\/players\/296455.png\" alt=\"Mario Stroeykens\" onerror=\"this.onerror=null;this.src='https:\/\/soccer.aidatasports.com\/images\/players\/default-player.png';\"><span>Mario Stroeykens<\/span><\/a><\/div>\n<div class=\"player\"><a href=\"https:\/\/soccer.aidatasports.com\/es\/players\/Nathan-De-Cat-453903\"><img decoding=\"async\" src=\"https:\/\/soccer.aidatasports.com\/images\/players\/453903.png\" alt=\"Nathan De Cat\" onerror=\"this.onerror=null;this.src='https:\/\/soccer.aidatasports.com\/images\/players\/default-player.png';\"><span>Nathan De Cat<\/span><\/a><\/div>\n<div class=\"player\"><a href=\"https:\/\/soccer.aidatasports.com\/es\/players\/Ali-Maamar-401367\"><img decoding=\"async\" src=\"https:\/\/soccer.aidatasports.com\/images\/players\/401367.png\" alt=\"Ali Maamar\" onerror=\"this.onerror=null;this.src='https:\/\/soccer.aidatasports.com\/images\/players\/default-player.png';\"><span>Ali Maamar<\/span><\/a><\/div>\n<div class=\"player\"><a href=\"https:\/\/soccer.aidatasports.com\/es\/players\/Nathan-Dylan-Saliba-294824\"><img decoding=\"async\" src=\"https:\/\/soccer.aidatasports.com\/images\/players\/294824.png\" alt=\"Nathan-Dylan Saliba\" onerror=\"this.onerror=null;this.src='https:\/\/soccer.aidatasports.com\/images\/players\/default-player.png';\"><span>Nathan-Dylan Saliba<\/span><\/a><\/div>\n<div class=\"player\"><a href=\"https:\/\/soccer.aidatasports.com\/es\/players\/Luis-V\u00e1zquez-6490\"><img decoding=\"async\" src=\"https:\/\/soccer.aidatasports.com\/images\/players\/6490.png\" alt=\"Luis V\u00e1zquez\" onerror=\"this.onerror=null;this.src='https:\/\/soccer.aidatasports.com\/images\/players\/default-player.png';\"><span>Luis V\u00e1zquez<\/span><\/a><\/div>\n<div class=\"player\"><a href=\"https:\/\/soccer.aidatasports.com\/es\/players\/C\u00e9sar-Huerta-36111\"><img decoding=\"async\" src=\"https:\/\/soccer.aidatasports.com\/images\/players\/36111.png\" alt=\"C\u00e9sar Huerta\" onerror=\"this.onerror=null;this.src='https:\/\/soccer.aidatasports.com\/images\/players\/default-player.png';\"><span>C\u00e9sar Huerta<\/span><\/a><\/div>\n<\/div>\n<div>\n<h4>Suplentes:<\/h4>\n<div class=\"player\"><a href=\"https:\/\/soccer.aidatasports.com\/es\/players\/Yari-Verschaeren-1429\"><img decoding=\"async\" src=\"https:\/\/soccer.aidatasports.com\/images\/players\/1429.png\" alt=\"Yari Verschaeren\" onerror=\"this.onerror=null;this.src='https:\/\/soccer.aidatasports.com\/images\/players\/default-player.png';\"><span>Yari Verschaeren<\/span><\/a><\/div>\n<div class=\"player\"><a href=\"https:\/\/soccer.aidatasports.com\/es\/players\/Mads-Juhl-Kikkenborg-63931\"><img decoding=\"async\" src=\"https:\/\/soccer.aidatasports.com\/images\/players\/63931.png\" alt=\"Mads Juhl Kikkenborg\" onerror=\"this.onerror=null;this.src='https:\/\/soccer.aidatasports.com\/images\/players\/default-player.png';\"><span>Mads Juhl Kikkenborg<\/span><\/a><\/div>\n<div class=\"player\"><a href=\"https:\/\/soccer.aidatasports.com\/es\/players\/Mihajlo-Ili\u0107-346923\"><img decoding=\"async\" src=\"https:\/\/soccer.aidatasports.com\/images\/players\/346923.png\" alt=\"Mihajlo Ili\u0107\" onerror=\"this.onerror=null;this.src='https:\/\/soccer.aidatasports.com\/images\/players\/default-player.png';\"><span>Mihajlo Ili\u0107<\/span><\/a><\/div>\n<div class=\"player\"><a href=\"https:\/\/soccer.aidatasports.com\/es\/players\/Yasin-\u00d6zcan-376039\"><img decoding=\"async\" src=\"https:\/\/soccer.aidatasports.com\/images\/players\/376039.png\" alt=\"Yasin \u00d6zcan\" onerror=\"this.onerror=null;this.src='https:\/\/soccer.aidatasports.com\/images\/players\/default-player.png';\"><span>Yasin \u00d6zcan<\/span><\/a><\/div>\n<div class=\"player\"><a href=\"https:\/\/soccer.aidatasports.com\/es\/players\/Ludwig-Augustinsson-2852\"><img decoding=\"async\" src=\"https:\/\/soccer.aidatasports.com\/images\/players\/2852.png\" alt=\"Ludwig Augustinsson\" onerror=\"this.onerror=null;this.src='https:\/\/soccer.aidatasports.com\/images\/players\/default-player.png';\"><span>Ludwig Augustinsson<\/span><\/a><\/div>\n<div class=\"player\"><a href=\"https:\/\/soccer.aidatasports.com\/es\/players\/Enric-Llansana-38745\"><img decoding=\"async\" src=\"https:\/\/soccer.aidatasports.com\/images\/players\/38745.png\" alt=\"Enric Llansana\" onerror=\"this.onerror=null;this.src='https:\/\/soccer.aidatasports.com\/images\/players\/default-player.png';\"><span>Enric Llansana<\/span><\/a><\/div>\n<div class=\"player\"><a href=\"https:\/\/soccer.aidatasports.com\/es\/players\/Ilay-Camara-371839\"><img decoding=\"async\" src=\"https:\/\/soccer.aidatasports.com\/images\/players\/371839.png\" alt=\"Ilay Camara\" onerror=\"this.onerror=null;this.src='https:\/\/soccer.aidatasports.com\/images\/players\/default-player.png';\"><span>Ilay Camara<\/span><\/a><\/div>\n<div class=\"player\"><a href=\"https:\/\/soccer.aidatasports.com\/es\/players\/Ibrahim-Kanate-418189\"><img decoding=\"async\" src=\"https:\/\/soccer.aidatasports.com\/images\/players\/418189.png\" alt=\"Ibrahim Kanate\" onerror=\"this.onerror=null;this.src='https:\/\/soccer.aidatasports.com\/images\/players\/default-player.png';\"><span>Ibrahim Kanate<\/span><\/a><\/div>\n<div class=\"player\"><a href=\"https:\/\/soccer.aidatasports.com\/es\/players\/Mihajlo-Cvetkovi\u0107-398190\"><img decoding=\"async\" src=\"https:\/\/soccer.aidatasports.com\/images\/players\/398190.png\" alt=\"Mihajlo Cvetkovi\u0107\" onerror=\"this.onerror=null;this.src='https:\/\/soccer.aidatasports.com\/images\/players\/default-player.png';\"><span>Mihajlo Cvetkovi\u0107<\/span><\/a><\/div>\n<\/div>\n<\/div>\n<\/div>\n<div class=\"team-lineup\">\n<h3>Gent<\/h3>\n<p><img decoding=\"async\" src=\"https:\/\/media.api-sports.io\/football\/teams\/631.png\" alt=\"Gent\" style=\"width: 50px; height: 50px;\"><\/p>\n<div class=\"players-container\">\n<div>\n<h4>Titulares:<\/h4>\n<div class=\"player\"><a href=\"https:\/\/soccer.aidatasports.com\/es\/players\/Davy-Roef-8716\"><img decoding=\"async\" src=\"https:\/\/soccer.aidatasports.com\/images\/players\/8716.png\" alt=\"Davy Roef\" onerror=\"this.onerror=null;this.src='https:\/\/soccer.aidatasports.com\/images\/players\/default-player.png';\"><span>Davy Roef<\/span><\/a><\/div>\n<div class=\"player\"><a href=\"https:\/\/soccer.aidatasports.com\/es\/players\/Hatim-Essaouabi-269453\"><img decoding=\"async\" src=\"https:\/\/soccer.aidatasports.com\/images\/players\/269453.png\" alt=\"Hatim Essaouabi\" onerror=\"this.onerror=null;this.src='https:\/\/soccer.aidatasports.com\/images\/players\/default-player.png';\"><span>Hatim Essaouabi<\/span><\/a><\/div>\n<div class=\"player\"><a href=\"https:\/\/soccer.aidatasports.com\/es\/players\/Maksim-Paskotsi-60353\"><img decoding=\"async\" src=\"https:\/\/soccer.aidatasports.com\/images\/players\/60353.png\" alt=\"Maksim Paskotsi\" onerror=\"this.onerror=null;this.src='https:\/\/soccer.aidatasports.com\/images\/players\/default-player.png';\"><span>Maksim Paskotsi<\/span><\/a><\/div>\n<div class=\"player\"><a href=\"https:\/\/soccer.aidatasports.com\/es\/players\/Siebe-Van-Der-Heyden-37639\"><img decoding=\"async\" src=\"https:\/\/soccer.aidatasports.com\/images\/players\/37639.png\" alt=\"Siebe Van Der Heyden\" onerror=\"this.onerror=null;this.src='https:\/\/soccer.aidatasports.com\/images\/players\/default-player.png';\"><span>Siebe Van Der Heyden<\/span><\/a><\/div>\n<div class=\"player\"><a href=\"https:\/\/soccer.aidatasports.com\/es\/players\/Jean-K\u00e9vin-Duverne-20655\"><img decoding=\"async\" src=\"https:\/\/soccer.aidatasports.com\/images\/players\/20655.png\" alt=\"Jean-K\u00e9vin Duverne\" onerror=\"this.onerror=null;this.src='https:\/\/soccer.aidatasports.com\/images\/players\/default-player.png';\"><span>Jean-K\u00e9vin Duverne<\/span><\/a><\/div>\n<div class=\"player\"><a href=\"https:\/\/soccer.aidatasports.com\/es\/players\/Mathias-Delorge-299972\"><img decoding=\"async\" src=\"https:\/\/soccer.aidatasports.com\/images\/players\/299972.png\" alt=\"Mathias Delorge\" onerror=\"this.onerror=null;this.src='https:\/\/soccer.aidatasports.com\/images\/players\/default-player.png';\"><span>Mathias Delorge<\/span><\/a><\/div>\n<div class=\"player\"><a href=\"https:\/\/soccer.aidatasports.com\/es\/players\/Atsuki-Ito-266927\"><img decoding=\"async\" src=\"https:\/\/soccer.aidatasports.com\/images\/players\/266927.png\" alt=\"Atsuki Ito\" onerror=\"this.onerror=null;this.src='https:\/\/soccer.aidatasports.com\/images\/players\/default-player.png';\"><span>Atsuki Ito<\/span><\/a><\/div>\n<div class=\"player\"><a href=\"https:\/\/soccer.aidatasports.com\/es\/players\/Micha\u0142-Sk\u00f3ra\u015b-40809\"><img decoding=\"async\" src=\"https:\/\/soccer.aidatasports.com\/images\/players\/40809.png\" alt=\"Micha\u0142 Sk\u00f3ra\u015b\" onerror=\"this.onerror=null;this.src='https:\/\/soccer.aidatasports.com\/images\/players\/default-player.png';\"><span>Micha\u0142 Sk\u00f3ra\u015b<\/span><\/a><\/div>\n<div class=\"player\"><a href=\"https:\/\/soccer.aidatasports.com\/es\/players\/Omri-Gandelman-126974\"><img decoding=\"async\" src=\"https:\/\/soccer.aidatasports.com\/images\/players\/126974.png\" alt=\"Omri Gandelman\" onerror=\"this.onerror=null;this.src='https:\/\/soccer.aidatasports.com\/images\/players\/default-player.png';\"><span>Omri Gandelman<\/span><\/a><\/div>\n<div class=\"player\"><a href=\"https:\/\/soccer.aidatasports.com\/es\/players\/Abdelkahar-Kadri-129867\"><img decoding=\"async\" src=\"https:\/\/soccer.aidatasports.com\/images\/players\/129867.png\" alt=\"Abdelkahar Kadri\" onerror=\"this.onerror=null;this.src='https:\/\/soccer.aidatasports.com\/images\/players\/default-player.png';\"><span>Abdelkahar Kadri<\/span><\/a><\/div>\n<div class=\"player\"><a href=\"https:\/\/soccer.aidatasports.com\/es\/players\/Wilfried-Kanga-21155\"><img decoding=\"async\" src=\"https:\/\/soccer.aidatasports.com\/images\/players\/21155.png\" alt=\"Wilfried Kanga\" onerror=\"this.onerror=null;this.src='https:\/\/soccer.aidatasports.com\/images\/players\/default-player.png';\"><span>Wilfried Kanga<\/span><\/a><\/div>\n<\/div>\n<div>\n<h4>Suplentes:<\/h4>\n<div class=\"player\"><a href=\"https:\/\/soccer.aidatasports.com\/es\/players\/Leonardo-Lopes-20144\"><img decoding=\"async\" src=\"https:\/\/soccer.aidatasports.com\/images\/players\/20144.png\" alt=\"Leonardo Lopes\" onerror=\"this.onerror=null;this.src='https:\/\/soccer.aidatasports.com\/images\/players\/default-player.png';\"><span>Leonardo Lopes<\/span><\/a><\/div>\n<div class=\"player\"><a href=\"https:\/\/soccer.aidatasports.com\/es\/players\/Matisse-Samoise-281376\"><img decoding=\"async\" src=\"https:\/\/soccer.aidatasports.com\/images\/players\/281376.png\" alt=\"Matisse Samoise\" onerror=\"this.onerror=null;this.src='https:\/\/soccer.aidatasports.com\/images\/players\/default-player.png';\"><span>Matisse Samoise<\/span><\/a><\/div>\n<div class=\"player\"><a href=\"https:\/\/soccer.aidatasports.com\/es\/players\/Hyllarion-Goore-477549\"><img decoding=\"async\" src=\"https:\/\/soccer.aidatasports.com\/images\/players\/477549.png\" alt=\"Hyllarion Goore\" onerror=\"this.onerror=null;this.src='https:\/\/soccer.aidatasports.com\/images\/players\/default-player.png';\"><span>Hyllarion Goore<\/span><\/a><\/div>\n<div class=\"player\"><a href=\"https:\/\/soccer.aidatasports.com\/es\/players\/Kjell-Peersman-313077\"><img decoding=\"async\" src=\"https:\/\/soccer.aidatasports.com\/images\/players\/313077.png\" alt=\"Kjell Peersman\" onerror=\"this.onerror=null;this.src='https:\/\/soccer.aidatasports.com\/images\/players\/default-player.png';\"><span>Kjell Peersman<\/span><\/a><\/div>\n<div class=\"player\"><a href=\"https:\/\/soccer.aidatasports.com\/es\/players\/Tiago-Ara\u00fajo-161935\"><img decoding=\"async\" src=\"https:\/\/soccer.aidatasports.com\/images\/players\/161935.png\" alt=\"Tiago Ara\u00fajo\" onerror=\"this.onerror=null;this.src='https:\/\/soccer.aidatasports.com\/images\/players\/default-player.png';\"><span>Tiago Ara\u00fajo<\/span><\/a><\/div>\n<div class=\"player\"><a href=\"https:\/\/soccer.aidatasports.com\/es\/players\/Momodou-Sonko-328978\"><img decoding=\"async\" src=\"https:\/\/soccer.aidatasports.com\/images\/players\/328978.png\" alt=\"Momodou Sonko\" onerror=\"this.onerror=null;this.src='https:\/\/soccer.aidatasports.com\/images\/players\/default-player.png';\"><span>Momodou Sonko<\/span><\/a><\/div>\n<div class=\"player\"><a href=\"https:\/\/soccer.aidatasports.com\/es\/players\/Mohammed-El-\u00c2dfaoui-446302\"><img decoding=\"async\" src=\"https:\/\/soccer.aidatasports.com\/images\/players\/446302.png\" alt=\"Mohammed El \u00c2dfaoui\" onerror=\"this.onerror=null;this.src='https:\/\/soccer.aidatasports.com\/images\/players\/default-player.png';\"><span>Mohammed El \u00c2dfaoui<\/span><\/a><\/div>\n<div class=\"player\"><a href=\"https:\/\/soccer.aidatasports.com\/es\/players\/Dante-Vanzeir-8920\"><img decoding=\"async\" src=\"https:\/\/soccer.aidatasports.com\/images\/players\/8920.png\" alt=\"Dante Vanzeir\" onerror=\"this.onerror=null;this.src='https:\/\/soccer.aidatasports.com\/images\/players\/default-player.png';\"><span>Dante Vanzeir<\/span><\/a><\/div>\n<div class=\"player\"><a href=\"https:\/\/soccer.aidatasports.com\/es\/players\/Franck-Surdez-278018\"><img decoding=\"async\" src=\"https:\/\/soccer.aidatasports.com\/images\/players\/278018.png\" alt=\"Franck Surdez\" onerror=\"this.onerror=null;this.src='https:\/\/soccer.aidatasports.com\/images\/players\/default-player.png';\"><span>Franck Surdez<\/span><\/a><\/div>\n<\/div>\n<\/div>\n<\/div>\n<\/div>\n<div id=\"wg-api-football-game\"\n                    data-host=\"xxxxx\"\n                    data-key=\"xxxx\"\n                    data-id=\"1382463\"\n                    data-theme=\"\"\n                    data-refresh=\"15\"\n                    data-show-errors=\"false\"\n                    data-show-logos=\"true\"><br \/>\n                    class=\u00bbwg_loader\u00bb>\n                <\/div>\n<div id=\"wg-api-football-standings\"\n                    data-host=\"xxxx\"\n                    data-key=\"ddddd\"\n                    data-league=\"144\"\n                    data-team=\"\"\n                    data-season=\"2025\"\n                    data-theme=\"\"\n                    data-show-errors=\"false\"\n                    data-show-logos=\"true\"\n                    class=\"wg_loader\">\n                <\/div>\n<p>                <script\n                    type=\"module\"\n                    src=\"https:\/\/soccer.aidatasports.com\/wp-content\/customjs\/widgetslocal.js\">\n                <\/script><\/p>\n","protected":false},"excerpt":{"rendered":"<p>Espa\u00f1ol Anderlecht se Lleva la Victoria en un Partido Disputado Bruxelles (Brussel) \u2013 Anderlecht se&hellip;<\/p>\n","protected":false},"author":1,"featured_media":106819,"comment_status":"open","ping_status":"open","sticky":false,"template":"","format":"standard","meta":{"content-type":"","_lmt_disableupdate":"","_lmt_disable":"","_league":15837,"_fixture":1382463,"penci_pfeatured_image_ratio":"","penci_single_style":"","footnotes":""},"categories":[15837],"tags":[665,731],"class_list":["post-106820","post","type-post","status-publish","format-standard","has-post-thumbnail","hentry","category-matches","tag-anderlecht-belgium-554","tag-gent-belgium-631"],"_links":{"self":[{"href":"https:\/\/soccer.aidatasports.com\/es\/wp-json\/wp\/v2\/posts\/106820"}],"collection":[{"href":"https:\/\/soccer.aidatasports.com\/es\/wp-json\/wp\/v2\/posts"}],"about":[{"href":"https:\/\/soccer.aidatasports.com\/es\/wp-json\/wp\/v2\/types\/post"}],"author":[{"embeddable":true,"href":"https:\/\/soccer.aidatasports.com\/es\/wp-json\/wp\/v2\/users\/1"}],"replies":[{"embeddable":true,"href":"https:\/\/soccer.aidatasports.com\/es\/wp-json\/wp\/v2\/comments?post=106820"}],"version-history":[{"count":0,"href":"https:\/\/soccer.aidatasports.com\/es\/wp-json\/wp\/v2\/posts\/106820\/revisions"}],"wp:featuredmedia":[{"embeddable":true,"href":"https:\/\/soccer.aidatasports.com\/es\/wp-json\/wp\/v2\/media\/106819"}],"wp:attachment":[{"href":"https:\/\/soccer.aidatasports.com\/es\/wp-json\/wp\/v2\/media?parent=106820"}],"wp:term":[{"taxonomy":"category","embeddable":true,"href":"https:\/\/soccer.aidatasports.com\/es\/wp-json\/wp\/v2\/categories?post=106820"},{"taxonomy":"post_tag","embeddable":true,"href":"https:\/\/soccer.aidatasports.com\/es\/wp-json\/wp\/v2\/tags?post=106820"}],"curies":[{"name":"wp","href":"https:\/\/api.w.org\/{rel}","templated":true}]}}