{"id":105170,"date":"2025-09-13T15:40:34","date_gmt":"2025-09-13T15:40:34","guid":{"rendered":"https:\/\/soccer.aidatasports.com\/es\/uncategorized\/sc-freiburg-vs-vfb-stuttgart-sep-13-2025-1330-utc\/"},"modified":"2025-09-13T15:40:34","modified_gmt":"2025-09-13T15:40:34","slug":"sc-freiburg-vs-vfb-stuttgart-sep-13-2025-1330-utc","status":"publish","type":"post","link":"https:\/\/soccer.aidatasports.com\/es\/matches\/sc-freiburg-vs-vfb-stuttgart-sep-13-2025-1330-utc\/","title":{"rendered":"SC Freiburg vs VfB Stuttgart Sep 13 2025 13:30 UTC"},"content":{"rendered":"<p><strong>Espa\u00f1ol<\/strong><\/p>\n<p><strong>El SC Freiburg da la vuelta a un partido vibrante ante el VfB Stuttgart en el Europa-Park Stadion<\/strong><\/p>\n<p>Freiburg im Breisgau, 13 de septiembre de 2025 &#8211; En un encuentro electrizante correspondiente a la tercera jornada de la Bundesliga, el SC Freiburg logr\u00f3 una espectacular remontada en casa ante el VfB Stuttgart, culminando con un marcador de 4-1. El partido, disputado en el Europa-Park Stadion, fue dirigido por el \u00e1rbitro Daniel Siebert.<\/p>\n<p>El VfB Stuttgart comenz\u00f3 el partido con fuerza, abriendo el marcador en el minuto 20 gracias a un gol de E. Demirovic, asistido por J. Leweling. El Stuttgart mantuvo el control del bal\u00f3n durante la primera parte, con una posesi\u00f3n del 54% y generando varias ocasiones de gol. Sin embargo, la segunda mitad fue completamente diferente.<\/p>\n<p>El SC Freiburg sali\u00f3 con una actitud renovada y empez\u00f3 a generar peligro en la porter\u00eda rival. En el minuto 81, I. Matanovic empat\u00f3 el partido, asistido por L. Kubler, encendiendo la afici\u00f3n local.  La presi\u00f3n del Freiburg continu\u00f3, y en el minuto 86, D. Scherhant adelant\u00f3 a su equipo con un gol crucial.  Para cerrar la victoria, I. Matanovic anot\u00f3 nuevamente, esta vez de penalti, en el minuto 90, sellando el resultado final. El partido termin\u00f3 con una tarjeta roja para J. Manzambi del Freiburg y una amarilla para B. El Khannouss del Stuttgart.<\/p>\n<p>A pesar de tener menos posesi\u00f3n (46%), el SC Freiburg fue mucho m\u00e1s efectivo en ataque, con 14 tiros, 6 de ellos a puerta, frente a los 7 tiros del Stuttgart (2 a puerta). El Freiburg tambi\u00e9n super\u00f3 al Stuttgart en corners, 7 a 1.<\/p>\n<p>Sustituciones en el equipo de vfb stuttgart: en el minuto 63 ingres\u00f3 B. Bouanani y sali\u00f3 T. Tomas, en el minuto 76 ingres\u00f3 M. Mittelstadt y sali\u00f3 R. Hendriks, en el minuto 76 ingres\u00f3 E. Demirovic y sali\u00f3 C. Andres, en el minuto 89 ingres\u00f3 A. Karazor y sali\u00f3 C. Fuhrich, en el minuto 89 ingres\u00f3 J. Vagnoman y sali\u00f3 L. Assignon <\/p>\n<p>Sustituciones en el equipo de sc freiburg: en el minuto 64 ingres\u00f3 V. Grifo y sali\u00f3 D. Scherhant, en el minuto 78 ingres\u00f3 L. Holer y sali\u00f3 I. Matanovic, en el minuto 86 ingres\u00f3 P. Osterhage y sali\u00f3 N. Hofler, en el minuto 86 ingres\u00f3 J. Beste y sali\u00f3 E. Dinkci <\/p>\n<p>Los equipos alinearon de la siguiente manera:<\/p>\n<div class=\"lineups-container\">\n<style>\n                .lineups-container {\n                    display: flex;\n                    justify-content: space-around;\n                    flex-wrap: wrap;\n                }\n                .team-lineup {\n                    width: 49%;\n                    margin-bottom: 20px;\n                    border: 1px solid #ccc;\n                    padding: 5px;\n                }\n                .team-lineup h3 {\n                    text-align: center;\n                    margin-bottom: 10px;\n                }\n                .players-container {\n                    display: flex;\n                    justify-content: space-between;\n                }\n                .players-container div {\n                    width: 100%;\n                }\n                .player {\n                    display: flex;\n                    align-items: center;\n                    margin-bottom: 5px;\n                }\n                .player img {\n                    width: 30px;\n                    height: 30px;\n                    border-radius: 50%;\n                    margin-right: 10px;\n                }\n                    @media (max-width: 600px) {\n                    .team-lineup {\n                        width: 100%;\n                    }\n                }\n                <\/style>\n<div class=\"team-lineup\">\n<h3>SC Freiburg<\/h3>\n<p><img decoding=\"async\" src=\"https:\/\/media.api-sports.io\/football\/teams\/160.png\" alt=\"SC Freiburg\" style=\"width: 50px; height: 50px;\"><\/p>\n<div class=\"players-container\">\n<div>\n<h4>Titulares:<\/h4>\n<div class=\"player\"><a href=\"https:\/\/soccer.aidatasports.com\/es\/players\/Noah-Atubolu-178768\"><img decoding=\"async\" src=\"https:\/\/soccer.aidatasports.com\/images\/players\/178768.png\" alt=\"Noah Atubolu\" onerror=\"this.onerror=null;this.src='https:\/\/soccer.aidatasports.com\/images\/players\/default-player.png';\"><span>Noah Atubolu<\/span><\/a><\/div>\n<div class=\"player\"><a href=\"https:\/\/soccer.aidatasports.com\/es\/players\/Lukas-K\u00fcbler-26239\"><img decoding=\"async\" src=\"https:\/\/soccer.aidatasports.com\/images\/players\/26239.png\" alt=\"Lukas K\u00fcbler\" onerror=\"this.onerror=null;this.src='https:\/\/soccer.aidatasports.com\/images\/players\/default-player.png';\"><span>Lukas K\u00fcbler<\/span><\/a><\/div>\n<div class=\"player\"><a href=\"https:\/\/soccer.aidatasports.com\/es\/players\/Matthias-Ginter-2915\"><img decoding=\"async\" src=\"https:\/\/soccer.aidatasports.com\/images\/players\/2915.png\" alt=\"Matthias Ginter\" onerror=\"this.onerror=null;this.src='https:\/\/soccer.aidatasports.com\/images\/players\/default-player.png';\"><span>Matthias Ginter<\/span><\/a><\/div>\n<div class=\"player\"><a href=\"https:\/\/soccer.aidatasports.com\/es\/players\/Philipp-Lienhart-26240\"><img decoding=\"async\" src=\"https:\/\/soccer.aidatasports.com\/images\/players\/26240.png\" alt=\"Philipp Lienhart\" onerror=\"this.onerror=null;this.src='https:\/\/soccer.aidatasports.com\/images\/players\/default-player.png';\"><span>Philipp Lienhart<\/span><\/a><\/div>\n<div class=\"player\"><a href=\"https:\/\/soccer.aidatasports.com\/es\/players\/Jordy-Makengo-191160\"><img decoding=\"async\" src=\"https:\/\/soccer.aidatasports.com\/images\/players\/191160.png\" alt=\"Jordy Makengo\" onerror=\"this.onerror=null;this.src='https:\/\/soccer.aidatasports.com\/images\/players\/default-player.png';\"><span>Jordy Makengo<\/span><\/a><\/div>\n<div class=\"player\"><a href=\"https:\/\/soccer.aidatasports.com\/es\/players\/Maximilian-Eggestein-2917\"><img decoding=\"async\" src=\"https:\/\/soccer.aidatasports.com\/images\/players\/2917.png\" alt=\"Maximilian Eggestein\" onerror=\"this.onerror=null;this.src='https:\/\/soccer.aidatasports.com\/images\/players\/default-player.png';\"><span>Maximilian Eggestein<\/span><\/a><\/div>\n<div class=\"player\"><a href=\"https:\/\/soccer.aidatasports.com\/es\/players\/Patrick-Osterhage-163022\"><img decoding=\"async\" src=\"https:\/\/soccer.aidatasports.com\/images\/players\/163022.png\" alt=\"Patrick Osterhage\" onerror=\"this.onerror=null;this.src='https:\/\/soccer.aidatasports.com\/images\/players\/default-player.png';\"><span>Patrick Osterhage<\/span><\/a><\/div>\n<div class=\"player\"><a href=\"https:\/\/soccer.aidatasports.com\/es\/players\/Jan-Niklas-Beste-25313\"><img decoding=\"async\" src=\"https:\/\/soccer.aidatasports.com\/images\/players\/25313.png\" alt=\"Jan-Niklas Beste\" onerror=\"this.onerror=null;this.src='https:\/\/soccer.aidatasports.com\/images\/players\/default-player.png';\"><span>Jan-Niklas Beste<\/span><\/a><\/div>\n<div class=\"player\"><a href=\"https:\/\/soccer.aidatasports.com\/es\/players\/Johan-Manzambi-406244\"><img decoding=\"async\" src=\"https:\/\/soccer.aidatasports.com\/images\/players\/406244.png\" alt=\"Johan Manzambi\" onerror=\"this.onerror=null;this.src='https:\/\/soccer.aidatasports.com\/images\/players\/default-player.png';\"><span>Johan Manzambi<\/span><\/a><\/div>\n<div class=\"player\"><a href=\"https:\/\/soccer.aidatasports.com\/es\/players\/Vincenzo-Grifo-26248\"><img decoding=\"async\" src=\"https:\/\/soccer.aidatasports.com\/images\/players\/26248.png\" alt=\"Vincenzo Grifo\" onerror=\"this.onerror=null;this.src='https:\/\/soccer.aidatasports.com\/images\/players\/default-player.png';\"><span>Vincenzo Grifo<\/span><\/a><\/div>\n<div class=\"player\"><a href=\"https:\/\/soccer.aidatasports.com\/es\/players\/Lucas-H\u00f6ler-26255\"><img decoding=\"async\" src=\"https:\/\/soccer.aidatasports.com\/images\/players\/26255.png\" alt=\"Lucas H\u00f6ler\" onerror=\"this.onerror=null;this.src='https:\/\/soccer.aidatasports.com\/images\/players\/default-player.png';\"><span>Lucas H\u00f6ler<\/span><\/a><\/div>\n<\/div>\n<div>\n<h4>Suplentes:<\/h4>\n<div class=\"player\"><a href=\"https:\/\/soccer.aidatasports.com\/es\/players\/Florian-M\u00fcller-25905\"><img decoding=\"async\" src=\"https:\/\/soccer.aidatasports.com\/images\/players\/25905.png\" alt=\"Florian M\u00fcller\" onerror=\"this.onerror=null;this.src='https:\/\/soccer.aidatasports.com\/images\/players\/default-player.png';\"><span>Florian M\u00fcller<\/span><\/a><\/div>\n<div class=\"player\"><a href=\"https:\/\/soccer.aidatasports.com\/es\/players\/Christian-G\u00fcnter-26236\"><img decoding=\"async\" src=\"https:\/\/soccer.aidatasports.com\/images\/players\/26236.png\" alt=\"Christian G\u00fcnter\" onerror=\"this.onerror=null;this.src='https:\/\/soccer.aidatasports.com\/images\/players\/default-player.png';\"><span>Christian G\u00fcnter<\/span><\/a><\/div>\n<div class=\"player\"><a href=\"https:\/\/soccer.aidatasports.com\/es\/players\/Anthony-Jung-15874\"><img decoding=\"async\" src=\"https:\/\/soccer.aidatasports.com\/images\/players\/15874.png\" alt=\"Anthony Jung\" onerror=\"this.onerror=null;this.src='https:\/\/soccer.aidatasports.com\/images\/players\/default-player.png';\"><span>Anthony Jung<\/span><\/a><\/div>\n<div class=\"player\"><a href=\"https:\/\/soccer.aidatasports.com\/es\/players\/Eren-Dink\u00e7i-202526\"><img decoding=\"async\" src=\"https:\/\/soccer.aidatasports.com\/images\/players\/202526.png\" alt=\"Eren Dink\u00e7i\" onerror=\"this.onerror=null;this.src='https:\/\/soccer.aidatasports.com\/images\/players\/default-player.png';\"><span>Eren Dink\u00e7i<\/span><\/a><\/div>\n<div class=\"player\"><a href=\"https:\/\/soccer.aidatasports.com\/es\/players\/Nicolas-H\u00f6fler-26250\"><img decoding=\"async\" src=\"https:\/\/soccer.aidatasports.com\/images\/players\/26250.png\" alt=\"Nicolas H\u00f6fler\" onerror=\"this.onerror=null;this.src='https:\/\/soccer.aidatasports.com\/images\/players\/default-player.png';\"><span>Nicolas H\u00f6fler<\/span><\/a><\/div>\n<div class=\"player\"><a href=\"https:\/\/soccer.aidatasports.com\/es\/players\/Philipp-Treu-178769\"><img decoding=\"async\" src=\"https:\/\/soccer.aidatasports.com\/images\/players\/178769.png\" alt=\"Philipp Treu\" onerror=\"this.onerror=null;this.src='https:\/\/soccer.aidatasports.com\/images\/players\/default-player.png';\"><span>Philipp Treu<\/span><\/a><\/div>\n<div class=\"player\"><a href=\"https:\/\/soccer.aidatasports.com\/es\/players\/Junior-Adamu-125173\"><img decoding=\"async\" src=\"https:\/\/soccer.aidatasports.com\/images\/players\/125173.png\" alt=\"Junior Adamu\" onerror=\"this.onerror=null;this.src='https:\/\/soccer.aidatasports.com\/images\/players\/default-player.png';\"><span>Junior Adamu<\/span><\/a><\/div>\n<div class=\"player\"><a href=\"https:\/\/soccer.aidatasports.com\/es\/players\/Igor-Matanovi\u0107-202696\"><img decoding=\"async\" src=\"https:\/\/soccer.aidatasports.com\/images\/players\/202696.png\" alt=\"Igor Matanovi\u0107\" onerror=\"this.onerror=null;this.src='https:\/\/soccer.aidatasports.com\/images\/players\/default-player.png';\"><span>Igor Matanovi\u0107<\/span><\/a><\/div>\n<div class=\"player\"><a href=\"https:\/\/soccer.aidatasports.com\/es\/players\/Derry-Scherhant-286710\"><img decoding=\"async\" src=\"https:\/\/soccer.aidatasports.com\/images\/players\/286710.png\" alt=\"Derry Scherhant\" onerror=\"this.onerror=null;this.src='https:\/\/soccer.aidatasports.com\/images\/players\/default-player.png';\"><span>Derry Scherhant<\/span><\/a><\/div>\n<\/div>\n<\/div>\n<\/div>\n<div class=\"team-lineup\">\n<h3>VfB Stuttgart<\/h3>\n<p><img decoding=\"async\" src=\"https:\/\/media.api-sports.io\/football\/teams\/172.png\" alt=\"VfB Stuttgart\" style=\"width: 50px; height: 50px;\"><\/p>\n<div class=\"players-container\">\n<div>\n<h4>Titulares:<\/h4>\n<div class=\"player\"><a href=\"https:\/\/soccer.aidatasports.com\/es\/players\/Alexander-N\u00fcbel-399\"><img decoding=\"async\" src=\"https:\/\/soccer.aidatasports.com\/images\/players\/399.png\" alt=\"Alexander N\u00fcbel\" onerror=\"this.onerror=null;this.src='https:\/\/soccer.aidatasports.com\/images\/players\/default-player.png';\"><span>Alexander N\u00fcbel<\/span><\/a><\/div>\n<div class=\"player\"><a href=\"https:\/\/soccer.aidatasports.com\/es\/players\/Josha-Vagnoman-24868\"><img decoding=\"async\" src=\"https:\/\/soccer.aidatasports.com\/images\/players\/24868.png\" alt=\"Josha Vagnoman\" onerror=\"this.onerror=null;this.src='https:\/\/soccer.aidatasports.com\/images\/players\/default-player.png';\"><span>Josha Vagnoman<\/span><\/a><\/div>\n<div class=\"player\"><a href=\"https:\/\/soccer.aidatasports.com\/es\/players\/Finn-Jeltsch-394734\"><img decoding=\"async\" src=\"https:\/\/soccer.aidatasports.com\/images\/players\/394734.png\" alt=\"Finn Jeltsch\" onerror=\"this.onerror=null;this.src='https:\/\/soccer.aidatasports.com\/images\/players\/default-player.png';\"><span>Finn Jeltsch<\/span><\/a><\/div>\n<div class=\"player\"><a href=\"https:\/\/soccer.aidatasports.com\/es\/players\/Jeff-Chabot-38112\"><img decoding=\"async\" src=\"https:\/\/soccer.aidatasports.com\/images\/players\/38112.png\" alt=\"Jeff Chabot\" onerror=\"this.onerror=null;this.src='https:\/\/soccer.aidatasports.com\/images\/players\/default-player.png';\"><span>Jeff Chabot<\/span><\/a><\/div>\n<div class=\"player\"><a href=\"https:\/\/soccer.aidatasports.com\/es\/players\/Maximilian-Mittelst\u00e4dt-25342\"><img decoding=\"async\" src=\"https:\/\/soccer.aidatasports.com\/images\/players\/25342.png\" alt=\"Maximilian Mittelst\u00e4dt\" onerror=\"this.onerror=null;this.src='https:\/\/soccer.aidatasports.com\/images\/players\/default-player.png';\"><span>Maximilian Mittelst\u00e4dt<\/span><\/a><\/div>\n<div class=\"player\"><a href=\"https:\/\/soccer.aidatasports.com\/es\/players\/Atakan-Karazor-24963\"><img decoding=\"async\" src=\"https:\/\/soccer.aidatasports.com\/images\/players\/24963.png\" alt=\"Atakan Karazor\" onerror=\"this.onerror=null;this.src='https:\/\/soccer.aidatasports.com\/images\/players\/default-player.png';\"><span>Atakan Karazor<\/span><\/a><\/div>\n<div class=\"player\"><a href=\"https:\/\/soccer.aidatasports.com\/es\/players\/Angelo-Stiller-137210\"><img decoding=\"async\" src=\"https:\/\/soccer.aidatasports.com\/images\/players\/137210.png\" alt=\"Angelo Stiller\" onerror=\"this.onerror=null;this.src='https:\/\/soccer.aidatasports.com\/images\/players\/default-player.png';\"><span>Angelo Stiller<\/span><\/a><\/div>\n<div class=\"player\"><a href=\"https:\/\/soccer.aidatasports.com\/es\/players\/Badredine-Bouanani-334879\"><img decoding=\"async\" src=\"https:\/\/soccer.aidatasports.com\/images\/players\/334879.png\" alt=\"Badredine Bouanani\" onerror=\"this.onerror=null;this.src='https:\/\/soccer.aidatasports.com\/images\/players\/default-player.png';\"><span>Badredine Bouanani<\/span><\/a><\/div>\n<div class=\"player\"><a href=\"https:\/\/soccer.aidatasports.com\/es\/players\/Bilal-El-Khannouss-340573\"><img decoding=\"async\" src=\"https:\/\/soccer.aidatasports.com\/images\/players\/340573.png\" alt=\"Bilal El Khannouss\" onerror=\"this.onerror=null;this.src='https:\/\/soccer.aidatasports.com\/images\/players\/default-player.png';\"><span>Bilal El Khannouss<\/span><\/a><\/div>\n<div class=\"player\"><a href=\"https:\/\/soccer.aidatasports.com\/es\/players\/Jamie-Leweling-128533\"><img decoding=\"async\" src=\"https:\/\/soccer.aidatasports.com\/images\/players\/128533.png\" alt=\"Jamie Leweling\" onerror=\"this.onerror=null;this.src='https:\/\/soccer.aidatasports.com\/images\/players\/default-player.png';\"><span>Jamie Leweling<\/span><\/a><\/div>\n<div class=\"player\"><a href=\"https:\/\/soccer.aidatasports.com\/es\/players\/Ermedin-Demirovi\u0107-46930\"><img decoding=\"async\" src=\"https:\/\/soccer.aidatasports.com\/images\/players\/46930.png\" alt=\"Ermedin Demirovi\u0107\" onerror=\"this.onerror=null;this.src='https:\/\/soccer.aidatasports.com\/images\/players\/default-player.png';\"><span>Ermedin Demirovi\u0107<\/span><\/a><\/div>\n<\/div>\n<div>\n<h4>Suplentes:<\/h4>\n<div class=\"player\"><a href=\"https:\/\/soccer.aidatasports.com\/es\/players\/Stefan-Drlja\u010da-178217\"><img decoding=\"async\" src=\"https:\/\/soccer.aidatasports.com\/images\/players\/178217.png\" alt=\"Stefan Drlja\u010da\" onerror=\"this.onerror=null;this.src='https:\/\/soccer.aidatasports.com\/images\/players\/default-player.png';\"><span>Stefan Drlja\u010da<\/span><\/a><\/div>\n<div class=\"player\"><a href=\"https:\/\/soccer.aidatasports.com\/es\/players\/Ramon-Hendriks-135883\"><img decoding=\"async\" src=\"https:\/\/soccer.aidatasports.com\/images\/players\/135883.png\" alt=\"Ramon Hendriks\" onerror=\"this.onerror=null;this.src='https:\/\/soccer.aidatasports.com\/images\/players\/default-player.png';\"><span>Ramon Hendriks<\/span><\/a><\/div>\n<div class=\"player\"><a href=\"https:\/\/soccer.aidatasports.com\/es\/players\/Dan-Axel-Zagadou-13\"><img decoding=\"async\" src=\"https:\/\/soccer.aidatasports.com\/images\/players\/13.png\" alt=\"Dan-Axel Zagadou\" onerror=\"this.onerror=null;this.src='https:\/\/soccer.aidatasports.com\/images\/players\/default-player.png';\"><span>Dan-Axel Zagadou<\/span><\/a><\/div>\n<div class=\"player\"><a href=\"https:\/\/soccer.aidatasports.com\/es\/players\/Chris-F\u00fchrich-24798\"><img decoding=\"async\" src=\"https:\/\/soccer.aidatasports.com\/images\/players\/24798.png\" alt=\"Chris F\u00fchrich\" onerror=\"this.onerror=null;this.src='https:\/\/soccer.aidatasports.com\/images\/players\/default-player.png';\"><span>Chris F\u00fchrich<\/span><\/a><\/div>\n<div class=\"player\"><a href=\"https:\/\/soccer.aidatasports.com\/es\/players\/Lorenz-Assignon-180731\"><img decoding=\"async\" src=\"https:\/\/soccer.aidatasports.com\/images\/players\/180731.png\" alt=\"Lorenz Assignon\" onerror=\"this.onerror=null;this.src='https:\/\/soccer.aidatasports.com\/images\/players\/default-player.png';\"><span>Lorenz Assignon<\/span><\/a><\/div>\n<div class=\"player\"><a href=\"https:\/\/soccer.aidatasports.com\/es\/players\/Chema-Andr\u00e9s-388871\"><img decoding=\"async\" src=\"https:\/\/soccer.aidatasports.com\/images\/players\/388871.png\" alt=\"Chema Andr\u00e9s\" onerror=\"this.onerror=null;this.src='https:\/\/soccer.aidatasports.com\/images\/players\/default-player.png';\"><span>Chema Andr\u00e9s<\/span><\/a><\/div>\n<div class=\"player\"><a href=\"https:\/\/soccer.aidatasports.com\/es\/players\/Lazar-Jovanovi\u0107-398194\"><img decoding=\"async\" src=\"https:\/\/soccer.aidatasports.com\/images\/players\/398194.png\" alt=\"Lazar Jovanovi\u0107\" onerror=\"this.onerror=null;this.src='https:\/\/soccer.aidatasports.com\/images\/players\/default-player.png';\"><span>Lazar Jovanovi\u0107<\/span><\/a><\/div>\n<div class=\"player\"><a href=\"https:\/\/soccer.aidatasports.com\/es\/players\/Nikolas-Nartey-24806\"><img decoding=\"async\" src=\"https:\/\/soccer.aidatasports.com\/images\/players\/24806.png\" alt=\"Nikolas Nartey\" onerror=\"this.onerror=null;this.src='https:\/\/soccer.aidatasports.com\/images\/players\/default-player.png';\"><span>Nikolas Nartey<\/span><\/a><\/div>\n<div class=\"player\"><a href=\"https:\/\/soccer.aidatasports.com\/es\/players\/Tiago-Tom\u00e1s-265363\"><img decoding=\"async\" src=\"https:\/\/soccer.aidatasports.com\/images\/players\/265363.png\" alt=\"Tiago Tom\u00e1s\" onerror=\"this.onerror=null;this.src='https:\/\/soccer.aidatasports.com\/images\/players\/default-player.png';\"><span>Tiago Tom\u00e1s<\/span><\/a><\/div>\n<\/div>\n<\/div>\n<\/div>\n<\/div>\n<div id=\"wg-api-football-game\"\n                    data-host=\"xxxxx\"\n                    data-key=\"xxxx\"\n                    data-id=\"1388329\"\n                    data-theme=\"\"\n                    data-refresh=\"15\"\n                    data-show-errors=\"false\"\n                    data-show-logos=\"true\"><br \/>\n                    class=\u00bbwg_loader\u00bb>\n                <\/div>\n<div id=\"wg-api-football-standings\"\n                    data-host=\"xxxx\"\n                    data-key=\"ddddd\"\n                    data-league=\"78\"\n                    data-team=\"\"\n                    data-season=\"2025\"\n                    data-theme=\"\"\n                    data-show-errors=\"false\"\n                    data-show-logos=\"true\"\n                    class=\"wg_loader\">\n                <\/div>\n<p>                <script\n                    type=\"module\"\n                    src=\"https:\/\/soccer.aidatasports.com\/wp-content\/customjs\/widgetslocal.js\">\n                <\/script><\/p>\n","protected":false},"excerpt":{"rendered":"<p>Espa\u00f1ol El SC Freiburg da la vuelta a un partido vibrante ante el VfB Stuttgart&hellip;<\/p>\n","protected":false},"author":1,"featured_media":105169,"comment_status":"open","ping_status":"open","sticky":false,"template":"","format":"standard","meta":{"content-type":"","_lmt_disableupdate":"","_lmt_disable":"","_league":15837,"_fixture":1388329,"penci_pfeatured_image_ratio":"","penci_single_style":"","footnotes":""},"categories":[15837],"tags":[283,295],"class_list":["post-105170","post","type-post","status-publish","format-standard","has-post-thumbnail","hentry","category-matches","tag-sc-freiburg-germany-160","tag-vfb-stuttgart-germany-172"],"_links":{"self":[{"href":"https:\/\/soccer.aidatasports.com\/es\/wp-json\/wp\/v2\/posts\/105170"}],"collection":[{"href":"https:\/\/soccer.aidatasports.com\/es\/wp-json\/wp\/v2\/posts"}],"about":[{"href":"https:\/\/soccer.aidatasports.com\/es\/wp-json\/wp\/v2\/types\/post"}],"author":[{"embeddable":true,"href":"https:\/\/soccer.aidatasports.com\/es\/wp-json\/wp\/v2\/users\/1"}],"replies":[{"embeddable":true,"href":"https:\/\/soccer.aidatasports.com\/es\/wp-json\/wp\/v2\/comments?post=105170"}],"version-history":[{"count":0,"href":"https:\/\/soccer.aidatasports.com\/es\/wp-json\/wp\/v2\/posts\/105170\/revisions"}],"wp:featuredmedia":[{"embeddable":true,"href":"https:\/\/soccer.aidatasports.com\/es\/wp-json\/wp\/v2\/media\/105169"}],"wp:attachment":[{"href":"https:\/\/soccer.aidatasports.com\/es\/wp-json\/wp\/v2\/media?parent=105170"}],"wp:term":[{"taxonomy":"category","embeddable":true,"href":"https:\/\/soccer.aidatasports.com\/es\/wp-json\/wp\/v2\/categories?post=105170"},{"taxonomy":"post_tag","embeddable":true,"href":"https:\/\/soccer.aidatasports.com\/es\/wp-json\/wp\/v2\/tags?post=105170"}],"curies":[{"name":"wp","href":"https:\/\/api.w.org\/{rel}","templated":true}]}}