{"id":104091,"date":"2025-08-30T19:20:30","date_gmt":"2025-08-30T19:20:30","guid":{"rendered":"https:\/\/soccer.aidatasports.com\/es\/uncategorized\/benfica-b-vs-portimonense-aug-30-2025-1700-utc\/"},"modified":"2025-08-30T19:20:30","modified_gmt":"2025-08-30T19:20:30","slug":"benfica-b-vs-portimonense-aug-30-2025-1700-utc","status":"publish","type":"post","link":"https:\/\/soccer.aidatasports.com\/es\/matches\/benfica-b-vs-portimonense-aug-30-2025-1700-utc\/","title":{"rendered":"Benfica B vs Portimonense Aug 30 2025 17:00 UTC"},"content":{"rendered":"<p><strong>Espa\u00f1ol<\/strong><\/p>\n<p><strong>Partido Ca\u00f3tico en Seixal: Portimonense Supera al Benfica B en un Encuentro Lleno de Incidentes<\/strong><\/p>\n<p>Seixal fue testigo de un partido vibrante y lleno de controversia entre el Benfica B y el Portimonense, que culmin\u00f3 con la victoria del equipo visitante. El Portimonense se adelant\u00f3 temprano con un gol de Ruan en el minuto 4, tras una asistencia inexistente. Sin embargo, el encuentro se vio marcado por una cascada de tarjetas, tanto amarillas como rojas, que afectaron significativamente el desarrollo del juego.<\/p>\n<p>El primer tiempo se caracteriz\u00f3 por la agresividad en el campo, con numerosas amonestaciones para ambos equipos. La situaci\u00f3n se complic\u00f3 para el Portimonense cerca del final de la primera mitad, con la expulsi\u00f3n de S. Cibois en el minuto 43, seguida inmediatamente por la expulsi\u00f3n de Douglas Friedrich justo antes del descanso. Adem\u00e1s, Heitor tambi\u00e9n recibi\u00f3 una tarjeta amarilla en el tumultuoso minuto 45. El Benfica B tambi\u00e9n vio a R. Silva amonestado en el mismo minuto.<\/p>\n<p>La segunda mitad no fue menos intensa. El Benfica B logr\u00f3 igualar el marcador en el minuto 70 con un gol de R. Rego, pero la alegr\u00eda local dur\u00f3 poco, ya que T. Monteiro devolvi\u00f3 la ventaja al Portimonense un minuto despu\u00e9s. El propio Monteiro recibi\u00f3 una tarjeta amarilla poco despu\u00e9s de su gol. El resto del partido continu\u00f3 con un ritmo fren\u00e9tico y m\u00e1s tarjetas, demostrando la alta tensi\u00f3n en el terreno de juego. El partido finaliz\u00f3 con 3 tarjetas amarillas para el Benfica B y dos tarjetas rojas y seis amarillas para el Portimonense.<\/p>\n<p>Sustituciones en el equipo de portimonense: en el minuto 45 ingres\u00f3 Joao Reis y sali\u00f3 Douglas Friedrich, en el minuto 46 ingres\u00f3 Heitor y sali\u00f3 M. Junior, en el minuto 46 ingres\u00f3 Mamede y sali\u00f3 S. Neves, en el minuto 68 ingres\u00f3 Ruan y sali\u00f3 Xavier, en el minuto 73 ingres\u00f3 S. Lobato y sali\u00f3 Thauan Lara <\/p>\n<p>Sustituciones en el equipo de benfica b: en el minuto 46 ingres\u00f3 F. Bernardes de Freitas Neto y sali\u00f3 J. Melro, en el minuto 46 ingres\u00f3 D. Banjaqui y sali\u00f3 R. Rego, en el minuto 61 ingres\u00f3 R. Silva y sali\u00f3 M. Figueiredo, en el minuto 77 ingres\u00f3 G. Moreira y sali\u00f3 J. Trevisan, en el minuto 78 ingres\u00f3 I. Lima y sali\u00f3 O. Tome <\/p>\n<p>Los equipos alinearon de la siguiente manera:<\/p>\n<div class=\"lineups-container\">\n<style>\n                .lineups-container {\n                    display: flex;\n                    justify-content: space-around;\n                    flex-wrap: wrap;\n                }\n                .team-lineup {\n                    width: 49%;\n                    margin-bottom: 20px;\n                    border: 1px solid #ccc;\n                    padding: 5px;\n                }\n                .team-lineup h3 {\n                    text-align: center;\n                    margin-bottom: 10px;\n                }\n                .players-container {\n                    display: flex;\n                    justify-content: space-between;\n                }\n                .players-container div {\n                    width: 100%;\n                }\n                .player {\n                    display: flex;\n                    align-items: center;\n                    margin-bottom: 5px;\n                }\n                .player img {\n                    width: 30px;\n                    height: 30px;\n                    border-radius: 50%;\n                    margin-right: 10px;\n                }\n                    @media (max-width: 600px) {\n                    .team-lineup {\n                        width: 100%;\n                    }\n                }\n                <\/style>\n<div class=\"team-lineup\">\n<h3>Benfica B<\/h3>\n<p><img decoding=\"async\" src=\"https:\/\/media.api-sports.io\/football\/teams\/229.png\" alt=\"Benfica B\" style=\"width: 50px; height: 50px;\"><\/p>\n<div class=\"players-container\">\n<div>\n<h4>Titulares:<\/h4>\n<div class=\"player\"><a href=\"https:\/\/soccer.aidatasports.com\/es\/players\/Diogo-Ferreira-386314\"><img decoding=\"async\" src=\"https:\/\/soccer.aidatasports.com\/images\/players\/386314.png\" alt=\"Diogo Ferreira\" onerror=\"this.onerror=null;this.src='https:\/\/soccer.aidatasports.com\/images\/players\/default-player.png';\"><span>Diogo Ferreira<\/span><\/a><\/div>\n<div class=\"player\"><a href=\"https:\/\/soccer.aidatasports.com\/es\/players\/Daniel-Banjaqui-514215\"><img decoding=\"async\" src=\"https:\/\/soccer.aidatasports.com\/images\/players\/514215.png\" alt=\"Daniel Banjaqui\" onerror=\"this.onerror=null;this.src='https:\/\/soccer.aidatasports.com\/images\/players\/default-player.png';\"><span>Daniel Banjaqui<\/span><\/a><\/div>\n<div class=\"player\"><a href=\"https:\/\/soccer.aidatasports.com\/es\/players\/Rui-Silva-449639\"><img decoding=\"async\" src=\"https:\/\/soccer.aidatasports.com\/images\/players\/449639.png\" alt=\"Rui Silva\" onerror=\"this.onerror=null;this.src='https:\/\/soccer.aidatasports.com\/images\/players\/default-player.png';\"><span>Rui Silva<\/span><\/a><\/div>\n<div class=\"player\"><a href=\"https:\/\/soccer.aidatasports.com\/es\/players\/Gon\u00e7alo-Oliveira-400525\"><img decoding=\"async\" src=\"https:\/\/soccer.aidatasports.com\/images\/players\/400525.png\" alt=\"Gon\u00e7alo Oliveira\" onerror=\"this.onerror=null;this.src='https:\/\/soccer.aidatasports.com\/images\/players\/default-player.png';\"><span>Gon\u00e7alo Oliveira<\/span><\/a><\/div>\n<div class=\"player\"><a href=\"https:\/\/soccer.aidatasports.com\/es\/players\/Tiago-Parente-412743\"><img decoding=\"async\" src=\"https:\/\/soccer.aidatasports.com\/images\/players\/412743.png\" alt=\"Tiago Parente\" onerror=\"this.onerror=null;this.src='https:\/\/soccer.aidatasports.com\/images\/players\/default-player.png';\"><span>Tiago Parente<\/span><\/a><\/div>\n<div class=\"player\"><a href=\"https:\/\/soccer.aidatasports.com\/es\/players\/Tomas-de-Sousa-Moreira-349486\"><img decoding=\"async\" src=\"https:\/\/soccer.aidatasports.com\/images\/players\/349486.png\" alt=\"Tomas de Sousa Moreira\" onerror=\"this.onerror=null;this.src='https:\/\/soccer.aidatasports.com\/images\/players\/default-player.png';\"><span>Tomas de Sousa Moreira<\/span><\/a><\/div>\n<div class=\"player\"><a href=\"https:\/\/soccer.aidatasports.com\/es\/players\/Gon\u00e7alo-Moreira-400513\"><img decoding=\"async\" src=\"https:\/\/soccer.aidatasports.com\/images\/players\/400513.png\" alt=\"Gon\u00e7alo Moreira\" onerror=\"this.onerror=null;this.src='https:\/\/soccer.aidatasports.com\/images\/players\/default-player.png';\"><span>Gon\u00e7alo Moreira<\/span><\/a><\/div>\n<div class=\"player\"><a href=\"https:\/\/soccer.aidatasports.com\/es\/players\/Tiago-Freitas-397737\"><img decoding=\"async\" src=\"https:\/\/soccer.aidatasports.com\/images\/players\/397737.png\" alt=\"Tiago Freitas\" onerror=\"this.onerror=null;this.src='https:\/\/soccer.aidatasports.com\/images\/players\/default-player.png';\"><span>Tiago Freitas<\/span><\/a><\/div>\n<div class=\"player\"><a href=\"https:\/\/soccer.aidatasports.com\/es\/players\/Francisco-Neto-469662\"><img decoding=\"async\" src=\"https:\/\/soccer.aidatasports.com\/images\/players\/469662.png\" alt=\"Francisco Neto\" onerror=\"this.onerror=null;this.src='https:\/\/soccer.aidatasports.com\/images\/players\/default-player.png';\"><span>Francisco Neto<\/span><\/a><\/div>\n<div class=\"player\"><a href=\"https:\/\/soccer.aidatasports.com\/es\/players\/Francisco-Silva-462279\"><img decoding=\"async\" src=\"https:\/\/soccer.aidatasports.com\/images\/players\/462279.png\" alt=\"Francisco Silva\" onerror=\"this.onerror=null;this.src='https:\/\/soccer.aidatasports.com\/images\/players\/default-player.png';\"><span>Francisco Silva<\/span><\/a><\/div>\n<div class=\"player\"><a href=\"https:\/\/soccer.aidatasports.com\/es\/players\/Ivan-Lima-345387\"><img decoding=\"async\" src=\"https:\/\/soccer.aidatasports.com\/images\/players\/345387.png\" alt=\"Ivan Lima\" onerror=\"this.onerror=null;this.src='https:\/\/soccer.aidatasports.com\/images\/players\/default-player.png';\"><span>Ivan Lima<\/span><\/a><\/div>\n<\/div>\n<div>\n<h4>Suplentes:<\/h4>\n<div class=\"player\"><a href=\"https:\/\/soccer.aidatasports.com\/es\/players\/Rodrigo-Rego-441268\"><img decoding=\"async\" src=\"https:\/\/soccer.aidatasports.com\/images\/players\/441268.png\" alt=\"Rodrigo Rego\" onerror=\"this.onerror=null;this.src='https:\/\/soccer.aidatasports.com\/images\/players\/default-player.png';\"><span>Rodrigo Rego<\/span><\/a><\/div>\n<div class=\"player\"><a href=\"https:\/\/soccer.aidatasports.com\/es\/players\/Jos\u00e9-Melro-279444\"><img decoding=\"async\" src=\"https:\/\/soccer.aidatasports.com\/images\/players\/279444.png\" alt=\"Jos\u00e9 Melro\" onerror=\"this.onerror=null;this.src='https:\/\/soccer.aidatasports.com\/images\/players\/default-player.png';\"><span>Jos\u00e9 Melro<\/span><\/a><\/div>\n<div class=\"player\"><a href=\"https:\/\/soccer.aidatasports.com\/es\/players\/Miguel-Figueiredo-525901\"><img decoding=\"async\" src=\"https:\/\/soccer.aidatasports.com\/images\/players\/525901.png\" alt=\"Miguel Figueiredo\" onerror=\"this.onerror=null;this.src='https:\/\/soccer.aidatasports.com\/images\/players\/default-player.png';\"><span>Miguel Figueiredo<\/span><\/a><\/div>\n<div class=\"player\"><a href=\"https:\/\/soccer.aidatasports.com\/es\/players\/Ricardo-Dias-Ribeiro-358104\"><img decoding=\"async\" src=\"https:\/\/soccer.aidatasports.com\/images\/players\/358104.png\" alt=\"Ricardo Dias Ribeiro\" onerror=\"this.onerror=null;this.src='https:\/\/soccer.aidatasports.com\/images\/players\/default-player.png';\"><span>Ricardo Dias Ribeiro<\/span><\/a><\/div>\n<div class=\"player\"><a href=\"https:\/\/soccer.aidatasports.com\/es\/players\/Leandro-Martins-400507\"><img decoding=\"async\" src=\"https:\/\/soccer.aidatasports.com\/images\/players\/400507.png\" alt=\"Leandro Martins\" onerror=\"this.onerror=null;this.src='https:\/\/soccer.aidatasports.com\/images\/players\/default-player.png';\"><span>Leandro Martins<\/span><\/a><\/div>\n<div class=\"player\"><a href=\"https:\/\/soccer.aidatasports.com\/es\/players\/Mich\u00e9e-Ndembi-462230\"><img decoding=\"async\" src=\"https:\/\/soccer.aidatasports.com\/images\/players\/462230.png\" alt=\"Mich\u00e9e Ndembi\" onerror=\"this.onerror=null;this.src='https:\/\/soccer.aidatasports.com\/images\/players\/default-player.png';\"><span>Mich\u00e9e Ndembi<\/span><\/a><\/div>\n<div class=\"player\"><a href=\"https:\/\/soccer.aidatasports.com\/es\/players\/Martim-Ferreira-412706\"><img decoding=\"async\" src=\"https:\/\/soccer.aidatasports.com\/images\/players\/412706.png\" alt=\"Martim Ferreira\" onerror=\"this.onerror=null;this.src='https:\/\/soccer.aidatasports.com\/images\/players\/default-player.png';\"><span>Martim Ferreira<\/span><\/a><\/div>\n<div class=\"player\"><a href=\"https:\/\/soccer.aidatasports.com\/es\/players\/Ol\u00edvio-Tom\u00e9-400506\"><img decoding=\"async\" src=\"https:\/\/soccer.aidatasports.com\/images\/players\/400506.png\" alt=\"Ol\u00edvio Tom\u00e9\" onerror=\"this.onerror=null;this.src='https:\/\/soccer.aidatasports.com\/images\/players\/default-player.png';\"><span>Ol\u00edvio Tom\u00e9<\/span><\/a><\/div>\n<div class=\"player\"><a href=\"https:\/\/soccer.aidatasports.com\/es\/players\/Jelani-Trevisan-Dumas-469663\"><img decoding=\"async\" src=\"https:\/\/soccer.aidatasports.com\/images\/players\/469663.png\" alt=\"Jelani Trevisan Dumas\" onerror=\"this.onerror=null;this.src='https:\/\/soccer.aidatasports.com\/images\/players\/default-player.png';\"><span>Jelani Trevisan Dumas<\/span><\/a><\/div>\n<\/div>\n<\/div>\n<\/div>\n<div class=\"team-lineup\">\n<h3>Portimonense<\/h3>\n<p><img decoding=\"async\" src=\"https:\/\/media.api-sports.io\/football\/teams\/216.png\" alt=\"Portimonense\" style=\"width: 50px; height: 50px;\"><\/p>\n<div class=\"players-container\">\n<div>\n<h4>Titulares:<\/h4>\n<div class=\"player\"><a href=\"https:\/\/soccer.aidatasports.com\/es\/players\/S\u00e9bastien-Cibois-255\"><img decoding=\"async\" src=\"https:\/\/soccer.aidatasports.com\/images\/players\/255.png\" alt=\"S\u00e9bastien Cibois\" onerror=\"this.onerror=null;this.src='https:\/\/soccer.aidatasports.com\/images\/players\/default-player.png';\"><span>S\u00e9bastien Cibois<\/span><\/a><\/div>\n<div class=\"player\"><a href=\"https:\/\/soccer.aidatasports.com\/es\/players\/Jarleysom-Amurim-524570\"><img decoding=\"async\" src=\"https:\/\/soccer.aidatasports.com\/images\/players\/524570.png\" alt=\"Jarleysom Amurim\" onerror=\"this.onerror=null;this.src='https:\/\/soccer.aidatasports.com\/images\/players\/default-player.png';\"><span>Jarleysom Amurim<\/span><\/a><\/div>\n<div class=\"player\"><a href=\"https:\/\/soccer.aidatasports.com\/es\/players\/Douglas-Grolli-41268\"><img decoding=\"async\" src=\"https:\/\/soccer.aidatasports.com\/images\/players\/41268.png\" alt=\"Douglas Grolli\" onerror=\"this.onerror=null;this.src='https:\/\/soccer.aidatasports.com\/images\/players\/default-player.png';\"><span>Douglas Grolli<\/span><\/a><\/div>\n<div class=\"player\"><a href=\"https:\/\/soccer.aidatasports.com\/es\/players\/Alexandre-Fernando-394331\"><img decoding=\"async\" src=\"https:\/\/soccer.aidatasports.com\/images\/players\/394331.png\" alt=\"Alexandre Fernando\" onerror=\"this.onerror=null;this.src='https:\/\/soccer.aidatasports.com\/images\/players\/default-player.png';\"><span>Alexandre Fernando<\/span><\/a><\/div>\n<div class=\"player\"><a href=\"https:\/\/soccer.aidatasports.com\/es\/players\/Heitor-10384\"><img decoding=\"async\" src=\"https:\/\/soccer.aidatasports.com\/images\/players\/10384.png\" alt=\"Heitor\" onerror=\"this.onerror=null;this.src='https:\/\/soccer.aidatasports.com\/images\/players\/default-player.png';\"><span>Heitor<\/span><\/a><\/div>\n<div class=\"player\"><a href=\"https:\/\/soccer.aidatasports.com\/es\/players\/Z\u00e9-Gabriel-125677\"><img decoding=\"async\" src=\"https:\/\/soccer.aidatasports.com\/images\/players\/125677.png\" alt=\"Z\u00e9 Gabriel\" onerror=\"this.onerror=null;this.src='https:\/\/soccer.aidatasports.com\/images\/players\/default-player.png';\"><span>Z\u00e9 Gabriel<\/span><\/a><\/div>\n<div class=\"player\"><a href=\"https:\/\/soccer.aidatasports.com\/es\/players\/Samuel-Lobato-378332\"><img decoding=\"async\" src=\"https:\/\/soccer.aidatasports.com\/images\/players\/378332.png\" alt=\"Samuel Lobato\" onerror=\"this.onerror=null;this.src='https:\/\/soccer.aidatasports.com\/images\/players\/default-player.png';\"><span>Samuel Lobato<\/span><\/a><\/div>\n<div class=\"player\"><a href=\"https:\/\/soccer.aidatasports.com\/es\/players\/Jo\u00e3o-Reis-41443\"><img decoding=\"async\" src=\"https:\/\/soccer.aidatasports.com\/images\/players\/41443.png\" alt=\"Jo\u00e3o Reis\" onerror=\"this.onerror=null;this.src='https:\/\/soccer.aidatasports.com\/images\/players\/default-player.png';\"><span>Jo\u00e3o Reis<\/span><\/a><\/div>\n<div class=\"player\"><a href=\"https:\/\/soccer.aidatasports.com\/es\/players\/Tiago-Ferreira-304735\"><img decoding=\"async\" src=\"https:\/\/soccer.aidatasports.com\/images\/players\/304735.png\" alt=\"Tiago Ferreira\" onerror=\"this.onerror=null;this.src='https:\/\/soccer.aidatasports.com\/images\/players\/default-player.png';\"><span>Tiago Ferreira<\/span><\/a><\/div>\n<div class=\"player\"><a href=\"https:\/\/soccer.aidatasports.com\/es\/players\/Tambl\u00e9-Monteiro-279674\"><img decoding=\"async\" src=\"https:\/\/soccer.aidatasports.com\/images\/players\/279674.png\" alt=\"Tambl\u00e9 Monteiro\" onerror=\"this.onerror=null;this.src='https:\/\/soccer.aidatasports.com\/images\/players\/default-player.png';\"><span>Tambl\u00e9 Monteiro<\/span><\/a><\/div>\n<div class=\"player\"><a href=\"https:\/\/soccer.aidatasports.com\/es\/players\/Ruan-384398\"><img decoding=\"async\" src=\"https:\/\/soccer.aidatasports.com\/images\/players\/384398.png\" alt=\"Ruan\" onerror=\"this.onerror=null;this.src='https:\/\/soccer.aidatasports.com\/images\/players\/default-player.png';\"><span>Ruan<\/span><\/a><\/div>\n<\/div>\n<div>\n<h4>Suplentes:<\/h4>\n<div class=\"player\"><a href=\"https:\/\/soccer.aidatasports.com\/es\/players\/Douglas-Friedrich-10012\"><img decoding=\"async\" src=\"https:\/\/soccer.aidatasports.com\/images\/players\/10012.png\" alt=\"Douglas Friedrich\" onerror=\"this.onerror=null;this.src='https:\/\/soccer.aidatasports.com\/images\/players\/default-player.png';\"><span>Douglas Friedrich<\/span><\/a><\/div>\n<div class=\"player\"><a href=\"https:\/\/soccer.aidatasports.com\/es\/players\/Samy-482613\"><img decoding=\"async\" src=\"https:\/\/soccer.aidatasports.com\/images\/players\/482613.png\" alt=\"Samy\" onerror=\"this.onerror=null;this.src='https:\/\/soccer.aidatasports.com\/images\/players\/default-player.png';\"><span>Samy<\/span><\/a><\/div>\n<div class=\"player\"><a href=\"https:\/\/soccer.aidatasports.com\/es\/players\/Marlon-Junior-345415\"><img decoding=\"async\" src=\"https:\/\/soccer.aidatasports.com\/images\/players\/345415.png\" alt=\"Marlon Junior\" onerror=\"this.onerror=null;this.src='https:\/\/soccer.aidatasports.com\/images\/players\/default-player.png';\"><span>Marlon Junior<\/span><\/a><\/div>\n<div class=\"player\"><a href=\"https:\/\/soccer.aidatasports.com\/es\/players\/Xavier-80307\"><img decoding=\"async\" src=\"https:\/\/soccer.aidatasports.com\/images\/players\/80307.png\" alt=\"Xavier\" onerror=\"this.onerror=null;this.src='https:\/\/soccer.aidatasports.com\/images\/players\/default-player.png';\"><span>Xavier<\/span><\/a><\/div>\n<div class=\"player\"><a href=\"https:\/\/soccer.aidatasports.com\/es\/players\/Thauan-Lara-311446\"><img decoding=\"async\" src=\"https:\/\/soccer.aidatasports.com\/images\/players\/311446.png\" alt=\"Thauan Lara\" onerror=\"this.onerror=null;this.src='https:\/\/soccer.aidatasports.com\/images\/players\/default-player.png';\"><span>Thauan Lara<\/span><\/a><\/div>\n<div class=\"player\"><a href=\"https:\/\/soccer.aidatasports.com\/es\/players\/Yong-hak-Kim-237048\"><img decoding=\"async\" src=\"https:\/\/soccer.aidatasports.com\/images\/players\/237048.png\" alt=\"Yong-hak Kim\" onerror=\"this.onerror=null;this.src='https:\/\/soccer.aidatasports.com\/images\/players\/default-player.png';\"><span>Yong-hak Kim<\/span><\/a><\/div>\n<div class=\"player\"><a href=\"https:\/\/soccer.aidatasports.com\/es\/players\/Welat-Cagro-65391\"><img decoding=\"async\" src=\"https:\/\/soccer.aidatasports.com\/images\/players\/65391.png\" alt=\"Welat Cagro\" onerror=\"this.onerror=null;this.src='https:\/\/soccer.aidatasports.com\/images\/players\/default-player.png';\"><span>Welat Cagro<\/span><\/a><\/div>\n<div class=\"player\"><a href=\"https:\/\/soccer.aidatasports.com\/es\/players\/Danio-Djassi-453875\"><img decoding=\"async\" src=\"https:\/\/soccer.aidatasports.com\/images\/players\/453875.png\" alt=\"Danio Djassi\" onerror=\"this.onerror=null;this.src='https:\/\/soccer.aidatasports.com\/images\/players\/default-player.png';\"><span>Danio Djassi<\/span><\/a><\/div>\n<div class=\"player\"><a href=\"https:\/\/soccer.aidatasports.com\/es\/players\/Francisco-Can\u00e1rio-382208\"><img decoding=\"async\" src=\"https:\/\/soccer.aidatasports.com\/images\/players\/382208.png\" alt=\"Francisco Can\u00e1rio\" onerror=\"this.onerror=null;this.src='https:\/\/soccer.aidatasports.com\/images\/players\/default-player.png';\"><span>Francisco Can\u00e1rio<\/span><\/a><\/div>\n<\/div>\n<\/div>\n<\/div>\n<\/div>\n<div id=\"wg-api-football-game\"\n                    data-host=\"xxxxx\"\n                    data-key=\"xxxx\"\n                    data-id=\"1397997\"\n                    data-theme=\"\"\n                    data-refresh=\"15\"\n                    data-show-errors=\"false\"\n                    data-show-logos=\"true\"><br \/>\n                    class=\u00bbwg_loader\u00bb>\n                <\/div>\n<div id=\"wg-api-football-standings\"\n                    data-host=\"xxxx\"\n                    data-key=\"ddddd\"\n                    data-league=\"95\"\n                    data-team=\"\"\n                    data-season=\"2025\"\n                    data-theme=\"\"\n                    data-show-errors=\"false\"\n                    data-show-logos=\"true\"\n                    class=\"wg_loader\">\n                <\/div>\n<p>                <script\n                    type=\"module\"\n                    src=\"https:\/\/soccer.aidatasports.com\/wp-content\/customjs\/widgetslocal.js\">\n                <\/script><\/p>\n","protected":false},"excerpt":{"rendered":"<p>Espa\u00f1ol Partido Ca\u00f3tico en Seixal: Portimonense Supera al Benfica B en un Encuentro Lleno de&hellip;<\/p>\n","protected":false},"author":1,"featured_media":104090,"comment_status":"open","ping_status":"open","sticky":false,"template":"","format":"standard","meta":{"content-type":"","_lmt_disableupdate":"","_lmt_disable":"","_league":15837,"_fixture":1397997,"penci_pfeatured_image_ratio":"","penci_single_style":"","footnotes":""},"categories":[15837],"tags":[350,339],"class_list":["post-104091","post","type-post","status-publish","format-standard","has-post-thumbnail","hentry","category-matches","tag-benfica-b-portugal-229","tag-portimonense-portugal-216"],"_links":{"self":[{"href":"https:\/\/soccer.aidatasports.com\/es\/wp-json\/wp\/v2\/posts\/104091"}],"collection":[{"href":"https:\/\/soccer.aidatasports.com\/es\/wp-json\/wp\/v2\/posts"}],"about":[{"href":"https:\/\/soccer.aidatasports.com\/es\/wp-json\/wp\/v2\/types\/post"}],"author":[{"embeddable":true,"href":"https:\/\/soccer.aidatasports.com\/es\/wp-json\/wp\/v2\/users\/1"}],"replies":[{"embeddable":true,"href":"https:\/\/soccer.aidatasports.com\/es\/wp-json\/wp\/v2\/comments?post=104091"}],"version-history":[{"count":0,"href":"https:\/\/soccer.aidatasports.com\/es\/wp-json\/wp\/v2\/posts\/104091\/revisions"}],"wp:featuredmedia":[{"embeddable":true,"href":"https:\/\/soccer.aidatasports.com\/es\/wp-json\/wp\/v2\/media\/104090"}],"wp:attachment":[{"href":"https:\/\/soccer.aidatasports.com\/es\/wp-json\/wp\/v2\/media?parent=104091"}],"wp:term":[{"taxonomy":"category","embeddable":true,"href":"https:\/\/soccer.aidatasports.com\/es\/wp-json\/wp\/v2\/categories?post=104091"},{"taxonomy":"post_tag","embeddable":true,"href":"https:\/\/soccer.aidatasports.com\/es\/wp-json\/wp\/v2\/tags?post=104091"}],"curies":[{"name":"wp","href":"https:\/\/api.w.org\/{rel}","templated":true}]}}