{"id":101877,"date":"2025-08-16T09:46:39","date_gmt":"2025-08-16T09:46:39","guid":{"rendered":"https:\/\/soccer.aidatasports.com\/es\/uncategorized\/celje-vs-fc-lugano-aug-14-2025-1800-utc\/"},"modified":"2025-08-16T09:46:39","modified_gmt":"2025-08-16T09:46:39","slug":"celje-vs-fc-lugano-aug-14-2025-1800-utc","status":"publish","type":"post","link":"https:\/\/soccer.aidatasports.com\/es\/matches\/celje-vs-fc-lugano-aug-14-2025-1800-utc\/","title":{"rendered":"Celje vs FC Lugano Aug 14 2025 18:00 UTC"},"content":{"rendered":"<p><strong>Espa\u00f1ol:<\/strong><\/p>\n<p><strong>Emocionante Empate Entre Celje y FC Lugano en la UEFA Europa Conference League<\/strong><\/p>\n<p>Celje, 14 de agosto de 2025 \u2013 Un partido lleno de alternativas y goles se vivi\u00f3 hoy en el Stadion Z&#8217;de\u017eele entre el Celje y el FC Lugano, que finaliz\u00f3 con un marcador de 3 a 4. El encuentro, v\u00e1lido por la tercera ronda de clasificaci\u00f3n de la UEFA Europa Conference League, fue arbitrado por el espa\u00f1ol Juan Martinez Munuera.<\/p>\n<p>El FC Lugano se adelant\u00f3 temprano en el marcador gracias a un penal convertido por A. Grgic al minuto 13. Sin embargo, el Celje reaccion\u00f3 r\u00e1pidamente y F. Kovacevic igual\u00f3 las acciones al minuto 22, con asistencia de M. Kvesic.<\/p>\n<p>Tras el descanso, el Celje tom\u00f3 la delantera con un gol de M. Kvesic al minuto 67, asistido por M. Avdyli. La alegr\u00eda local no dur\u00f3 mucho, ya que A. Papadopoulos empat\u00f3 para el Lugano al minuto 70.<\/p>\n<p>El tramo final del partido fue de infarto. R. Steffen puso nuevamente en ventaja al Lugano al minuto 81. Sin embargo, E. Alioski aument\u00f3 la diferencia para los visitantes al minuto 85, con otro penal.<\/p>\n<p>El partido se caracteriz\u00f3 por un alto n\u00famero de faltas, sumando 13 por parte del Celje y 14 por el Lugano. Adem\u00e1s, el \u00e1rbitro amonest\u00f3 a Z. Karnicnik del Celje, y a R. Steffen, A. Grgic y U. Bislimi del FC Lugano. El Celje domin\u00f3 la posesi\u00f3n del bal\u00f3n con un 54% frente al 46% del Lugano. En cuanto a disparos, el Celje efectu\u00f3 21 (4 a puerta), mientras que el Lugano realiz\u00f3 15 (6 a puerta).<\/p>\n<p>Sustituciones en el equipo de fc lugano: en el minuto 46 ingres\u00f3 D. Kelvin y sali\u00f3 Z. Brault-Guillard, en el minuto 55 ingres\u00f3 A. Duville-Parsemain y sali\u00f3 D. Dos Santos, en el minuto 65 ingres\u00f3 M. Belhadj y sali\u00f3 H. Mahou, en el minuto 65 ingres\u00f3 E. Pihlstrom y sali\u00f3 U. Bislimi, en el minuto 78 ingres\u00f3 G. Koutsias y sali\u00f3 K. Behrens <\/p>\n<p>Sustituciones en el equipo de celje: en el minuto 71 ingres\u00f3 Z. Karnicnik y sali\u00f3 M. Boben, en el minuto 71 ingres\u00f3 Juanjo Nieto y sali\u00f3 P. Daniel, en el minuto 78 ingres\u00f3 N. Iosifov y sali\u00f3 I. Vidovic, en el minuto 78 ingres\u00f3 D. Sturm y sali\u00f3 A. Chidi, en el minuto 82 ingres\u00f3 M. Kvesic y sali\u00f3 D. Hrka <\/p>\n<p>Los equipos alinearon de la siguiente manera:<\/p>\n<div class=\"lineups-container\">\n<style>\n                .lineups-container {\n                    display: flex;\n                    justify-content: space-around;\n                    flex-wrap: wrap;\n                }\n                .team-lineup {\n                    width: 49%;\n                    margin-bottom: 20px;\n                    border: 1px solid #ccc;\n                    padding: 5px;\n                }\n                .team-lineup h3 {\n                    text-align: center;\n                    margin-bottom: 10px;\n                }\n                .players-container {\n                    display: flex;\n                    justify-content: space-between;\n                }\n                .players-container div {\n                    width: 100%;\n                }\n                .player {\n                    display: flex;\n                    align-items: center;\n                    margin-bottom: 5px;\n                }\n                .player img {\n                    width: 30px;\n                    height: 30px;\n                    border-radius: 50%;\n                    margin-right: 10px;\n                }\n                    @media (max-width: 600px) {\n                    .team-lineup {\n                        width: 100%;\n                    }\n                }\n                <\/style>\n<div class=\"team-lineup\">\n<h3>Celje<\/h3>\n<p><img decoding=\"async\" src=\"https:\/\/media.api-sports.io\/football\/teams\/4360.png\" alt=\"Celje\" style=\"width: 50px; height: 50px;\"><\/p>\n<div class=\"players-container\">\n<div>\n<h4>Titulares:<\/h4>\n<div class=\"player\"><a href=\"https:\/\/soccer.aidatasports.com\/es\/players\/Zan-Luk-Leban-284326\"><img decoding=\"async\" src=\"https:\/\/soccer.aidatasports.com\/images\/players\/284326.png\" alt=\"Zan Luk Leban\" onerror=\"this.onerror=null;this.src='https:\/\/soccer.aidatasports.com\/images\/players\/default-player.png';\"><span>Zan Luk Leban<\/span><\/a><\/div>\n<div class=\"player\"><a href=\"https:\/\/soccer.aidatasports.com\/es\/players\/Juanjo-Nieto-105034\"><img decoding=\"async\" src=\"https:\/\/soccer.aidatasports.com\/images\/players\/105034.png\" alt=\"Juanjo Nieto\" onerror=\"this.onerror=null;this.src='https:\/\/soccer.aidatasports.com\/images\/players\/default-player.png';\"><span>Juanjo Nieto<\/span><\/a><\/div>\n<div class=\"player\"><a href=\"https:\/\/soccer.aidatasports.com\/es\/players\/Damjan-Vukli\u0161evi\u0107-66040\"><img decoding=\"async\" src=\"https:\/\/soccer.aidatasports.com\/images\/players\/66040.png\" alt=\"Damjan Vukli\u0161evi\u0107\" onerror=\"this.onerror=null;this.src='https:\/\/soccer.aidatasports.com\/images\/players\/default-player.png';\"><span>Damjan Vukli\u0161evi\u0107<\/span><\/a><\/div>\n<div class=\"player\"><a href=\"https:\/\/soccer.aidatasports.com\/es\/players\/Artemijus-Tuty\u0161kinas-325384\"><img decoding=\"async\" src=\"https:\/\/soccer.aidatasports.com\/images\/players\/325384.png\" alt=\"Artemijus Tuty\u0161kinas\" onerror=\"this.onerror=null;this.src='https:\/\/soccer.aidatasports.com\/images\/players\/default-player.png';\"><span>Artemijus Tuty\u0161kinas<\/span><\/a><\/div>\n<div class=\"player\"><a href=\"https:\/\/soccer.aidatasports.com\/es\/players\/Nikita-Iosifov-162053\"><img decoding=\"async\" src=\"https:\/\/soccer.aidatasports.com\/images\/players\/162053.png\" alt=\"Nikita Iosifov\" onerror=\"this.onerror=null;this.src='https:\/\/soccer.aidatasports.com\/images\/players\/default-player.png';\"><span>Nikita Iosifov<\/span><\/a><\/div>\n<div class=\"player\"><a href=\"https:\/\/soccer.aidatasports.com\/es\/players\/Mark-Zabukovnik-131343\"><img decoding=\"async\" src=\"https:\/\/soccer.aidatasports.com\/images\/players\/131343.png\" alt=\"Mark Zabukovnik\" onerror=\"this.onerror=null;this.src='https:\/\/soccer.aidatasports.com\/images\/players\/default-player.png';\"><span>Mark Zabukovnik<\/span><\/a><\/div>\n<div class=\"player\"><a href=\"https:\/\/soccer.aidatasports.com\/es\/players\/\u017dan-Karni\u010dnik-109724\"><img decoding=\"async\" src=\"https:\/\/soccer.aidatasports.com\/images\/players\/109724.png\" alt=\"\u017dan Karni\u010dnik\" onerror=\"this.onerror=null;this.src='https:\/\/soccer.aidatasports.com\/images\/players\/default-player.png';\"><span>\u017dan Karni\u010dnik<\/span><\/a><\/div>\n<div class=\"player\"><a href=\"https:\/\/soccer.aidatasports.com\/es\/players\/Mario-Kvesi\u0107-25102\"><img decoding=\"async\" src=\"https:\/\/soccer.aidatasports.com\/images\/players\/25102.png\" alt=\"Mario Kvesi\u0107\" onerror=\"this.onerror=null;this.src='https:\/\/soccer.aidatasports.com\/images\/players\/default-player.png';\"><span>Mario Kvesi\u0107<\/span><\/a><\/div>\n<div class=\"player\"><a href=\"https:\/\/soccer.aidatasports.com\/es\/players\/Milot-Avdyli-278810\"><img decoding=\"async\" src=\"https:\/\/soccer.aidatasports.com\/images\/players\/278810.png\" alt=\"Milot Avdyli\" onerror=\"this.onerror=null;this.src='https:\/\/soccer.aidatasports.com\/images\/players\/default-player.png';\"><span>Milot Avdyli<\/span><\/a><\/div>\n<div class=\"player\"><a href=\"https:\/\/soccer.aidatasports.com\/es\/players\/Franko-Kova\u010devi\u0107-14517\"><img decoding=\"async\" src=\"https:\/\/soccer.aidatasports.com\/images\/players\/14517.png\" alt=\"Franko Kova\u010devi\u0107\" onerror=\"this.onerror=null;this.src='https:\/\/soccer.aidatasports.com\/images\/players\/default-player.png';\"><span>Franko Kova\u010devi\u0107<\/span><\/a><\/div>\n<div class=\"player\"><a href=\"https:\/\/soccer.aidatasports.com\/es\/players\/Danijel-\u0160turm-135273\"><img decoding=\"async\" src=\"https:\/\/soccer.aidatasports.com\/images\/players\/135273.png\" alt=\"Danijel \u0160turm\" onerror=\"this.onerror=null;this.src='https:\/\/soccer.aidatasports.com\/images\/players\/default-player.png';\"><span>Danijel \u0160turm<\/span><\/a><\/div>\n<\/div>\n<div>\n<h4>Suplentes:<\/h4>\n<div class=\"player\"><a href=\"https:\/\/soccer.aidatasports.com\/es\/players\/Matija-Boben-30950\"><img decoding=\"async\" src=\"https:\/\/soccer.aidatasports.com\/images\/players\/30950.png\" alt=\"Matija Boben\" onerror=\"this.onerror=null;this.src='https:\/\/soccer.aidatasports.com\/images\/players\/default-player.png';\"><span>Matija Boben<\/span><\/a><\/div>\n<div class=\"player\"><a href=\"https:\/\/soccer.aidatasports.com\/es\/players\/Papa-Daniel-301642\"><img decoding=\"async\" src=\"https:\/\/soccer.aidatasports.com\/images\/players\/301642.png\" alt=\"Papa Daniel\" onerror=\"this.onerror=null;this.src='https:\/\/soccer.aidatasports.com\/images\/players\/default-player.png';\"><span>Papa Daniel<\/span><\/a><\/div>\n<div class=\"player\"><a href=\"https:\/\/soccer.aidatasports.com\/es\/players\/Luka-Kolar-348848\"><img decoding=\"async\" src=\"https:\/\/soccer.aidatasports.com\/images\/players\/348848.png\" alt=\"Luka Kolar\" onerror=\"this.onerror=null;this.src='https:\/\/soccer.aidatasports.com\/images\/players\/default-player.png';\"><span>Luka Kolar<\/span><\/a><\/div>\n<div class=\"player\"><a href=\"https:\/\/soccer.aidatasports.com\/es\/players\/\u0141ukasz-Bejger-163053\"><img decoding=\"async\" src=\"https:\/\/soccer.aidatasports.com\/images\/players\/163053.png\" alt=\"\u0141ukasz Bejger\" onerror=\"this.onerror=null;this.src='https:\/\/soccer.aidatasports.com\/images\/players\/default-player.png';\"><span>\u0141ukasz Bejger<\/span><\/a><\/div>\n<div class=\"player\"><a href=\"https:\/\/soccer.aidatasports.com\/es\/players\/Ga\u0161per-Vodeb-293550\"><img decoding=\"async\" src=\"https:\/\/soccer.aidatasports.com\/images\/players\/293550.png\" alt=\"Ga\u0161per Vodeb\" onerror=\"this.onerror=null;this.src='https:\/\/soccer.aidatasports.com\/images\/players\/default-player.png';\"><span>Ga\u0161per Vodeb<\/span><\/a><\/div>\n<div class=\"player\"><a href=\"https:\/\/soccer.aidatasports.com\/es\/players\/Zan-Luka-Zuzek-453651\"><img decoding=\"async\" src=\"https:\/\/soccer.aidatasports.com\/images\/players\/453651.png\" alt=\"Zan Luka Zuzek\" onerror=\"this.onerror=null;this.src='https:\/\/soccer.aidatasports.com\/images\/players\/default-player.png';\"><span>Zan Luka Zuzek<\/span><\/a><\/div>\n<div class=\"player\"><a href=\"https:\/\/soccer.aidatasports.com\/es\/players\/Ivica-Vidovi\u0107-328308\"><img decoding=\"async\" src=\"https:\/\/soccer.aidatasports.com\/images\/players\/328308.png\" alt=\"Ivica Vidovi\u0107\" onerror=\"this.onerror=null;this.src='https:\/\/soccer.aidatasports.com\/images\/players\/default-player.png';\"><span>Ivica Vidovi\u0107<\/span><\/a><\/div>\n<div class=\"player\"><a href=\"https:\/\/soccer.aidatasports.com\/es\/players\/Darko-Hrka-110057\"><img decoding=\"async\" src=\"https:\/\/soccer.aidatasports.com\/images\/players\/110057.png\" alt=\"Darko Hrka\" onerror=\"this.onerror=null;this.src='https:\/\/soccer.aidatasports.com\/images\/players\/default-player.png';\"><span>Darko Hrka<\/span><\/a><\/div>\n<div class=\"player\"><a href=\"https:\/\/soccer.aidatasports.com\/es\/players\/Florjan-Jevsenak-462244\"><img decoding=\"async\" src=\"https:\/\/soccer.aidatasports.com\/images\/players\/462244.png\" alt=\"Florjan Jevsenak\" onerror=\"this.onerror=null;this.src='https:\/\/soccer.aidatasports.com\/images\/players\/default-player.png';\"><span>Florjan Jevsenak<\/span><\/a><\/div>\n<div class=\"player\"><a href=\"https:\/\/soccer.aidatasports.com\/es\/players\/Anomnachi-Chinasa-Chidi-414870\"><img decoding=\"async\" src=\"https:\/\/soccer.aidatasports.com\/images\/players\/414870.png\" alt=\"Anomnachi Chinasa Chidi\" onerror=\"this.onerror=null;this.src='https:\/\/soccer.aidatasports.com\/images\/players\/default-player.png';\"><span>Anomnachi Chinasa Chidi<\/span><\/a><\/div>\n<\/div>\n<\/div>\n<\/div>\n<div class=\"team-lineup\">\n<h3>FC Lugano<\/h3>\n<p><img decoding=\"async\" src=\"https:\/\/media.api-sports.io\/football\/teams\/606.png\" alt=\"FC Lugano\" style=\"width: 50px; height: 50px;\"><\/p>\n<div class=\"players-container\">\n<div>\n<h4>Titulares:<\/h4>\n<div class=\"player\"><a href=\"https:\/\/soccer.aidatasports.com\/es\/players\/Amir-Saipi-70532\"><img decoding=\"async\" src=\"https:\/\/soccer.aidatasports.com\/images\/players\/70532.png\" alt=\"Amir Saipi\" onerror=\"this.onerror=null;this.src='https:\/\/soccer.aidatasports.com\/images\/players\/default-player.png';\"><span>Amir Saipi<\/span><\/a><\/div>\n<div class=\"player\"><a href=\"https:\/\/soccer.aidatasports.com\/es\/players\/Damian-Kelvin-381495\"><img decoding=\"async\" src=\"https:\/\/soccer.aidatasports.com\/images\/players\/381495.png\" alt=\"Damian Kelvin\" onerror=\"this.onerror=null;this.src='https:\/\/soccer.aidatasports.com\/images\/players\/default-player.png';\"><span>Damian Kelvin<\/span><\/a><\/div>\n<div class=\"player\"><a href=\"https:\/\/soccer.aidatasports.com\/es\/players\/Antonios-Papadopoulos-26626\"><img decoding=\"async\" src=\"https:\/\/soccer.aidatasports.com\/images\/players\/26626.png\" alt=\"Antonios Papadopoulos\" onerror=\"this.onerror=null;this.src='https:\/\/soccer.aidatasports.com\/images\/players\/default-player.png';\"><span>Antonios Papadopoulos<\/span><\/a><\/div>\n<div class=\"player\"><a href=\"https:\/\/soccer.aidatasports.com\/es\/players\/Ayman-El-Wafi-383023\"><img decoding=\"async\" src=\"https:\/\/soccer.aidatasports.com\/images\/players\/383023.png\" alt=\"Ayman El Wafi\" onerror=\"this.onerror=null;this.src='https:\/\/soccer.aidatasports.com\/images\/players\/default-player.png';\"><span>Ayman El Wafi<\/span><\/a><\/div>\n<div class=\"player\"><a href=\"https:\/\/soccer.aidatasports.com\/es\/players\/Mohamed-Belhadj-Mahmoud-67195\"><img decoding=\"async\" src=\"https:\/\/soccer.aidatasports.com\/images\/players\/67195.png\" alt=\"Mohamed Belhadj Mahmoud\" onerror=\"this.onerror=null;this.src='https:\/\/soccer.aidatasports.com\/images\/players\/default-player.png';\"><span>Mohamed Belhadj Mahmoud<\/span><\/a><\/div>\n<div class=\"player\"><a href=\"https:\/\/soccer.aidatasports.com\/es\/players\/Renato-Steffen-2809\"><img decoding=\"async\" src=\"https:\/\/soccer.aidatasports.com\/images\/players\/2809.png\" alt=\"Renato Steffen\" onerror=\"this.onerror=null;this.src='https:\/\/soccer.aidatasports.com\/images\/players\/default-player.png';\"><span>Renato Steffen<\/span><\/a><\/div>\n<div class=\"player\"><a href=\"https:\/\/soccer.aidatasports.com\/es\/players\/Anto-Grgi\u0107-48520\"><img decoding=\"async\" src=\"https:\/\/soccer.aidatasports.com\/images\/players\/48520.png\" alt=\"Anto Grgi\u0107\" onerror=\"this.onerror=null;this.src='https:\/\/soccer.aidatasports.com\/images\/players\/default-player.png';\"><span>Anto Grgi\u0107<\/span><\/a><\/div>\n<div class=\"player\"><a href=\"https:\/\/soccer.aidatasports.com\/es\/players\/Elias-Pihlstr\u00f6m-458180\"><img decoding=\"async\" src=\"https:\/\/soccer.aidatasports.com\/images\/players\/458180.png\" alt=\"Elias Pihlstr\u00f6m\" onerror=\"this.onerror=null;this.src='https:\/\/soccer.aidatasports.com\/images\/players\/default-player.png';\"><span>Elias Pihlstr\u00f6m<\/span><\/a><\/div>\n<div class=\"player\"><a href=\"https:\/\/soccer.aidatasports.com\/es\/players\/Ezgjan-Alioski-19133\"><img decoding=\"async\" src=\"https:\/\/soccer.aidatasports.com\/images\/players\/19133.png\" alt=\"Ezgjan Alioski\" onerror=\"this.onerror=null;this.src='https:\/\/soccer.aidatasports.com\/images\/players\/default-player.png';\"><span>Ezgjan Alioski<\/span><\/a><\/div>\n<div class=\"player\"><a href=\"https:\/\/soccer.aidatasports.com\/es\/players\/Georgios-Koutsias-161579\"><img decoding=\"async\" src=\"https:\/\/soccer.aidatasports.com\/images\/players\/161579.png\" alt=\"Georgios Koutsias\" onerror=\"this.onerror=null;this.src='https:\/\/soccer.aidatasports.com\/images\/players\/default-player.png';\"><span>Georgios Koutsias<\/span><\/a><\/div>\n<div class=\"player\"><a href=\"https:\/\/soccer.aidatasports.com\/es\/players\/Alexandre-Parsemain-275291\"><img decoding=\"async\" src=\"https:\/\/soccer.aidatasports.com\/images\/players\/275291.png\" alt=\"Alexandre Parsemain\" onerror=\"this.onerror=null;this.src='https:\/\/soccer.aidatasports.com\/images\/players\/default-player.png';\"><span>Alexandre Parsemain<\/span><\/a><\/div>\n<\/div>\n<div>\n<h4>Suplentes:<\/h4>\n<div class=\"player\"><a href=\"https:\/\/soccer.aidatasports.com\/es\/players\/Zachary-Brault-Guillard-50779\"><img decoding=\"async\" src=\"https:\/\/soccer.aidatasports.com\/images\/players\/50779.png\" alt=\"Zachary Brault Guillard\" onerror=\"this.onerror=null;this.src='https:\/\/soccer.aidatasports.com\/images\/players\/default-player.png';\"><span>Zachary Brault Guillard<\/span><\/a><\/div>\n<div class=\"player\"><a href=\"https:\/\/soccer.aidatasports.com\/es\/players\/Daniel-Dos-Santos-Correia-303004\"><img decoding=\"async\" src=\"https:\/\/soccer.aidatasports.com\/images\/players\/303004.png\" alt=\"Daniel Dos Santos Correia\" onerror=\"this.onerror=null;this.src='https:\/\/soccer.aidatasports.com\/images\/players\/default-player.png';\"><span>Daniel Dos Santos Correia<\/span><\/a><\/div>\n<div class=\"player\"><a href=\"https:\/\/soccer.aidatasports.com\/es\/players\/Uran-Bislimi-125708\"><img decoding=\"async\" src=\"https:\/\/soccer.aidatasports.com\/images\/players\/125708.png\" alt=\"Uran Bislimi\" onerror=\"this.onerror=null;this.src='https:\/\/soccer.aidatasports.com\/images\/players\/default-player.png';\"><span>Uran Bislimi<\/span><\/a><\/div>\n<div class=\"player\"><a href=\"https:\/\/soccer.aidatasports.com\/es\/players\/Hicham-Mahou-84126\"><img decoding=\"async\" src=\"https:\/\/soccer.aidatasports.com\/images\/players\/84126.png\" alt=\"Hicham Mahou\" onerror=\"this.onerror=null;this.src='https:\/\/soccer.aidatasports.com\/images\/players\/default-player.png';\"><span>Hicham Mahou<\/span><\/a><\/div>\n<div class=\"player\"><a href=\"https:\/\/soccer.aidatasports.com\/es\/players\/Diego-Mina-384129\"><img decoding=\"async\" src=\"https:\/\/soccer.aidatasports.com\/images\/players\/384129.png\" alt=\"Diego Mina\" onerror=\"this.onerror=null;this.src='https:\/\/soccer.aidatasports.com\/images\/players\/default-player.png';\"><span>Diego Mina<\/span><\/a><\/div>\n<div class=\"player\"><a href=\"https:\/\/soccer.aidatasports.com\/es\/players\/Fotis-Pseftis-322860\"><img decoding=\"async\" src=\"https:\/\/soccer.aidatasports.com\/images\/players\/322860.png\" alt=\"Fotis Pseftis\" onerror=\"this.onerror=null;this.src='https:\/\/soccer.aidatasports.com\/images\/players\/default-player.png';\"><span>Fotis Pseftis<\/span><\/a><\/div>\n<div class=\"player\"><a href=\"https:\/\/soccer.aidatasports.com\/es\/players\/Albian-Hajdari-278453\"><img decoding=\"async\" src=\"https:\/\/soccer.aidatasports.com\/images\/players\/278453.png\" alt=\"Albian Hajdari\" onerror=\"this.onerror=null;this.src='https:\/\/soccer.aidatasports.com\/images\/players\/default-player.png';\"><span>Albian Hajdari<\/span><\/a><\/div>\n<div class=\"player\"><a href=\"https:\/\/soccer.aidatasports.com\/es\/players\/Ousmane-Doumbia-48693\"><img decoding=\"async\" src=\"https:\/\/soccer.aidatasports.com\/images\/players\/48693.png\" alt=\"Ousmane Doumbia\" onerror=\"this.onerror=null;this.src='https:\/\/soccer.aidatasports.com\/images\/players\/default-player.png';\"><span>Ousmane Doumbia<\/span><\/a><\/div>\n<div class=\"player\"><a href=\"https:\/\/soccer.aidatasports.com\/es\/players\/Yanis-Cimignani-193645\"><img decoding=\"async\" src=\"https:\/\/soccer.aidatasports.com\/images\/players\/193645.png\" alt=\"Yanis Cimignani\" onerror=\"this.onerror=null;this.src='https:\/\/soccer.aidatasports.com\/images\/players\/default-player.png';\"><span>Yanis Cimignani<\/span><\/a><\/div>\n<div class=\"player\"><a href=\"https:\/\/soccer.aidatasports.com\/es\/players\/Kevin-Behrens-25192\"><img decoding=\"async\" src=\"https:\/\/soccer.aidatasports.com\/images\/players\/25192.png\" alt=\"Kevin Behrens\" onerror=\"this.onerror=null;this.src='https:\/\/soccer.aidatasports.com\/images\/players\/default-player.png';\"><span>Kevin Behrens<\/span><\/a><\/div>\n<\/div>\n<\/div>\n<\/div>\n<\/div>\n<div id=\"wg-api-football-game\"\n                    data-host=\"xxxxx\"\n                    data-key=\"xxxx\"\n                    data-id=\"1421181\"\n                    data-theme=\"\"\n                    data-refresh=\"15\"\n                    data-show-errors=\"false\"\n                    data-show-logos=\"true\"><br \/>\n                    class=\u00bbwg_loader\u00bb>\n                <\/div>\n<div id=\"wg-api-football-standings\"\n                    data-host=\"xxxx\"\n                    data-key=\"ddddd\"\n                    data-league=\"848\"\n                    data-team=\"\"\n                    data-season=\"2025\"\n                    data-theme=\"\"\n                    data-show-errors=\"false\"\n                    data-show-logos=\"true\"\n                    class=\"wg_loader\">\n                <\/div>\n<p>                <script\n                    type=\"module\"\n                    src=\"https:\/\/soccer.aidatasports.com\/wp-content\/customjs\/widgetslocal.js\">\n                <\/script><\/p>\n","protected":false},"excerpt":{"rendered":"<p>Espa\u00f1ol: Emocionante Empate Entre Celje y FC Lugano en la UEFA Europa Conference League Celje,&hellip;<\/p>\n","protected":false},"author":1,"featured_media":101876,"comment_status":"open","ping_status":"open","sticky":false,"template":"","format":"standard","meta":{"content-type":"","_lmt_disableupdate":"","_lmt_disable":"","_league":15837,"_fixture":1421181,"penci_pfeatured_image_ratio":"","penci_single_style":"","footnotes":""},"categories":[15837],"tags":[3408,709],"class_list":["post-101877","post","type-post","status-publish","format-standard","has-post-thumbnail","hentry","category-matches","tag-celje-slovenia-4360","tag-fc-lugano-switzerland-606"],"_links":{"self":[{"href":"https:\/\/soccer.aidatasports.com\/es\/wp-json\/wp\/v2\/posts\/101877"}],"collection":[{"href":"https:\/\/soccer.aidatasports.com\/es\/wp-json\/wp\/v2\/posts"}],"about":[{"href":"https:\/\/soccer.aidatasports.com\/es\/wp-json\/wp\/v2\/types\/post"}],"author":[{"embeddable":true,"href":"https:\/\/soccer.aidatasports.com\/es\/wp-json\/wp\/v2\/users\/1"}],"replies":[{"embeddable":true,"href":"https:\/\/soccer.aidatasports.com\/es\/wp-json\/wp\/v2\/comments?post=101877"}],"version-history":[{"count":0,"href":"https:\/\/soccer.aidatasports.com\/es\/wp-json\/wp\/v2\/posts\/101877\/revisions"}],"wp:featuredmedia":[{"embeddable":true,"href":"https:\/\/soccer.aidatasports.com\/es\/wp-json\/wp\/v2\/media\/101876"}],"wp:attachment":[{"href":"https:\/\/soccer.aidatasports.com\/es\/wp-json\/wp\/v2\/media?parent=101877"}],"wp:term":[{"taxonomy":"category","embeddable":true,"href":"https:\/\/soccer.aidatasports.com\/es\/wp-json\/wp\/v2\/categories?post=101877"},{"taxonomy":"post_tag","embeddable":true,"href":"https:\/\/soccer.aidatasports.com\/es\/wp-json\/wp\/v2\/tags?post=101877"}],"curies":[{"name":"wp","href":"https:\/\/api.w.org\/{rel}","templated":true}]}}