{"id":101859,"date":"2025-08-16T09:40:35","date_gmt":"2025-08-16T09:40:35","guid":{"rendered":"https:\/\/soccer.aidatasports.com\/es\/uncategorized\/fc-midtjylland-vs-fredrikstad-aug-14-2025-1600-utc\/"},"modified":"2025-08-16T09:40:35","modified_gmt":"2025-08-16T09:40:35","slug":"fc-midtjylland-vs-fredrikstad-aug-14-2025-1600-utc","status":"publish","type":"post","link":"https:\/\/soccer.aidatasports.com\/es\/matches\/fc-midtjylland-vs-fredrikstad-aug-14-2025-1600-utc\/","title":{"rendered":"FC Midtjylland vs Fredrikstad Aug 14 2025 16:00 UTC"},"content":{"rendered":"<p><strong>Espa\u00f1ol<\/strong><\/p>\n<p><strong>El FC Midtjylland Domina en Casa Ante el Fredrikstad en la Europa League<\/strong><\/p>\n<p>Herning, Dinamarca \u2013 El FC Midtjylland asegur\u00f3 una victoria contundente en casa contra el Fredrikstad en el MCH Arena, en un partido correspondiente a la tercera ronda clasificatoria de la UEFA Europa League. El encuentro, disputado bajo la atenta mirada del \u00e1rbitro austriaco Julian Weinberger, vio al equipo local imponer su ritmo desde el inicio.<\/p>\n<p>M. Bech Sorensen abri\u00f3 el marcador para el Midtjylland apenas a los 9 minutos, desatando la euforia en las gradas. La ventaja se ampli\u00f3 poco despu\u00e9s, en el minuto 17, gracias a un gol de Paulinho, con asistencia de M. Gogorza. El Fredrikstad intent\u00f3 reaccionar, pero sus esfuerzos se vieron frustrados. Un gol de H. Skogvold fue anulado por el VAR en el minuto 65 debido a una mano.<\/p>\n<p>El partido se caracteriz\u00f3 por una serie de interrupciones, incluyendo la anulaci\u00f3n del gol y algunas tarjetas amarillas. A. Gabriel del Midtjylland recibi\u00f3 una amonestaci\u00f3n en el minuto 85, seguido por S. Molde del Fredrikstad en el minuto 89.<\/p>\n<p>A pesar de que ambos equipos mostraron intensidad, el FC Midtjylland se llev\u00f3 la victoria, dejando al Fredrikstad con la dif\u00edcil tarea de remontar en el partido de vuelta.<\/p>\n<p>FC Midtjylland: posesi\u00f3n no disponible, tiros no disponibles (no disponibles a puerta, no disponibles fuera), no disponibles corners, no disponibles faltas, 1 amarillas, 0 rojas<\/p>\n<p>Fredrikstad: posesi\u00f3n no disponible, tiros no disponibles (no disponibles a puerta, no disponibles fuera), no disponibles corners, no disponibles faltas, 1 amarillas, 0 rojas<\/p>\n<p>Sustituciones en el equipo de fredrikstad: en el minuto 47 ingres\u00f3 J. Bjartalid y sali\u00f3 E. Holten, en el minuto 47 ingres\u00f3 S. Rafn y sali\u00f3 R. R. Shein, en el minuto 58 ingres\u00f3 O. Ohlenschlaeger y sali\u00f3 S. Sorlokk, en el minuto 70 ingres\u00f3 S. Owusu y sali\u00f3 D. Eid, en el minuto 78 ingres\u00f3 L. Owusu y sali\u00f3 E. Granaas <\/p>\n<p>Sustituciones en el equipo de fc midtjylland: en el minuto 59 ingres\u00f3 M. Erlic y sali\u00f3 Lee Han-Beom, en el minuto 59 ingres\u00f3 A. Buksa y sali\u00f3 V. Byskov, en el minuto 60 ingres\u00f3 Franculino y sali\u00f3 E. Chilufya, en el minuto 75 ingres\u00f3 P. Bravo y sali\u00f3 Dani Silva, en el minuto 78 ingres\u00f3 M. Gogorza y sali\u00f3 D. Osorio <\/p>\n<p>Los equipos alinearon de la siguiente manera:<\/p>\n<div class=\"lineups-container\">\n<style>\n                .lineups-container {\n                    display: flex;\n                    justify-content: space-around;\n                    flex-wrap: wrap;\n                }\n                .team-lineup {\n                    width: 49%;\n                    margin-bottom: 20px;\n                    border: 1px solid #ccc;\n                    padding: 5px;\n                }\n                .team-lineup h3 {\n                    text-align: center;\n                    margin-bottom: 10px;\n                }\n                .players-container {\n                    display: flex;\n                    justify-content: space-between;\n                }\n                .players-container div {\n                    width: 100%;\n                }\n                .player {\n                    display: flex;\n                    align-items: center;\n                    margin-bottom: 5px;\n                }\n                .player img {\n                    width: 30px;\n                    height: 30px;\n                    border-radius: 50%;\n                    margin-right: 10px;\n                }\n                    @media (max-width: 600px) {\n                    .team-lineup {\n                        width: 100%;\n                    }\n                }\n                <\/style>\n<div class=\"team-lineup\">\n<h3>FC Midtjylland<\/h3>\n<p><img decoding=\"async\" src=\"https:\/\/media.api-sports.io\/football\/teams\/397.png\" alt=\"FC Midtjylland\" style=\"width: 50px; height: 50px;\"><\/p>\n<div class=\"players-container\">\n<div>\n<h4>Titulares:<\/h4>\n<div class=\"player\"><a href=\"https:\/\/soccer.aidatasports.com\/es\/players\/El\u00edas-\u00d3lafsson-89754\"><img decoding=\"async\" src=\"https:\/\/soccer.aidatasports.com\/images\/players\/89754.png\" alt=\"El\u00edas \u00d3lafsson\" onerror=\"this.onerror=null;this.src='https:\/\/soccer.aidatasports.com\/images\/players\/default-player.png';\"><span>El\u00edas \u00d3lafsson<\/span><\/a><\/div>\n<div class=\"player\"><a href=\"https:\/\/soccer.aidatasports.com\/es\/players\/Adam-Gabriel-287565\"><img decoding=\"async\" src=\"https:\/\/soccer.aidatasports.com\/images\/players\/287565.png\" alt=\"Adam Gabriel\" onerror=\"this.onerror=null;this.src='https:\/\/soccer.aidatasports.com\/images\/players\/default-player.png';\"><span>Adam Gabriel<\/span><\/a><\/div>\n<div class=\"player\"><a href=\"https:\/\/soccer.aidatasports.com\/es\/players\/Martin-Erli\u0107-30827\"><img decoding=\"async\" src=\"https:\/\/soccer.aidatasports.com\/images\/players\/30827.png\" alt=\"Martin Erli\u0107\" onerror=\"this.onerror=null;this.src='https:\/\/soccer.aidatasports.com\/images\/players\/default-player.png';\"><span>Martin Erli\u0107<\/span><\/a><\/div>\n<div class=\"player\"><a href=\"https:\/\/soccer.aidatasports.com\/es\/players\/Mads-Bech-S\u00f8rensen-19345\"><img decoding=\"async\" src=\"https:\/\/soccer.aidatasports.com\/images\/players\/19345.png\" alt=\"Mads Bech S\u00f8rensen\" onerror=\"this.onerror=null;this.src='https:\/\/soccer.aidatasports.com\/images\/players\/default-player.png';\"><span>Mads Bech S\u00f8rensen<\/span><\/a><\/div>\n<div class=\"player\"><a href=\"https:\/\/soccer.aidatasports.com\/es\/players\/Paulinho-10016\"><img decoding=\"async\" src=\"https:\/\/soccer.aidatasports.com\/images\/players\/10016.png\" alt=\"Paulinho\" onerror=\"this.onerror=null;this.src='https:\/\/soccer.aidatasports.com\/images\/players\/default-player.png';\"><span>Paulinho<\/span><\/a><\/div>\n<div class=\"player\"><a href=\"https:\/\/soccer.aidatasports.com\/es\/players\/Aral-\u015eim\u015fir-161790\"><img decoding=\"async\" src=\"https:\/\/soccer.aidatasports.com\/images\/players\/161790.png\" alt=\"Aral \u015eim\u015fir\" onerror=\"this.onerror=null;this.src='https:\/\/soccer.aidatasports.com\/images\/players\/default-player.png';\"><span>Aral \u015eim\u015fir<\/span><\/a><\/div>\n<div class=\"player\"><a href=\"https:\/\/soccer.aidatasports.com\/es\/players\/Pedro-Bravo-311432\"><img decoding=\"async\" src=\"https:\/\/soccer.aidatasports.com\/images\/players\/311432.png\" alt=\"Pedro Bravo\" onerror=\"this.onerror=null;this.src='https:\/\/soccer.aidatasports.com\/images\/players\/default-player.png';\"><span>Pedro Bravo<\/span><\/a><\/div>\n<div class=\"player\"><a href=\"https:\/\/soccer.aidatasports.com\/es\/players\/Denil-Castillo-338045\"><img decoding=\"async\" src=\"https:\/\/soccer.aidatasports.com\/images\/players\/338045.png\" alt=\"Denil Castillo\" onerror=\"this.onerror=null;this.src='https:\/\/soccer.aidatasports.com\/images\/players\/default-player.png';\"><span>Denil Castillo<\/span><\/a><\/div>\n<div class=\"player\"><a href=\"https:\/\/soccer.aidatasports.com\/es\/players\/Mikel-Gogorza-435061\"><img decoding=\"async\" src=\"https:\/\/soccer.aidatasports.com\/images\/players\/435061.png\" alt=\"Mikel Gogorza\" onerror=\"this.onerror=null;this.src='https:\/\/soccer.aidatasports.com\/images\/players\/default-player.png';\"><span>Mikel Gogorza<\/span><\/a><\/div>\n<div class=\"player\"><a href=\"https:\/\/soccer.aidatasports.com\/es\/players\/Adam-Buksa-40594\"><img decoding=\"async\" src=\"https:\/\/soccer.aidatasports.com\/images\/players\/40594.png\" alt=\"Adam Buksa\" onerror=\"this.onerror=null;this.src='https:\/\/soccer.aidatasports.com\/images\/players\/default-player.png';\"><span>Adam Buksa<\/span><\/a><\/div>\n<div class=\"player\"><a href=\"https:\/\/soccer.aidatasports.com\/es\/players\/Franculino-Dj\u00fa-340625\"><img decoding=\"async\" src=\"https:\/\/soccer.aidatasports.com\/images\/players\/340625.png\" alt=\"Franculino Dj\u00fa\" onerror=\"this.onerror=null;this.src='https:\/\/soccer.aidatasports.com\/images\/players\/default-player.png';\"><span>Franculino Dj\u00fa<\/span><\/a><\/div>\n<\/div>\n<div>\n<h4>Suplentes:<\/h4>\n<div class=\"player\"><a href=\"https:\/\/soccer.aidatasports.com\/es\/players\/Han-Beom-Lee-237218\"><img decoding=\"async\" src=\"https:\/\/soccer.aidatasports.com\/images\/players\/237218.png\" alt=\"Han-Beom Lee\" onerror=\"this.onerror=null;this.src='https:\/\/soccer.aidatasports.com\/images\/players\/default-player.png';\"><span>Han-Beom Lee<\/span><\/a><\/div>\n<div class=\"player\"><a href=\"https:\/\/soccer.aidatasports.com\/es\/players\/Valdemar-Byskov-371909\"><img decoding=\"async\" src=\"https:\/\/soccer.aidatasports.com\/images\/players\/371909.png\" alt=\"Valdemar Byskov\" onerror=\"this.onerror=null;this.src='https:\/\/soccer.aidatasports.com\/images\/players\/default-player.png';\"><span>Valdemar Byskov<\/span><\/a><\/div>\n<div class=\"player\"><a href=\"https:\/\/soccer.aidatasports.com\/es\/players\/Edward-Chilufya-48056\"><img decoding=\"async\" src=\"https:\/\/soccer.aidatasports.com\/images\/players\/48056.png\" alt=\"Edward Chilufya\" onerror=\"this.onerror=null;this.src='https:\/\/soccer.aidatasports.com\/images\/players\/default-player.png';\"><span>Edward Chilufya<\/span><\/a><\/div>\n<div class=\"player\"><a href=\"https:\/\/soccer.aidatasports.com\/es\/players\/Jonas-L\u00f6ssl-2727\"><img decoding=\"async\" src=\"https:\/\/soccer.aidatasports.com\/images\/players\/2727.png\" alt=\"Jonas L\u00f6ssl\" onerror=\"this.onerror=null;this.src='https:\/\/soccer.aidatasports.com\/images\/players\/default-player.png';\"><span>Jonas L\u00f6ssl<\/span><\/a><\/div>\n<div class=\"player\"><a href=\"https:\/\/soccer.aidatasports.com\/es\/players\/Liam-Selin-394987\"><img decoding=\"async\" src=\"https:\/\/soccer.aidatasports.com\/images\/players\/394987.png\" alt=\"Liam Selin\" onerror=\"this.onerror=null;this.src='https:\/\/soccer.aidatasports.com\/images\/players\/default-player.png';\"><span>Liam Selin<\/span><\/a><\/div>\n<div class=\"player\"><a href=\"https:\/\/soccer.aidatasports.com\/es\/players\/Kevin-Mbabu-946\"><img decoding=\"async\" src=\"https:\/\/soccer.aidatasports.com\/images\/players\/946.png\" alt=\"Kevin Mbabu\" onerror=\"this.onerror=null;this.src='https:\/\/soccer.aidatasports.com\/images\/players\/default-player.png';\"><span>Kevin Mbabu<\/span><\/a><\/div>\n<div class=\"player\"><a href=\"https:\/\/soccer.aidatasports.com\/es\/players\/Victor-Bak-Jensen-162218\"><img decoding=\"async\" src=\"https:\/\/soccer.aidatasports.com\/images\/players\/162218.png\" alt=\"Victor Bak Jensen\" onerror=\"this.onerror=null;this.src='https:\/\/soccer.aidatasports.com\/images\/players\/default-player.png';\"><span>Victor Bak Jensen<\/span><\/a><\/div>\n<div class=\"player\"><a href=\"https:\/\/soccer.aidatasports.com\/es\/players\/Dar\u00edo-Osorio-307117\"><img decoding=\"async\" src=\"https:\/\/soccer.aidatasports.com\/images\/players\/307117.png\" alt=\"Dar\u00edo Osorio\" onerror=\"this.onerror=null;this.src='https:\/\/soccer.aidatasports.com\/images\/players\/default-player.png';\"><span>Dar\u00edo Osorio<\/span><\/a><\/div>\n<div class=\"player\"><a href=\"https:\/\/soccer.aidatasports.com\/es\/players\/Dani-Silva-42007\"><img decoding=\"async\" src=\"https:\/\/soccer.aidatasports.com\/images\/players\/42007.png\" alt=\"Dani Silva\" onerror=\"this.onerror=null;this.src='https:\/\/soccer.aidatasports.com\/images\/players\/default-player.png';\"><span>Dani Silva<\/span><\/a><\/div>\n<div class=\"player\"><a href=\"https:\/\/soccer.aidatasports.com\/es\/players\/Gue-sung-Cho-34211\"><img decoding=\"async\" src=\"https:\/\/soccer.aidatasports.com\/images\/players\/34211.png\" alt=\"Gue-sung Cho\" onerror=\"this.onerror=null;this.src='https:\/\/soccer.aidatasports.com\/images\/players\/default-player.png';\"><span>Gue-sung Cho<\/span><\/a><\/div>\n<div class=\"player\"><a href=\"https:\/\/soccer.aidatasports.com\/es\/players\/J\u00fanior-Brumado-15810\"><img decoding=\"async\" src=\"https:\/\/soccer.aidatasports.com\/images\/players\/15810.png\" alt=\"J\u00fanior Brumado\" onerror=\"this.onerror=null;this.src='https:\/\/soccer.aidatasports.com\/images\/players\/default-player.png';\"><span>J\u00fanior Brumado<\/span><\/a><\/div>\n<div class=\"player\"><a href=\"https:\/\/soccer.aidatasports.com\/es\/players\/Friday-Etim-351146\"><img decoding=\"async\" src=\"https:\/\/soccer.aidatasports.com\/images\/players\/351146.png\" alt=\"Friday Etim\" onerror=\"this.onerror=null;this.src='https:\/\/soccer.aidatasports.com\/images\/players\/default-player.png';\"><span>Friday Etim<\/span><\/a><\/div>\n<\/div>\n<\/div>\n<\/div>\n<div class=\"team-lineup\">\n<h3>Fredrikstad<\/h3>\n<p><img decoding=\"async\" src=\"https:\/\/media.api-sports.io\/football\/teams\/2149.png\" alt=\"Fredrikstad\" style=\"width: 50px; height: 50px;\"><\/p>\n<div class=\"players-container\">\n<div>\n<h4>Titulares:<\/h4>\n<div class=\"player\"><a href=\"https:\/\/soccer.aidatasports.com\/es\/players\/Martin-Borsheim-406480\"><img decoding=\"async\" src=\"https:\/\/soccer.aidatasports.com\/images\/players\/406480.png\" alt=\"Martin Borsheim\" onerror=\"this.onerror=null;this.src='https:\/\/soccer.aidatasports.com\/images\/players\/default-player.png';\"><span>Martin Borsheim<\/span><\/a><\/div>\n<div class=\"player\"><a href=\"https:\/\/soccer.aidatasports.com\/es\/players\/Maxwell-Woledzi-128762\"><img decoding=\"async\" src=\"https:\/\/soccer.aidatasports.com\/images\/players\/128762.png\" alt=\"Maxwell Woledzi\" onerror=\"this.onerror=null;this.src='https:\/\/soccer.aidatasports.com\/images\/players\/default-player.png';\"><span>Maxwell Woledzi<\/span><\/a><\/div>\n<div class=\"player\"><a href=\"https:\/\/soccer.aidatasports.com\/es\/players\/Ulrik-Fredriksen-57434\"><img decoding=\"async\" src=\"https:\/\/soccer.aidatasports.com\/images\/players\/57434.png\" alt=\"Ulrik Fredriksen\" onerror=\"this.onerror=null;this.src='https:\/\/soccer.aidatasports.com\/images\/players\/default-player.png';\"><span>Ulrik Fredriksen<\/span><\/a><\/div>\n<div class=\"player\"><a href=\"https:\/\/soccer.aidatasports.com\/es\/players\/Solomon-Owusu-57277\"><img decoding=\"async\" src=\"https:\/\/soccer.aidatasports.com\/images\/players\/57277.png\" alt=\"Solomon Owusu\" onerror=\"this.onerror=null;this.src='https:\/\/soccer.aidatasports.com\/images\/players\/default-player.png';\"><span>Solomon Owusu<\/span><\/a><\/div>\n<div class=\"player\"><a href=\"https:\/\/soccer.aidatasports.com\/es\/players\/Simen-Rafn-39309\"><img decoding=\"async\" src=\"https:\/\/soccer.aidatasports.com\/images\/players\/39309.png\" alt=\"Simen Rafn\" onerror=\"this.onerror=null;this.src='https:\/\/soccer.aidatasports.com\/images\/players\/default-player.png';\"><span>Simen Rafn<\/span><\/a><\/div>\n<div class=\"player\"><a href=\"https:\/\/soccer.aidatasports.com\/es\/players\/Patrick-Metcalfe-103232\"><img decoding=\"async\" src=\"https:\/\/soccer.aidatasports.com\/images\/players\/103232.png\" alt=\"Patrick Metcalfe\" onerror=\"this.onerror=null;this.src='https:\/\/soccer.aidatasports.com\/images\/players\/default-player.png';\"><span>Patrick Metcalfe<\/span><\/a><\/div>\n<div class=\"player\"><a href=\"https:\/\/soccer.aidatasports.com\/es\/players\/Leonard-Owusu-111329\"><img decoding=\"async\" src=\"https:\/\/soccer.aidatasports.com\/images\/players\/111329.png\" alt=\"Leonard Owusu\" onerror=\"this.onerror=null;this.src='https:\/\/soccer.aidatasports.com\/images\/players\/default-player.png';\"><span>Leonard Owusu<\/span><\/a><\/div>\n<div class=\"player\"><a href=\"https:\/\/soccer.aidatasports.com\/es\/players\/Oskar-\u00d8hlenschlaeger-425317\"><img decoding=\"async\" src=\"https:\/\/soccer.aidatasports.com\/images\/players\/425317.png\" alt=\"Oskar \u00d8hlenschlaeger\" onerror=\"this.onerror=null;this.src='https:\/\/soccer.aidatasports.com\/images\/players\/default-player.png';\"><span>Oskar \u00d8hlenschlaeger<\/span><\/a><\/div>\n<div class=\"player\"><a href=\"https:\/\/soccer.aidatasports.com\/es\/players\/Stian-Stray-Molde-107852\"><img decoding=\"async\" src=\"https:\/\/soccer.aidatasports.com\/images\/players\/107852.png\" alt=\"Stian Stray Molde\" onerror=\"this.onerror=null;this.src='https:\/\/soccer.aidatasports.com\/images\/players\/default-player.png';\"><span>Stian Stray Molde<\/span><\/a><\/div>\n<div class=\"player\"><a href=\"https:\/\/soccer.aidatasports.com\/es\/players\/Henrik-Langaas-Skogvold-314341\"><img decoding=\"async\" src=\"https:\/\/soccer.aidatasports.com\/images\/players\/314341.png\" alt=\"Henrik Langaas Skogvold\" onerror=\"this.onerror=null;this.src='https:\/\/soccer.aidatasports.com\/images\/players\/default-player.png';\"><span>Henrik Langaas Skogvold<\/span><\/a><\/div>\n<div class=\"player\"><a href=\"https:\/\/soccer.aidatasports.com\/es\/players\/J\u00f3annes-Bjartal\u00ed\u00f0-70358\"><img decoding=\"async\" src=\"https:\/\/soccer.aidatasports.com\/images\/players\/70358.png\" alt=\"J\u00f3annes Bjartal\u00ed\u00f0\" onerror=\"this.onerror=null;this.src='https:\/\/soccer.aidatasports.com\/images\/players\/default-player.png';\"><span>J\u00f3annes Bjartal\u00ed\u00f0<\/span><\/a><\/div>\n<\/div>\n<div>\n<h4>Suplentes:<\/h4>\n<div class=\"player\"><a href=\"https:\/\/soccer.aidatasports.com\/es\/players\/Rocco-Robert-Shein-60371\"><img decoding=\"async\" src=\"https:\/\/soccer.aidatasports.com\/images\/players\/60371.png\" alt=\"Rocco Robert Shein\" onerror=\"this.onerror=null;this.src='https:\/\/soccer.aidatasports.com\/images\/players\/default-player.png';\"><span>Rocco Robert Shein<\/span><\/a><\/div>\n<div class=\"player\"><a href=\"https:\/\/soccer.aidatasports.com\/es\/players\/Emil-Holten-16100\"><img decoding=\"async\" src=\"https:\/\/soccer.aidatasports.com\/images\/players\/16100.png\" alt=\"Emil Holten\" onerror=\"this.onerror=null;this.src='https:\/\/soccer.aidatasports.com\/images\/players\/default-player.png';\"><span>Emil Holten<\/span><\/a><\/div>\n<div class=\"player\"><a href=\"https:\/\/soccer.aidatasports.com\/es\/players\/Sondre-S\u00f8rl\u00f8kk-39265\"><img decoding=\"async\" src=\"https:\/\/soccer.aidatasports.com\/images\/players\/39265.png\" alt=\"Sondre S\u00f8rl\u00f8kk\" onerror=\"this.onerror=null;this.src='https:\/\/soccer.aidatasports.com\/images\/players\/default-player.png';\"><span>Sondre S\u00f8rl\u00f8kk<\/span><\/a><\/div>\n<div class=\"player\"><a href=\"https:\/\/soccer.aidatasports.com\/es\/players\/Oystein-Ovretveit-57385\"><img decoding=\"async\" src=\"https:\/\/soccer.aidatasports.com\/images\/players\/57385.png\" alt=\"Oystein Ovretveit\" onerror=\"this.onerror=null;this.src='https:\/\/soccer.aidatasports.com\/images\/players\/default-player.png';\"><span>Oystein Ovretveit<\/span><\/a><\/div>\n<div class=\"player\"><a href=\"https:\/\/soccer.aidatasports.com\/es\/players\/Ole-Langbr\u00e5ten-322792\"><img decoding=\"async\" src=\"https:\/\/soccer.aidatasports.com\/images\/players\/322792.png\" alt=\"Ole Langbr\u00e5ten\" onerror=\"this.onerror=null;this.src='https:\/\/soccer.aidatasports.com\/images\/players\/default-player.png';\"><span>Ole Langbr\u00e5ten<\/span><\/a><\/div>\n<div class=\"player\"><a href=\"https:\/\/soccer.aidatasports.com\/es\/players\/Daniel-Eid-94983\"><img decoding=\"async\" src=\"https:\/\/soccer.aidatasports.com\/images\/players\/94983.png\" alt=\"Daniel Eid\" onerror=\"this.onerror=null;this.src='https:\/\/soccer.aidatasports.com\/images\/players\/default-player.png';\"><span>Daniel Eid<\/span><\/a><\/div>\n<div class=\"player\"><a href=\"https:\/\/soccer.aidatasports.com\/es\/players\/Kennedy-Okpaleke-508060\"><img decoding=\"async\" src=\"https:\/\/soccer.aidatasports.com\/images\/players\/508060.png\" alt=\"Kennedy Okpaleke\" onerror=\"this.onerror=null;this.src='https:\/\/soccer.aidatasports.com\/images\/players\/default-player.png';\"><span>Kennedy Okpaleke<\/span><\/a><\/div>\n<div class=\"player\"><a href=\"https:\/\/soccer.aidatasports.com\/es\/players\/Brage-Skaret-216760\"><img decoding=\"async\" src=\"https:\/\/soccer.aidatasports.com\/images\/players\/216760.png\" alt=\"Brage Skaret\" onerror=\"this.onerror=null;this.src='https:\/\/soccer.aidatasports.com\/images\/players\/default-player.png';\"><span>Brage Skaret<\/span><\/a><\/div>\n<div class=\"player\"><a href=\"https:\/\/soccer.aidatasports.com\/es\/players\/Sigurd-Kvile-131503\"><img decoding=\"async\" src=\"https:\/\/soccer.aidatasports.com\/images\/players\/131503.png\" alt=\"Sigurd Kvile\" onerror=\"this.onerror=null;this.src='https:\/\/soccer.aidatasports.com\/images\/players\/default-player.png';\"><span>Sigurd Kvile<\/span><\/a><\/div>\n<div class=\"player\"><a href=\"https:\/\/soccer.aidatasports.com\/es\/players\/Ludvik-Begby-94724\"><img decoding=\"async\" src=\"https:\/\/soccer.aidatasports.com\/images\/players\/94724.png\" alt=\"Ludvik Begby\" onerror=\"this.onerror=null;this.src='https:\/\/soccer.aidatasports.com\/images\/players\/default-player.png';\"><span>Ludvik Begby<\/span><\/a><\/div>\n<div class=\"player\"><a href=\"https:\/\/soccer.aidatasports.com\/es\/players\/Jesper-Johnsson-Solberg-460768\"><img decoding=\"async\" src=\"https:\/\/soccer.aidatasports.com\/images\/players\/460768.png\" alt=\"Jesper Johnsson Solberg\" onerror=\"this.onerror=null;this.src='https:\/\/soccer.aidatasports.com\/images\/players\/default-player.png';\"><span>Jesper Johnsson Solberg<\/span><\/a><\/div>\n<div class=\"player\"><a href=\"https:\/\/soccer.aidatasports.com\/es\/players\/Eirik-Granaas-519922\"><img decoding=\"async\" src=\"https:\/\/soccer.aidatasports.com\/images\/players\/519922.png\" alt=\"Eirik Granaas\" onerror=\"this.onerror=null;this.src='https:\/\/soccer.aidatasports.com\/images\/players\/default-player.png';\"><span>Eirik Granaas<\/span><\/a><\/div>\n<\/div>\n<\/div>\n<\/div>\n<\/div>\n<div id=\"wg-api-football-game\"\n                    data-host=\"xxxxx\"\n                    data-key=\"xxxx\"\n                    data-id=\"1423465\"\n                    data-theme=\"\"\n                    data-refresh=\"15\"\n                    data-show-errors=\"false\"\n                    data-show-logos=\"true\"><br \/>\n                    class=\u00bbwg_loader\u00bb>\n                <\/div>\n<div id=\"wg-api-football-standings\"\n                    data-host=\"xxxx\"\n                    data-key=\"ddddd\"\n                    data-league=\"3\"\n                    data-team=\"\"\n                    data-season=\"2025\"\n                    data-theme=\"\"\n                    data-show-errors=\"false\"\n                    data-show-logos=\"true\"\n                    class=\"wg_loader\">\n                <\/div>\n<p>                <script\n                    type=\"module\"\n                    src=\"https:\/\/soccer.aidatasports.com\/wp-content\/customjs\/widgetslocal.js\">\n                <\/script><\/p>\n","protected":false},"excerpt":{"rendered":"<p>Espa\u00f1ol El FC Midtjylland Domina en Casa Ante el Fredrikstad en la Europa League Herning,&hellip;<\/p>\n","protected":false},"author":1,"featured_media":101858,"comment_status":"open","ping_status":"open","sticky":false,"template":"","format":"standard","meta":{"content-type":"","_lmt_disableupdate":"","_lmt_disable":"","_league":15837,"_fixture":1423465,"penci_pfeatured_image_ratio":"","penci_single_style":"","footnotes":""},"categories":[15837],"tags":[511,1949],"class_list":["post-101859","post","type-post","status-publish","format-standard","has-post-thumbnail","hentry","category-matches","tag-fc-midtjylland-denmark-397","tag-fredrikstad-norway-2149"],"_links":{"self":[{"href":"https:\/\/soccer.aidatasports.com\/es\/wp-json\/wp\/v2\/posts\/101859"}],"collection":[{"href":"https:\/\/soccer.aidatasports.com\/es\/wp-json\/wp\/v2\/posts"}],"about":[{"href":"https:\/\/soccer.aidatasports.com\/es\/wp-json\/wp\/v2\/types\/post"}],"author":[{"embeddable":true,"href":"https:\/\/soccer.aidatasports.com\/es\/wp-json\/wp\/v2\/users\/1"}],"replies":[{"embeddable":true,"href":"https:\/\/soccer.aidatasports.com\/es\/wp-json\/wp\/v2\/comments?post=101859"}],"version-history":[{"count":0,"href":"https:\/\/soccer.aidatasports.com\/es\/wp-json\/wp\/v2\/posts\/101859\/revisions"}],"wp:featuredmedia":[{"embeddable":true,"href":"https:\/\/soccer.aidatasports.com\/es\/wp-json\/wp\/v2\/media\/101858"}],"wp:attachment":[{"href":"https:\/\/soccer.aidatasports.com\/es\/wp-json\/wp\/v2\/media?parent=101859"}],"wp:term":[{"taxonomy":"category","embeddable":true,"href":"https:\/\/soccer.aidatasports.com\/es\/wp-json\/wp\/v2\/categories?post=101859"},{"taxonomy":"post_tag","embeddable":true,"href":"https:\/\/soccer.aidatasports.com\/es\/wp-json\/wp\/v2\/tags?post=101859"}],"curies":[{"name":"wp","href":"https:\/\/api.w.org\/{rel}","templated":true}]}}