{"id":101722,"date":"2025-08-16T08:30:38","date_gmt":"2025-08-16T08:30:38","guid":{"rendered":"https:\/\/soccer.aidatasports.com\/es\/uncategorized\/chico-vs-la-equidad-aug-12-2025-0100-utc\/"},"modified":"2025-08-16T08:30:38","modified_gmt":"2025-08-16T08:30:38","slug":"chico-vs-la-equidad-aug-12-2025-0100-utc","status":"publish","type":"post","link":"https:\/\/soccer.aidatasports.com\/es\/matches\/chico-vs-la-equidad-aug-12-2025-0100-utc\/","title":{"rendered":"Chico vs La Equidad Aug 12 2025 01:00 UTC"},"content":{"rendered":"<p><strong>Espa\u00f1ol<\/strong><\/p>\n<p><strong>Chico Domina pero No Concreta Ante una Equidad Diezmada<\/strong><\/p>\n<p>Tunja, Colombia &#8211; En un partido disputado en el Estadio de La Independencia, Boyac\u00e1 Chic\u00f3 y La Equidad no lograron romper el empate en un encuentro marcado por el dominio de posesi\u00f3n del equipo local y la disciplina defensiva de la visita, que termin\u00f3 con un hombre menos.<\/p>\n<p>Chic\u00f3 impuso su juego desde el inicio, acumulando un 64% de la posesi\u00f3n del bal\u00f3n. Sin embargo, la superioridad en el control del juego no se tradujo en una contundencia ofensiva. De los 11 disparos realizados, solo dos encontraron la porter\u00eda defendida por el guardameta de La Equidad. La falta de precisi\u00f3n en el \u00faltimo tercio del campo impidi\u00f3 que el equipo local capitalizara su dominio.<\/p>\n<p>La Equidad, por su parte, apost\u00f3 por un planteamiento defensivo, buscando aprovechar las pocas oportunidades que se le presentaron en ataque. Los ocho disparos realizados, tres de ellos a puerta, reflejaron la dificultad para generar peligro ante la s\u00f3lida defensa de Chico. La expulsi\u00f3n de un jugador de La Equidad en el minuto 78, tras una tarjeta roja, complic\u00f3 a\u00fan m\u00e1s su tarea, oblig\u00e1ndolos a replegarse y resistir los embates del rival. El encuentro, caracterizado por un alto n\u00famero de faltas (11 por Chic\u00f3 y 16 por La Equidad) y varias tarjetas amarillas (1 para Chic\u00f3 y 2 para La Equidad), finaliz\u00f3 sin goles, dejando un sabor agridulce para ambos equipos.<\/p>\n<p>Sustituciones en el equipo de chico: en el minuto 46 ingres\u00f3 J. Quiceno y sali\u00f3 V. Hernandez, en el minuto 70 ingres\u00f3 J. Molina y sali\u00f3 M. Gomez, en el minuto 71 ingres\u00f3 D. A. Ramirez Raigosa y sali\u00f3 E. Camargo, en el minuto 88 ingres\u00f3 Johan Bocanegra y sali\u00f3 J. Prada <\/p>\n<p>Sustituciones en el equipo de la equidad: en el minuto 57 ingres\u00f3 J. Micolta Piedahita y sali\u00f3 F. Chaverra, en el minuto 57 ingres\u00f3 S. Mayo y sali\u00f3 M. Monaco, en el minuto 65 ingres\u00f3 K. Parra Atehortua y sali\u00f3 J. Bolivar, en el minuto 79 ingres\u00f3 J. Masllorens y sali\u00f3 D. Copete <\/p>\n<p>Los equipos alinearon de la siguiente manera:<\/p>\n<div class=\"lineups-container\">\n<style>\n                .lineups-container {\n                    display: flex;\n                    justify-content: space-around;\n                    flex-wrap: wrap;\n                }\n                .team-lineup {\n                    width: 49%;\n                    margin-bottom: 20px;\n                    border: 1px solid #ccc;\n                    padding: 5px;\n                }\n                .team-lineup h3 {\n                    text-align: center;\n                    margin-bottom: 10px;\n                }\n                .players-container {\n                    display: flex;\n                    justify-content: space-between;\n                }\n                .players-container div {\n                    width: 100%;\n                }\n                .player {\n                    display: flex;\n                    align-items: center;\n                    margin-bottom: 5px;\n                }\n                .player img {\n                    width: 30px;\n                    height: 30px;\n                    border-radius: 50%;\n                    margin-right: 10px;\n                }\n                    @media (max-width: 600px) {\n                    .team-lineup {\n                        width: 100%;\n                    }\n                }\n                <\/style>\n<div class=\"team-lineup\">\n<h3>Chico<\/h3>\n<p><img decoding=\"async\" src=\"https:\/\/media.api-sports.io\/football\/teams\/1132.png\" alt=\"Chico\" style=\"width: 50px; height: 50px;\"><\/p>\n<div class=\"players-container\">\n<div>\n<h4>Titulares:<\/h4>\n<div class=\"player\"><a href=\"https:\/\/soccer.aidatasports.com\/es\/players\/Dar\u00edo-Denis-51475\"><img decoding=\"async\" src=\"https:\/\/soccer.aidatasports.com\/images\/players\/51475.png\" alt=\"Dar\u00edo Denis\" onerror=\"this.onerror=null;this.src='https:\/\/soccer.aidatasports.com\/images\/players\/default-player.png';\"><span>Dar\u00edo Denis<\/span><\/a><\/div>\n<div class=\"player\"><a href=\"https:\/\/soccer.aidatasports.com\/es\/players\/Jos\u00e9-Ampudia-277772\"><img decoding=\"async\" src=\"https:\/\/soccer.aidatasports.com\/images\/players\/277772.png\" alt=\"Jos\u00e9 Ampudia\" onerror=\"this.onerror=null;this.src='https:\/\/soccer.aidatasports.com\/images\/players\/default-player.png';\"><span>Jos\u00e9 Ampudia<\/span><\/a><\/div>\n<div class=\"player\"><a href=\"https:\/\/soccer.aidatasports.com\/es\/players\/Frank-Salas-None\"><img decoding=\"async\" src=\"https:\/\/soccer.aidatasports.com\/images\/players\/None.png\" alt=\"Frank Salas\" onerror=\"this.onerror=null;this.src='https:\/\/soccer.aidatasports.com\/images\/players\/default-player.png';\"><span>Frank Salas<\/span><\/a><\/div>\n<div class=\"player\"><a href=\"https:\/\/soccer.aidatasports.com\/es\/players\/Juan-Quiceno-466962\"><img decoding=\"async\" src=\"https:\/\/soccer.aidatasports.com\/images\/players\/466962.png\" alt=\"Juan Quiceno\" onerror=\"this.onerror=null;this.src='https:\/\/soccer.aidatasports.com\/images\/players\/default-player.png';\"><span>Juan Quiceno<\/span><\/a><\/div>\n<div class=\"player\"><a href=\"https:\/\/soccer.aidatasports.com\/es\/players\/Arlen-Banguero-64156\"><img decoding=\"async\" src=\"https:\/\/soccer.aidatasports.com\/images\/players\/64156.png\" alt=\"Arlen Banguero\" onerror=\"this.onerror=null;this.src='https:\/\/soccer.aidatasports.com\/images\/players\/default-player.png';\"><span>Arlen Banguero<\/span><\/a><\/div>\n<div class=\"player\"><a href=\"https:\/\/soccer.aidatasports.com\/es\/players\/Kevin-Londo\u00f1o-297345\"><img decoding=\"async\" src=\"https:\/\/soccer.aidatasports.com\/images\/players\/297345.png\" alt=\"Kevin Londo\u00f1o\" onerror=\"this.onerror=null;this.src='https:\/\/soccer.aidatasports.com\/images\/players\/default-player.png';\"><span>Kevin Londo\u00f1o<\/span><\/a><\/div>\n<div class=\"player\"><a href=\"https:\/\/soccer.aidatasports.com\/es\/players\/Estef\u00e1no-Arango-13138\"><img decoding=\"async\" src=\"https:\/\/soccer.aidatasports.com\/images\/players\/13138.png\" alt=\"Estef\u00e1no Arango\" onerror=\"this.onerror=null;this.src='https:\/\/soccer.aidatasports.com\/images\/players\/default-player.png';\"><span>Estef\u00e1no Arango<\/span><\/a><\/div>\n<div class=\"player\"><a href=\"https:\/\/soccer.aidatasports.com\/es\/players\/Johan-Bocanegra-59404\"><img decoding=\"async\" src=\"https:\/\/soccer.aidatasports.com\/images\/players\/59404.png\" alt=\"Johan Bocanegra\" onerror=\"this.onerror=null;this.src='https:\/\/soccer.aidatasports.com\/images\/players\/default-player.png';\"><span>Johan Bocanegra<\/span><\/a><\/div>\n<div class=\"player\"><a href=\"https:\/\/soccer.aidatasports.com\/es\/players\/Delio-Ram\u00edrez-137128\"><img decoding=\"async\" src=\"https:\/\/soccer.aidatasports.com\/images\/players\/137128.png\" alt=\"Delio Ram\u00edrez\" onerror=\"this.onerror=null;this.src='https:\/\/soccer.aidatasports.com\/images\/players\/default-player.png';\"><span>Delio Ram\u00edrez<\/span><\/a><\/div>\n<div class=\"player\"><a href=\"https:\/\/soccer.aidatasports.com\/es\/players\/Jhonny-Jord\u00e1n-456741\"><img decoding=\"async\" src=\"https:\/\/soccer.aidatasports.com\/images\/players\/456741.png\" alt=\"Jhonny Jord\u00e1n\" onerror=\"this.onerror=null;this.src='https:\/\/soccer.aidatasports.com\/images\/players\/default-player.png';\"><span>Jhonny Jord\u00e1n<\/span><\/a><\/div>\n<div class=\"player\"><a href=\"https:\/\/soccer.aidatasports.com\/es\/players\/Jairo-Molina-59607\"><img decoding=\"async\" src=\"https:\/\/soccer.aidatasports.com\/images\/players\/59607.png\" alt=\"Jairo Molina\" onerror=\"this.onerror=null;this.src='https:\/\/soccer.aidatasports.com\/images\/players\/default-player.png';\"><span>Jairo Molina<\/span><\/a><\/div>\n<\/div>\n<div>\n<h4>Suplentes:<\/h4>\n<div class=\"player\"><a href=\"https:\/\/soccer.aidatasports.com\/es\/players\/Vladimir-Hern\u00e1ndez-13311\"><img decoding=\"async\" src=\"https:\/\/soccer.aidatasports.com\/images\/players\/13311.png\" alt=\"Vladimir Hern\u00e1ndez\" onerror=\"this.onerror=null;this.src='https:\/\/soccer.aidatasports.com\/images\/players\/default-player.png';\"><span>Vladimir Hern\u00e1ndez<\/span><\/a><\/div>\n<div class=\"player\"><a href=\"https:\/\/soccer.aidatasports.com\/es\/players\/Rogerio-Caicedo-59466\"><img decoding=\"async\" src=\"https:\/\/soccer.aidatasports.com\/images\/players\/59466.png\" alt=\"Rogerio Caicedo\" onerror=\"this.onerror=null;this.src='https:\/\/soccer.aidatasports.com\/images\/players\/default-player.png';\"><span>Rogerio Caicedo<\/span><\/a><\/div>\n<div class=\"player\"><a href=\"https:\/\/soccer.aidatasports.com\/es\/players\/Elian-Peralta-279783\"><img decoding=\"async\" src=\"https:\/\/soccer.aidatasports.com\/images\/players\/279783.png\" alt=\"Elian Peralta\" onerror=\"this.onerror=null;this.src='https:\/\/soccer.aidatasports.com\/images\/players\/default-player.png';\"><span>Elian Peralta<\/span><\/a><\/div>\n<div class=\"player\"><a href=\"https:\/\/soccer.aidatasports.com\/es\/players\/Edgard-Camargo-307873\"><img decoding=\"async\" src=\"https:\/\/soccer.aidatasports.com\/images\/players\/307873.png\" alt=\"Edgard Camargo\" onerror=\"this.onerror=null;this.src='https:\/\/soccer.aidatasports.com\/images\/players\/default-player.png';\"><span>Edgard Camargo<\/span><\/a><\/div>\n<div class=\"player\"><a href=\"https:\/\/soccer.aidatasports.com\/es\/players\/Juan-Prada-None\"><img decoding=\"async\" src=\"https:\/\/soccer.aidatasports.com\/images\/players\/None.png\" alt=\"Juan Prada\" onerror=\"this.onerror=null;this.src='https:\/\/soccer.aidatasports.com\/images\/players\/default-player.png';\"><span>Juan Prada<\/span><\/a><\/div>\n<div class=\"player\"><a href=\"https:\/\/soccer.aidatasports.com\/es\/players\/Kevin-Cortes-354023\"><img decoding=\"async\" src=\"https:\/\/soccer.aidatasports.com\/images\/players\/354023.png\" alt=\"Kevin Cortes\" onerror=\"this.onerror=null;this.src='https:\/\/soccer.aidatasports.com\/images\/players\/default-player.png';\"><span>Kevin Cortes<\/span><\/a><\/div>\n<div class=\"player\"><a href=\"https:\/\/soccer.aidatasports.com\/es\/players\/Michael-G\u00f3mez-13490\"><img decoding=\"async\" src=\"https:\/\/soccer.aidatasports.com\/images\/players\/13490.png\" alt=\"Michael G\u00f3mez\" onerror=\"this.onerror=null;this.src='https:\/\/soccer.aidatasports.com\/images\/players\/default-player.png';\"><span>Michael G\u00f3mez<\/span><\/a><\/div>\n<div class=\"player\"><a href=\"https:\/\/soccer.aidatasports.com\/es\/players\/Diego-Dieppa-None\"><img decoding=\"async\" src=\"https:\/\/soccer.aidatasports.com\/images\/players\/None.png\" alt=\"Diego Dieppa\" onerror=\"this.onerror=null;this.src='https:\/\/soccer.aidatasports.com\/images\/players\/default-player.png';\"><span>Diego Dieppa<\/span><\/a><\/div>\n<div class=\"player\"><a href=\"https:\/\/soccer.aidatasports.com\/es\/players\/Emmanuel-Garcia-522697\"><img decoding=\"async\" src=\"https:\/\/soccer.aidatasports.com\/images\/players\/522697.png\" alt=\"Emmanuel Garcia\" onerror=\"this.onerror=null;this.src='https:\/\/soccer.aidatasports.com\/images\/players\/default-player.png';\"><span>Emmanuel Garcia<\/span><\/a><\/div>\n<\/div>\n<\/div>\n<\/div>\n<div class=\"team-lineup\">\n<h3>La Equidad<\/h3>\n<p><img decoding=\"async\" src=\"https:\/\/media.api-sports.io\/football\/teams\/1134.png\" alt=\"La Equidad\" style=\"width: 50px; height: 50px;\"><\/p>\n<div class=\"players-container\">\n<div>\n<h4>Titulares:<\/h4>\n<div class=\"player\"><a href=\"https:\/\/soccer.aidatasports.com\/es\/players\/Yimy-G\u00f3mez-81034\"><img decoding=\"async\" src=\"https:\/\/soccer.aidatasports.com\/images\/players\/81034.png\" alt=\"Yimy G\u00f3mez\" onerror=\"this.onerror=null;this.src='https:\/\/soccer.aidatasports.com\/images\/players\/default-player.png';\"><span>Yimy G\u00f3mez<\/span><\/a><\/div>\n<div class=\"player\"><a href=\"https:\/\/soccer.aidatasports.com\/es\/players\/Yair-Joao-Abonia-Vasquez-299728\"><img decoding=\"async\" src=\"https:\/\/soccer.aidatasports.com\/images\/players\/299728.png\" alt=\"Yair Joao Abonia Vasquez\" onerror=\"this.onerror=null;this.src='https:\/\/soccer.aidatasports.com\/images\/players\/default-player.png';\"><span>Yair Joao Abonia Vasquez<\/span><\/a><\/div>\n<div class=\"player\"><a href=\"https:\/\/soccer.aidatasports.com\/es\/players\/Carlos-Vivas-52744\"><img decoding=\"async\" src=\"https:\/\/soccer.aidatasports.com\/images\/players\/52744.png\" alt=\"Carlos Vivas\" onerror=\"this.onerror=null;this.src='https:\/\/soccer.aidatasports.com\/images\/players\/default-player.png';\"><span>Carlos Vivas<\/span><\/a><\/div>\n<div class=\"player\"><a href=\"https:\/\/soccer.aidatasports.com\/es\/players\/Mateo-Rodas-59810\"><img decoding=\"async\" src=\"https:\/\/soccer.aidatasports.com\/images\/players\/59810.png\" alt=\"Mateo Rodas\" onerror=\"this.onerror=null;this.src='https:\/\/soccer.aidatasports.com\/images\/players\/default-player.png';\"><span>Mateo Rodas<\/span><\/a><\/div>\n<div class=\"player\"><a href=\"https:\/\/soccer.aidatasports.com\/es\/players\/Yuli\u00e1n-G\u00f3mez-13801\"><img decoding=\"async\" src=\"https:\/\/soccer.aidatasports.com\/images\/players\/13801.png\" alt=\"Yuli\u00e1n G\u00f3mez\" onerror=\"this.onerror=null;this.src='https:\/\/soccer.aidatasports.com\/images\/players\/default-player.png';\"><span>Yuli\u00e1n G\u00f3mez<\/span><\/a><\/div>\n<div class=\"player\"><a href=\"https:\/\/soccer.aidatasports.com\/es\/players\/Jos\u00e9-Masllorens-297726\"><img decoding=\"async\" src=\"https:\/\/soccer.aidatasports.com\/images\/players\/297726.png\" alt=\"Jos\u00e9 Masllorens\" onerror=\"this.onerror=null;this.src='https:\/\/soccer.aidatasports.com\/images\/players\/default-player.png';\"><span>Jos\u00e9 Masllorens<\/span><\/a><\/div>\n<div class=\"player\"><a href=\"https:\/\/soccer.aidatasports.com\/es\/players\/Samir-Mayo-411170\"><img decoding=\"async\" src=\"https:\/\/soccer.aidatasports.com\/images\/players\/411170.png\" alt=\"Samir Mayo\" onerror=\"this.onerror=null;this.src='https:\/\/soccer.aidatasports.com\/images\/players\/default-player.png';\"><span>Samir Mayo<\/span><\/a><\/div>\n<div class=\"player\"><a href=\"https:\/\/soccer.aidatasports.com\/es\/players\/Jean-Colorado-59519\"><img decoding=\"async\" src=\"https:\/\/soccer.aidatasports.com\/images\/players\/59519.png\" alt=\"Jean Colorado\" onerror=\"this.onerror=null;this.src='https:\/\/soccer.aidatasports.com\/images\/players\/default-player.png';\"><span>Jean Colorado<\/span><\/a><\/div>\n<div class=\"player\"><a href=\"https:\/\/soccer.aidatasports.com\/es\/players\/Juan-Castilla-262840\"><img decoding=\"async\" src=\"https:\/\/soccer.aidatasports.com\/images\/players\/262840.png\" alt=\"Juan Castilla\" onerror=\"this.onerror=null;this.src='https:\/\/soccer.aidatasports.com\/images\/players\/default-player.png';\"><span>Juan Castilla<\/span><\/a><\/div>\n<div class=\"player\"><a href=\"https:\/\/soccer.aidatasports.com\/es\/players\/Joider-Micolta-352072\"><img decoding=\"async\" src=\"https:\/\/soccer.aidatasports.com\/images\/players\/352072.png\" alt=\"Joider Micolta\" onerror=\"this.onerror=null;this.src='https:\/\/soccer.aidatasports.com\/images\/players\/default-player.png';\"><span>Joider Micolta<\/span><\/a><\/div>\n<div class=\"player\"><a href=\"https:\/\/soccer.aidatasports.com\/es\/players\/Kevin-Parra-356517\"><img decoding=\"async\" src=\"https:\/\/soccer.aidatasports.com\/images\/players\/356517.png\" alt=\"Kevin Parra\" onerror=\"this.onerror=null;this.src='https:\/\/soccer.aidatasports.com\/images\/players\/default-player.png';\"><span>Kevin Parra<\/span><\/a><\/div>\n<\/div>\n<div>\n<h4>Suplentes:<\/h4>\n<div class=\"player\"><a href=\"https:\/\/soccer.aidatasports.com\/es\/players\/Manuel-M\u00f3naco-369958\"><img decoding=\"async\" src=\"https:\/\/soccer.aidatasports.com\/images\/players\/369958.png\" alt=\"Manuel M\u00f3naco\" onerror=\"this.onerror=null;this.src='https:\/\/soccer.aidatasports.com\/images\/players\/default-player.png';\"><span>Manuel M\u00f3naco<\/span><\/a><\/div>\n<div class=\"player\"><a href=\"https:\/\/soccer.aidatasports.com\/es\/players\/Fabian-Chaverra-460818\"><img decoding=\"async\" src=\"https:\/\/soccer.aidatasports.com\/images\/players\/460818.png\" alt=\"Fabian Chaverra\" onerror=\"this.onerror=null;this.src='https:\/\/soccer.aidatasports.com\/images\/players\/default-player.png';\"><span>Fabian Chaverra<\/span><\/a><\/div>\n<div class=\"player\"><a href=\"https:\/\/soccer.aidatasports.com\/es\/players\/Jovanny-Bol\u00edvar-52683\"><img decoding=\"async\" src=\"https:\/\/soccer.aidatasports.com\/images\/players\/52683.png\" alt=\"Jovanny Bol\u00edvar\" onerror=\"this.onerror=null;this.src='https:\/\/soccer.aidatasports.com\/images\/players\/default-player.png';\"><span>Jovanny Bol\u00edvar<\/span><\/a><\/div>\n<div class=\"player\"><a href=\"https:\/\/soccer.aidatasports.com\/es\/players\/Eduar-Beltr\u00e1n-59766\"><img decoding=\"async\" src=\"https:\/\/soccer.aidatasports.com\/images\/players\/59766.png\" alt=\"Eduar Beltr\u00e1n\" onerror=\"this.onerror=null;this.src='https:\/\/soccer.aidatasports.com\/images\/players\/default-player.png';\"><span>Eduar Beltr\u00e1n<\/span><\/a><\/div>\n<div class=\"player\"><a href=\"https:\/\/soccer.aidatasports.com\/es\/players\/Brayan-Monta\u00f1o-159163\"><img decoding=\"async\" src=\"https:\/\/soccer.aidatasports.com\/images\/players\/159163.png\" alt=\"Brayan Monta\u00f1o\" onerror=\"this.onerror=null;this.src='https:\/\/soccer.aidatasports.com\/images\/players\/default-player.png';\"><span>Brayan Monta\u00f1o<\/span><\/a><\/div>\n<div class=\"player\"><a href=\"https:\/\/soccer.aidatasports.com\/es\/players\/Deyson-Copete-279358\"><img decoding=\"async\" src=\"https:\/\/soccer.aidatasports.com\/images\/players\/279358.png\" alt=\"Deyson Copete\" onerror=\"this.onerror=null;this.src='https:\/\/soccer.aidatasports.com\/images\/players\/default-player.png';\"><span>Deyson Copete<\/span><\/a><\/div>\n<div class=\"player\"><a href=\"https:\/\/soccer.aidatasports.com\/es\/players\/Juan-Valencia-None\"><img decoding=\"async\" src=\"https:\/\/soccer.aidatasports.com\/images\/players\/None.png\" alt=\"Juan Valencia\" onerror=\"this.onerror=null;this.src='https:\/\/soccer.aidatasports.com\/images\/players\/default-player.png';\"><span>Juan Valencia<\/span><\/a><\/div>\n<\/div>\n<\/div>\n<\/div>\n<\/div>\n<div id=\"wg-api-football-game\"\n                    data-host=\"xxxxx\"\n                    data-key=\"xxxx\"\n                    data-id=\"1392395\"\n                    data-theme=\"\"\n                    data-refresh=\"15\"\n                    data-show-errors=\"false\"\n                    data-show-logos=\"true\"><br \/>\n                    class=\u00bbwg_loader\u00bb>\n                <\/div>\n<div id=\"wg-api-football-standings\"\n                    data-host=\"xxxx\"\n                    data-key=\"ddddd\"\n                    data-league=\"239\"\n                    data-team=\"\"\n                    data-season=\"2025\"\n                    data-theme=\"\"\n                    data-show-errors=\"false\"\n                    data-show-logos=\"true\"\n                    class=\"wg_loader\">\n                <\/div>\n<p>                <script\n                    type=\"module\"\n                    src=\"https:\/\/soccer.aidatasports.com\/wp-content\/customjs\/widgetslocal.js\">\n                <\/script><\/p>\n","protected":false},"excerpt":{"rendered":"<p>Espa\u00f1ol Chico Domina pero No Concreta Ante una Equidad Diezmada Tunja, Colombia &#8211; En un&hellip;<\/p>\n","protected":false},"author":1,"featured_media":101721,"comment_status":"open","ping_status":"open","sticky":false,"template":"","format":"standard","meta":{"content-type":"","_lmt_disableupdate":"","_lmt_disable":"","_league":15837,"_fixture":1392395,"penci_pfeatured_image_ratio":"","penci_single_style":"","footnotes":""},"categories":[15837],"tags":[1148,1150],"class_list":["post-101722","post","type-post","status-publish","format-standard","has-post-thumbnail","hentry","category-matches","tag-chico-colombia-1132","tag-la-equidad-colombia-1134"],"_links":{"self":[{"href":"https:\/\/soccer.aidatasports.com\/es\/wp-json\/wp\/v2\/posts\/101722"}],"collection":[{"href":"https:\/\/soccer.aidatasports.com\/es\/wp-json\/wp\/v2\/posts"}],"about":[{"href":"https:\/\/soccer.aidatasports.com\/es\/wp-json\/wp\/v2\/types\/post"}],"author":[{"embeddable":true,"href":"https:\/\/soccer.aidatasports.com\/es\/wp-json\/wp\/v2\/users\/1"}],"replies":[{"embeddable":true,"href":"https:\/\/soccer.aidatasports.com\/es\/wp-json\/wp\/v2\/comments?post=101722"}],"version-history":[{"count":0,"href":"https:\/\/soccer.aidatasports.com\/es\/wp-json\/wp\/v2\/posts\/101722\/revisions"}],"wp:featuredmedia":[{"embeddable":true,"href":"https:\/\/soccer.aidatasports.com\/es\/wp-json\/wp\/v2\/media\/101721"}],"wp:attachment":[{"href":"https:\/\/soccer.aidatasports.com\/es\/wp-json\/wp\/v2\/media?parent=101722"}],"wp:term":[{"taxonomy":"category","embeddable":true,"href":"https:\/\/soccer.aidatasports.com\/es\/wp-json\/wp\/v2\/categories?post=101722"},{"taxonomy":"post_tag","embeddable":true,"href":"https:\/\/soccer.aidatasports.com\/es\/wp-json\/wp\/v2\/tags?post=101722"}],"curies":[{"name":"wp","href":"https:\/\/api.w.org\/{rel}","templated":true}]}}